{"id":909,"count":0,"description":"Nous sommes actuellement en train de regarder les candidatures pour nos nouveaux enfants accueillis et recherchons encore des familles aimantes qui souhaiteraient leur offrir un foyer temporaire. Jetez donc un \u0153il pour voir si l'un des profils pourrait correspondre \u00e0 vous et votre famille ! Si vous \u00eates int\u00e9ress\u00e9\u00b7e, n'h\u00e9sitez pas \u00e0 nous contacter !","link":"https:\/\/www.afs.ch\/fr\/category\/hiver-2026\/","name":"Hiver 2026","slug":"hiver-2026","taxonomy":"category","parent":0,"meta":[],"yoast_head":"<!-- This site is optimized with the Yoast SEO plugin v26.6 - https:\/\/yoast.com\/wordpress\/plugins\/seo\/ -->\n<title>Hiver 2026 Archives - Intercultural Programs<\/title>\n<meta name=\"robots\" content=\"index, follow, max-snippet:-1, max-image-preview:large, max-video-preview:-1\" \/>\n<link rel=\"canonical\" href=\"https:\/\/www.afs.ch\/fr\/category\/hiver-2026\/\" \/>\n<meta property=\"og:locale\" content=\"fr_FR\" \/>\n<meta property=\"og:type\" content=\"article\" \/>\n<meta property=\"og:title\" content=\"Hiver 2026 Archives - Intercultural Programs\" \/>\n<meta property=\"og:description\" content=\"Nous sommes actuellement en train de regarder les candidatures pour nos nouveaux enfants accueillis et recherchons encore des familles aimantes qui souhaiteraient leur offrir un foyer temporaire. Jetez donc un \u0153il pour voir si l&rsquo;un des profils pourrait correspondre \u00e0 vous et votre famille ! Si vous \u00eates int\u00e9ress\u00e9\u00b7e, n&rsquo;h\u00e9sitez pas \u00e0 nous contacter !\" \/>\n<meta property=\"og:url\" content=\"https:\/\/www.afs.ch\/fr\/category\/hiver-2026\/\" \/>\n<meta property=\"og:site_name\" content=\"Intercultural Programs\" \/>\n<meta name=\"twitter:card\" content=\"summary_large_image\" \/>\n<meta name=\"twitter:site\" content=\"@afs_ch\" \/>\n<script type=\"application\/ld+json\" class=\"yoast-schema-graph\">{\"@context\":\"https:\/\/schema.org\",\"@graph\":[{\"@type\":\"CollectionPage\",\"@id\":\"https:\/\/www.afs.ch\/fr\/category\/hiver-2026\/\",\"url\":\"https:\/\/www.afs.ch\/fr\/category\/hiver-2026\/\",\"name\":\"Hiver 2026 Archives - Intercultural Programs\",\"isPartOf\":{\"@id\":\"https:\/\/www.afs.ch\/fr\/#website\"},\"breadcrumb\":{\"@id\":\"https:\/\/www.afs.ch\/fr\/category\/hiver-2026\/#breadcrumb\"},\"inLanguage\":\"fr-FR\"},{\"@type\":\"BreadcrumbList\",\"@id\":\"https:\/\/www.afs.ch\/fr\/category\/hiver-2026\/#breadcrumb\",\"itemListElement\":[{\"@type\":\"ListItem\",\"position\":1,\"name\":\"Home\",\"item\":\"https:\/\/switzerland.afssite.afs.org\/fr\/\"},{\"@type\":\"ListItem\",\"position\":2,\"name\":\"Hiver 2026\"}]},{\"@type\":\"WebSite\",\"@id\":\"https:\/\/www.afs.ch\/fr\/#website\",\"url\":\"https:\/\/www.afs.ch\/fr\/\",\"name\":\"Interkulturelle Programme\",\"description\":\"Switzerland\",\"potentialAction\":[{\"@type\":\"SearchAction\",\"target\":{\"@type\":\"EntryPoint\",\"urlTemplate\":\"https:\/\/www.afs.ch\/fr\/?s={search_term_string}\"},\"query-input\":{\"@type\":\"PropertyValueSpecification\",\"valueRequired\":true,\"valueName\":\"search_term_string\"}}],\"inLanguage\":\"fr-FR\"}]}<\/script>\n<!-- \/ Yoast SEO plugin. -->","yoast_head_json":{"title":"Hiver 2026 Archives - Intercultural Programs","robots":{"index":"index","follow":"follow","max-snippet":"max-snippet:-1","max-image-preview":"max-image-preview:large","max-video-preview":"max-video-preview:-1"},"canonical":"https:\/\/www.afs.ch\/fr\/category\/hiver-2026\/","og_locale":"fr_FR","og_type":"article","og_title":"Hiver 2026 Archives - Intercultural Programs","og_description":"Nous sommes actuellement en train de regarder les candidatures pour nos nouveaux enfants accueillis et recherchons encore des familles aimantes qui souhaiteraient leur offrir un foyer temporaire. Jetez donc un \u0153il pour voir si l&rsquo;un des profils pourrait correspondre \u00e0 vous et votre famille ! Si vous \u00eates int\u00e9ress\u00e9\u00b7e, n&rsquo;h\u00e9sitez pas \u00e0 nous contacter !","og_url":"https:\/\/www.afs.ch\/fr\/category\/hiver-2026\/","og_site_name":"Intercultural Programs","twitter_card":"summary_large_image","twitter_site":"@afs_ch","schema":{"@context":"https:\/\/schema.org","@graph":[{"@type":"CollectionPage","@id":"https:\/\/www.afs.ch\/fr\/category\/hiver-2026\/","url":"https:\/\/www.afs.ch\/fr\/category\/hiver-2026\/","name":"Hiver 2026 Archives - Intercultural Programs","isPartOf":{"@id":"https:\/\/www.afs.ch\/fr\/#website"},"breadcrumb":{"@id":"https:\/\/www.afs.ch\/fr\/category\/hiver-2026\/#breadcrumb"},"inLanguage":"fr-FR"},{"@type":"BreadcrumbList","@id":"https:\/\/www.afs.ch\/fr\/category\/hiver-2026\/#breadcrumb","itemListElement":[{"@type":"ListItem","position":1,"name":"Home","item":"https:\/\/switzerland.afssite.afs.org\/fr\/"},{"@type":"ListItem","position":2,"name":"Hiver 2026"}]},{"@type":"WebSite","@id":"https:\/\/www.afs.ch\/fr\/#website","url":"https:\/\/www.afs.ch\/fr\/","name":"Interkulturelle Programme","description":"Switzerland","potentialAction":[{"@type":"SearchAction","target":{"@type":"EntryPoint","urlTemplate":"https:\/\/www.afs.ch\/fr\/?s={search_term_string}"},"query-input":{"@type":"PropertyValueSpecification","valueRequired":true,"valueName":"search_term_string"}}],"inLanguage":"fr-FR"}]}},"_links":{"self":[{"href":"https:\/\/www.afs.ch\/fr\/wp-json\/wp\/v2\/categories\/909","targetHints":{"allow":["GET"]}}],"collection":[{"href":"https:\/\/www.afs.ch\/fr\/wp-json\/wp\/v2\/categories"}],"about":[{"href":"https:\/\/www.afs.ch\/fr\/wp-json\/wp\/v2\/taxonomies\/category"}],"wp:post_type":[{"href":"https:\/\/www.afs.ch\/fr\/wp-json\/wp\/v2\/posts?categories=909"}],"curies":[{"name":"wp","href":"https:\/\/api.w.org\/{rel}","templated":true}]}}