{"id":22932,"date":"2018-02-16T11:00:22","date_gmt":"2018-02-16T10:00:22","guid":{"rendered":"http:\/\/switzerland.afssite.afs.org\/fr\/?p=22932"},"modified":"2020-04-26T14:12:38","modified_gmt":"2020-04-26T13:12:38","slug":"bienvenue-sur-le-blog-afs","status":"publish","type":"post","link":"https:\/\/www.afs.ch\/fr\/afs-blog-fr\/bienvenue-sur-le-blog-afs\/","title":{"rendered":"Bienvenue sur le blog AFS"},"content":{"rendered":"<p><figure class=\"wp-image-wrap\"><img loading=\"lazy\" decoding=\"async\" class=\"alignnone size-large wp-image-22927\" src=\"https:\/\/d22dvihj4pfop3.cloudfront.net\/wp-content\/uploads\/sites\/71\/2018\/02\/15170834\/AFS_Blog_Bubbles.jpg\" alt=\"\" width=\"1024\" height=\"195\" \/><\/figure><\/p>\n<p>Nous avons le plaisir de vous livrer le tout premier article de notre nouveau blog AFS Suisse! Et oui, si m\u00eame Choupette, le chat de Karl Lagerfeld a son blog et ses post quotidiens au sujet de ses g\u00e2teaux d&rsquo;anniversaire aux crevettes, sa nouvelle coiffure de moustaches, sa derni\u00e8re manucure de griffes, il \u00e9tait grand temps qu\u2019on se mette \u00e0 la page.?<\/p>\n<p>Ici, on ne vous parlera pas de solution miracle pour devenir riche en trois minutes ni comment vous confectionner votre propre costume hot-dog pour Carnaval, \u00e7a on le laisse aux beaux-parleurs et adeptes du DIY. Non, nous, par contre, on s\u2019engage \u00e0 vous faire voyager! Voyager \u00e0 travers les yeux de nos \u00e9tudiants en programme d\u2019\u00e9change en Suisse et aux quatre coins du monde, d\u00e9couvrir les attraits insolites de nos diverses destinations, explorer les coulisses de l\u2019organisation AFS, cr\u00e9\u00e9e par des b\u00e9n\u00e9voles qui aujourd\u2019hui encore sont au c\u0153ur de notre r\u00e9seau, et partager trucs et astuces. Bref, \u00e0 embarquer ensemble pour un magnifique voyage interculturel. De l\u2019authenticit\u00e9 pure en collaboration avec les b\u00e9n\u00e9voles, les participants, les familles d\u2019accueil et le staff du bureau AFS Suisse. Et vous dans tout \u00e7a? Clairement, vous avez un r\u00f4le \u00e0 jouer en nous proposant des id\u00e9es de contenu que vous souhaiteriez voir publier sur ce blog! Si avec tout \u00e7a, vous n\u2019y devenez pas plus accro qu\u2019\u00e0 Game of Thrones, on ne comprend plus rien\u2026<\/p>\n<p>Et comme une bonne nouvelle n\u2019arrive jamais seule, la sortie de ce blog co\u00efncide avec le lancement d\u2019un nouveau programme scolaire en Angleterre et en \u00c9cosse. Pour marquer le coup, AFS Suisse se met aux couleurs du pays de l\u2019Union Jack! British food, British humour, British accent, stay tuned for more British culture related articles!<\/p>\n","protected":false},"excerpt":{"rendered":"<p>Nous avons le plaisir de vous livrer le tout premier article de notre nouveau blog AFS Suisse! Et oui, si&hellip;<\/p>\n","protected":false},"author":239,"featured_media":22918,"comment_status":"open","ping_status":"open","sticky":false,"template":"","format":"standard","meta":{"footnotes":""},"categories":[743],"tags":[744],"class_list":["post-22932","post","type-post","status-publish","format-standard","has-post-thumbnail","hentry","category-afs-blog-fr","tag-afs-blog"],"yoast_head":"<!-- This site is optimized with the Yoast SEO plugin v26.6 - https:\/\/yoast.com\/wordpress\/plugins\/seo\/ -->\n<title>Bienvenue sur le blog AFS - Intercultural Programs<\/title>\n<meta name=\"robots\" content=\"index, follow, max-snippet:-1, max-image-preview:large, max-video-preview:-1\" \/>\n<link rel=\"canonical\" href=\"https:\/\/www.afs.ch\/fr\/afs-blog-fr\/bienvenue-sur-le-blog-afs\/\" \/>\n<meta property=\"og:locale\" content=\"fr_FR\" \/>\n<meta property=\"og:type\" content=\"article\" \/>\n<meta property=\"og:title\" content=\"Bienvenue sur le blog AFS - Intercultural Programs\" \/>\n<meta property=\"og:description\" content=\"Nous avons le plaisir de vous livrer le tout premier article de notre nouveau blog AFS Suisse! Et oui, si&hellip;\" \/>\n<meta property=\"og:url\" content=\"https:\/\/www.afs.ch\/fr\/afs-blog-fr\/bienvenue-sur-le-blog-afs\/\" \/>\n<meta property=\"og:site_name\" content=\"Intercultural Programs\" \/>\n<meta property=\"article:publisher\" content=\"https:\/\/www.facebook.com\/afsswitzerland\/\" \/>\n<meta property=\"article:published_time\" content=\"2018-02-16T10:00:22+00:00\" \/>\n<meta property=\"article:modified_time\" content=\"2020-04-26T13:12:38+00:00\" \/>\n<meta property=\"og:image\" content=\"https:\/\/d22dvihj4pfop3.cloudfront.net\/wp-content\/uploads\/sites\/71\/2018\/02\/15164238\/fireworks-1200x630.png\" \/>\n\t<meta property=\"og:image:width\" content=\"1200\" \/>\n\t<meta property=\"og:image:height\" content=\"630\" \/>\n\t<meta property=\"og:image:type\" content=\"image\/png\" \/>\n<meta name=\"author\" content=\"marylene\" \/>\n<meta name=\"twitter:card\" content=\"summary_large_image\" \/>\n<meta name=\"twitter:creator\" content=\"@afs_ch\" \/>\n<meta name=\"twitter:site\" content=\"@afs_ch\" \/>\n<meta name=\"twitter:label1\" content=\"Written by\" \/>\n\t<meta name=\"twitter:data1\" content=\"marylene\" \/>\n\t<meta name=\"twitter:label2\" content=\"Est. reading time\" \/>\n\t<meta name=\"twitter:data2\" content=\"2 minutes\" \/>\n<script type=\"application\/ld+json\" class=\"yoast-schema-graph\">{\"@context\":\"https:\/\/schema.org\",\"@graph\":[{\"@type\":\"WebPage\",\"@id\":\"https:\/\/www.afs.ch\/fr\/afs-blog-fr\/bienvenue-sur-le-blog-afs\/\",\"url\":\"https:\/\/www.afs.ch\/fr\/afs-blog-fr\/bienvenue-sur-le-blog-afs\/\",\"name\":\"Bienvenue sur le blog AFS - Intercultural Programs\",\"isPartOf\":{\"@id\":\"https:\/\/www.afs.ch\/fr\/#website\"},\"primaryImageOfPage\":{\"@id\":\"https:\/\/www.afs.ch\/fr\/afs-blog-fr\/bienvenue-sur-le-blog-afs\/#primaryimage\"},\"image\":{\"@id\":\"https:\/\/www.afs.ch\/fr\/afs-blog-fr\/bienvenue-sur-le-blog-afs\/#primaryimage\"},\"thumbnailUrl\":\"https:\/\/d22dvihj4pfop3.cloudfront.net\/wp-content\/uploads\/sites\/71\/2018\/02\/15164238\/fireworks.png\",\"datePublished\":\"2018-02-16T10:00:22+00:00\",\"dateModified\":\"2020-04-26T13:12:38+00:00\",\"author\":{\"@id\":\"https:\/\/www.afs.ch\/fr\/#\/schema\/person\/a611a79cd7e95852b230908aded9484e\"},\"breadcrumb\":{\"@id\":\"https:\/\/www.afs.ch\/fr\/afs-blog-fr\/bienvenue-sur-le-blog-afs\/#breadcrumb\"},\"inLanguage\":\"fr-FR\",\"potentialAction\":[{\"@type\":\"ReadAction\",\"target\":[\"https:\/\/www.afs.ch\/fr\/afs-blog-fr\/bienvenue-sur-le-blog-afs\/\"]}]},{\"@type\":\"ImageObject\",\"inLanguage\":\"fr-FR\",\"@id\":\"https:\/\/www.afs.ch\/fr\/afs-blog-fr\/bienvenue-sur-le-blog-afs\/#primaryimage\",\"url\":\"https:\/\/d22dvihj4pfop3.cloudfront.net\/wp-content\/uploads\/sites\/71\/2018\/02\/15164238\/fireworks.png\",\"contentUrl\":\"https:\/\/d22dvihj4pfop3.cloudfront.net\/wp-content\/uploads\/sites\/71\/2018\/02\/15164238\/fireworks.png\",\"width\":2258,\"height\":2258},{\"@type\":\"BreadcrumbList\",\"@id\":\"https:\/\/www.afs.ch\/fr\/afs-blog-fr\/bienvenue-sur-le-blog-afs\/#breadcrumb\",\"itemListElement\":[{\"@type\":\"ListItem\",\"position\":1,\"name\":\"Home\",\"item\":\"https:\/\/switzerland.afssite.afs.org\/fr\/\"},{\"@type\":\"ListItem\",\"position\":2,\"name\":\"Bienvenue sur le blog AFS\"}]},{\"@type\":\"WebSite\",\"@id\":\"https:\/\/www.afs.ch\/fr\/#website\",\"url\":\"https:\/\/www.afs.ch\/fr\/\",\"name\":\"Interkulturelle Programme\",\"description\":\"Switzerland\",\"potentialAction\":[{\"@type\":\"SearchAction\",\"target\":{\"@type\":\"EntryPoint\",\"urlTemplate\":\"https:\/\/www.afs.ch\/fr\/?s={search_term_string}\"},\"query-input\":{\"@type\":\"PropertyValueSpecification\",\"valueRequired\":true,\"valueName\":\"search_term_string\"}}],\"inLanguage\":\"fr-FR\"},{\"@type\":\"Person\",\"@id\":\"https:\/\/www.afs.ch\/fr\/#\/schema\/person\/a611a79cd7e95852b230908aded9484e\",\"name\":\"marylene\",\"image\":{\"@type\":\"ImageObject\",\"inLanguage\":\"fr-FR\",\"@id\":\"https:\/\/www.afs.ch\/fr\/#\/schema\/person\/image\/\",\"url\":\"https:\/\/secure.gravatar.com\/avatar\/20b14f9dd565c580814cfb257cb053323fc7c7ec262a99a0a3b233369eae767a?s=96&d=mm&r=g\",\"contentUrl\":\"https:\/\/secure.gravatar.com\/avatar\/20b14f9dd565c580814cfb257cb053323fc7c7ec262a99a0a3b233369eae767a?s=96&d=mm&r=g\",\"caption\":\"marylene\"},\"url\":\"https:\/\/www.afs.ch\/fr\/author\/marylene\/\"}]}<\/script>\n<!-- \/ Yoast SEO plugin. -->","yoast_head_json":{"title":"Bienvenue sur le blog AFS - Intercultural Programs","robots":{"index":"index","follow":"follow","max-snippet":"max-snippet:-1","max-image-preview":"max-image-preview:large","max-video-preview":"max-video-preview:-1"},"canonical":"https:\/\/www.afs.ch\/fr\/afs-blog-fr\/bienvenue-sur-le-blog-afs\/","og_locale":"fr_FR","og_type":"article","og_title":"Bienvenue sur le blog AFS - Intercultural Programs","og_description":"Nous avons le plaisir de vous livrer le tout premier article de notre nouveau blog AFS Suisse! Et oui, si&hellip;","og_url":"https:\/\/www.afs.ch\/fr\/afs-blog-fr\/bienvenue-sur-le-blog-afs\/","og_site_name":"Intercultural Programs","article_publisher":"https:\/\/www.facebook.com\/afsswitzerland\/","article_published_time":"2018-02-16T10:00:22+00:00","article_modified_time":"2020-04-26T13:12:38+00:00","og_image":[{"width":1200,"height":630,"url":"https:\/\/d22dvihj4pfop3.cloudfront.net\/wp-content\/uploads\/sites\/71\/2018\/02\/15164238\/fireworks-1200x630.png","type":"image\/png"}],"author":"marylene","twitter_card":"summary_large_image","twitter_creator":"@afs_ch","twitter_site":"@afs_ch","twitter_misc":{"Written by":"marylene","Est. reading time":"2 minutes"},"schema":{"@context":"https:\/\/schema.org","@graph":[{"@type":"WebPage","@id":"https:\/\/www.afs.ch\/fr\/afs-blog-fr\/bienvenue-sur-le-blog-afs\/","url":"https:\/\/www.afs.ch\/fr\/afs-blog-fr\/bienvenue-sur-le-blog-afs\/","name":"Bienvenue sur le blog AFS - Intercultural Programs","isPartOf":{"@id":"https:\/\/www.afs.ch\/fr\/#website"},"primaryImageOfPage":{"@id":"https:\/\/www.afs.ch\/fr\/afs-blog-fr\/bienvenue-sur-le-blog-afs\/#primaryimage"},"image":{"@id":"https:\/\/www.afs.ch\/fr\/afs-blog-fr\/bienvenue-sur-le-blog-afs\/#primaryimage"},"thumbnailUrl":"https:\/\/d22dvihj4pfop3.cloudfront.net\/wp-content\/uploads\/sites\/71\/2018\/02\/15164238\/fireworks.png","datePublished":"2018-02-16T10:00:22+00:00","dateModified":"2020-04-26T13:12:38+00:00","author":{"@id":"https:\/\/www.afs.ch\/fr\/#\/schema\/person\/a611a79cd7e95852b230908aded9484e"},"breadcrumb":{"@id":"https:\/\/www.afs.ch\/fr\/afs-blog-fr\/bienvenue-sur-le-blog-afs\/#breadcrumb"},"inLanguage":"fr-FR","potentialAction":[{"@type":"ReadAction","target":["https:\/\/www.afs.ch\/fr\/afs-blog-fr\/bienvenue-sur-le-blog-afs\/"]}]},{"@type":"ImageObject","inLanguage":"fr-FR","@id":"https:\/\/www.afs.ch\/fr\/afs-blog-fr\/bienvenue-sur-le-blog-afs\/#primaryimage","url":"https:\/\/d22dvihj4pfop3.cloudfront.net\/wp-content\/uploads\/sites\/71\/2018\/02\/15164238\/fireworks.png","contentUrl":"https:\/\/d22dvihj4pfop3.cloudfront.net\/wp-content\/uploads\/sites\/71\/2018\/02\/15164238\/fireworks.png","width":2258,"height":2258},{"@type":"BreadcrumbList","@id":"https:\/\/www.afs.ch\/fr\/afs-blog-fr\/bienvenue-sur-le-blog-afs\/#breadcrumb","itemListElement":[{"@type":"ListItem","position":1,"name":"Home","item":"https:\/\/switzerland.afssite.afs.org\/fr\/"},{"@type":"ListItem","position":2,"name":"Bienvenue sur le blog AFS"}]},{"@type":"WebSite","@id":"https:\/\/www.afs.ch\/fr\/#website","url":"https:\/\/www.afs.ch\/fr\/","name":"Interkulturelle Programme","description":"Switzerland","potentialAction":[{"@type":"SearchAction","target":{"@type":"EntryPoint","urlTemplate":"https:\/\/www.afs.ch\/fr\/?s={search_term_string}"},"query-input":{"@type":"PropertyValueSpecification","valueRequired":true,"valueName":"search_term_string"}}],"inLanguage":"fr-FR"},{"@type":"Person","@id":"https:\/\/www.afs.ch\/fr\/#\/schema\/person\/a611a79cd7e95852b230908aded9484e","name":"marylene","image":{"@type":"ImageObject","inLanguage":"fr-FR","@id":"https:\/\/www.afs.ch\/fr\/#\/schema\/person\/image\/","url":"https:\/\/secure.gravatar.com\/avatar\/20b14f9dd565c580814cfb257cb053323fc7c7ec262a99a0a3b233369eae767a?s=96&d=mm&r=g","contentUrl":"https:\/\/secure.gravatar.com\/avatar\/20b14f9dd565c580814cfb257cb053323fc7c7ec262a99a0a3b233369eae767a?s=96&d=mm&r=g","caption":"marylene"},"url":"https:\/\/www.afs.ch\/fr\/author\/marylene\/"}]}},"_links":{"self":[{"href":"https:\/\/www.afs.ch\/fr\/wp-json\/wp\/v2\/posts\/22932","targetHints":{"allow":["GET"]}}],"collection":[{"href":"https:\/\/www.afs.ch\/fr\/wp-json\/wp\/v2\/posts"}],"about":[{"href":"https:\/\/www.afs.ch\/fr\/wp-json\/wp\/v2\/types\/post"}],"author":[{"embeddable":true,"href":"https:\/\/www.afs.ch\/fr\/wp-json\/wp\/v2\/users\/239"}],"replies":[{"embeddable":true,"href":"https:\/\/www.afs.ch\/fr\/wp-json\/wp\/v2\/comments?post=22932"}],"version-history":[{"count":4,"href":"https:\/\/www.afs.ch\/fr\/wp-json\/wp\/v2\/posts\/22932\/revisions"}],"predecessor-version":[{"id":42973,"href":"https:\/\/www.afs.ch\/fr\/wp-json\/wp\/v2\/posts\/22932\/revisions\/42973"}],"wp:featuredmedia":[{"embeddable":true,"href":"https:\/\/www.afs.ch\/fr\/wp-json\/wp\/v2\/media\/22918"}],"wp:attachment":[{"href":"https:\/\/www.afs.ch\/fr\/wp-json\/wp\/v2\/media?parent=22932"}],"wp:term":[{"taxonomy":"category","embeddable":true,"href":"https:\/\/www.afs.ch\/fr\/wp-json\/wp\/v2\/categories?post=22932"},{"taxonomy":"post_tag","embeddable":true,"href":"https:\/\/www.afs.ch\/fr\/wp-json\/wp\/v2\/tags?post=22932"}],"curies":[{"name":"wp","href":"https:\/\/api.w.org\/{rel}","templated":true}]}}