{"id":23871,"date":"2018-03-18T20:14:08","date_gmt":"2018-03-18T19:14:08","guid":{"rendered":"http:\/\/switzerland.afssite.afs.org\/fr\/?p=23871"},"modified":"2020-04-26T14:11:29","modified_gmt":"2020-04-26T13:11:29","slug":"top-5-des-choses-a-faire-pendant-ton-sejour-en-suisse","status":"publish","type":"post","link":"https:\/\/www.afs.ch\/fr\/afs-blog-fr\/top-5-des-choses-a-faire-pendant-ton-sejour-en-suisse\/","title":{"rendered":"Top 5 des choses \u00e0 faire pendant ton s\u00e9jour en Suisse"},"content":{"rendered":"<p><strong>Partir en balade ou en randonn\u00e9e<\/strong><\/p>\n<p><figure class=\"wp-image-wrap\"><img loading=\"lazy\" decoding=\"async\" class=\"aligncenter wp-image-23870 size-medium\" src=\"https:\/\/d22dvihj4pfop3.cloudfront.net\/wp-content\/uploads\/sites\/71\/2018\/03\/18185418\/Wandern.jpg\" alt=\"\" width=\"650\" height=\"433\" \/><\/figure><\/p>\n<p>La Suisse est l\u2019endroit r\u00eav\u00e9 pour se balader ! En effet, bien que les Alpes s&rsquo;\u00e9tendent en r\u00e9alit\u00e9 au-del\u00e0 de la fronti\u00e8re suisse, elles sont souvent assimil\u00e9es \u00e0 notre belle contr\u00e9e et nous offrent des paysages \u00e0 couper le souffle. Que tu sois d\u00e9butant ou randonneur confirm\u00e9, tu trouveras chaussure \u00e0 ton pied: en Suisse, les parcours sont nombreux et adapt\u00e9s \u00e0 tous les niveaux. Alors, qu\u2019est-ce que tu attends pour enfiler tes bottes et prendre un sac \u00e0 dos, sans oublier ton appareil photo?<\/p>\n<p><strong>Visiter les grottes souterraines <\/strong><\/p>\n<figure id=\"attachment_23879\" aria-describedby=\"caption-attachment-23879\" style=\"width: 512px\" class=\"wp-caption aligncenter\"><a title=\"Micha L. Rieser [Attribution], via Wikimedia Commons\" href=\"https:\/\/commons.wikimedia.org\/wiki\/File%3AVallorbe_Grottos_3.jpg\"><img decoding=\"async\" class=\"aligncenter\" src=\"https:\/\/upload.wikimedia.org\/wikipedia\/commons\/thumb\/3\/37\/Vallorbe_Grottos_3.jpg\/512px-Vallorbe_Grottos_3.jpg\" alt=\"Vallorbe Grottos 3\" width=\"512\" \/><\/a><figcaption id=\"caption-attachment-23879\" class=\"wp-caption-text\">Micha L. Rieser, via Wikimedia Commons<\/figcaption><\/figure>\n<p>Bien en dessous des montagnes et des for\u00eats, la Suisse nous r\u00e9serve aussi quelques surprises. Savais-tu que, jadis, des f\u00e9es vivaient dans les grottes de stalactites de Vallorbe? Sans oublier le dragon des grottes de Saint-Beat et le diable des grottes de l\u2019enfer \u00e0 Baar ! Tu l\u2019auras compris: les plus courageux seront ceux qui se laisseront surprendre par le monde souterrain et f\u00e9erique de la Suisse.<\/p>\n<p><strong>Se baigner dans le lac<\/strong><\/p>\n<p><figure class=\"wp-image-wrap\"><img loading=\"lazy\" decoding=\"async\" class=\"aligncenter wp-image-23872 size-medium\" src=\"https:\/\/d22dvihj4pfop3.cloudfront.net\/wp-content\/uploads\/sites\/71\/2018\/03\/18185757\/See_Flims.jpg\" alt=\"\" width=\"650\" height=\"433\" \/><\/figure><\/p>\n<p>Y a pas l\u2019feu au lac!\u00bb : comme le sugg\u00e8re si bien cette expression suisse que tu as certainement d\u00e9j\u00e0 entendue, n\u2019oublie pas de prendre ton temps pour vivre de bons moments au bord du lac. La Suisse compte environ 1\u2019500 lacs, dont la plupart sont des vestiges d&rsquo;anciens glaciers. En \u00e9t\u00e9, il est coutume d\u2019\u00e9taler son linge sur la plage avec ses amis, de se rafra\u00eechir, de nager, de pique-niquer et de se d\u00e9tendre. Certains m\u00eame parcourent l\u2019Aare ou la Limmat sur un bateau gonflable!<\/p>\n<p><strong>Participer aux \u00e9v\u00e9nements (inter)culturels<\/strong><\/p>\n<p><figure class=\"wp-image-wrap\"><img loading=\"lazy\" decoding=\"async\" class=\"wp-image-23879 size-medium aligncenter\" src=\"https:\/\/d22dvihj4pfop3.cloudfront.net\/wp-content\/uploads\/sites\/71\/2018\/03\/18191700\/Schwingfest.jpg\" alt=\"\" width=\"650\" height=\"433\" \/><\/figure><\/p>\n<p>Bien que la Suisse soit un petit pays, les f\u00eates et \u00e9v\u00e9nements culturels ne manquent pas: rien de mieux pour d\u00e9couvrir la culture suisse dans toute sa splendeur! F\u00eate f\u00e9d\u00e9rale de lutte suisse, carnaval, braderie et f\u00eate communale, festival du film ou de street food\u2026 Il y en a pour tous les go\u00fbts. Un conseil: renseigne-toi sur internet ou aupr\u00e8s de tes parents d\u2019accueil et r\u00e9serve les dates des \u00e9v\u00e9nements \u00e0 ne pas manquer durant ton s\u00e9jour.<\/p>\n<p><strong>D\u00e9couvrir bien plus encore<\/strong><\/p>\n<p><figure class=\"wp-image-wrap\"><img loading=\"lazy\" decoding=\"async\" class=\"aligncenter size-medium wp-image-23882\" src=\"https:\/\/d22dvihj4pfop3.cloudfront.net\/wp-content\/uploads\/sites\/71\/2018\/03\/18192128\/CERN.jpg\" alt=\"\" width=\"650\" height=\"366\" \/><\/figure><\/p>\n<p>Tu as certainement d\u00e9j\u00e0 entendu parler du CERN, laboratoire mondialement connu pour son acc\u00e9l\u00e9rateur de particules qui vaut la peine de visiter. Par ailleurs, si tu pr\u00e9f\u00e8res le chocolat \u00e0 la science, tu peux satisfaire ta gourmandise en te rendant \u00e0 la Maison Cailler, \u00e0 Broc. Savais-tu que la chocolaterie Cailler (fond\u00e9e en 1825) existait avant m\u00eame que le CERN fut ouvert en 1954?<\/p>\n","protected":false},"excerpt":{"rendered":"<p>Partir en balade ou en randonn\u00e9e La Suisse est l\u2019endroit r\u00eav\u00e9 pour se balader ! En effet, bien que les&hellip;<\/p>\n","protected":false},"author":239,"featured_media":23873,"comment_status":"closed","ping_status":"open","sticky":false,"template":"","format":"standard","meta":{"footnotes":""},"categories":[743],"tags":[744],"class_list":["post-23871","post","type-post","status-publish","format-standard","has-post-thumbnail","hentry","category-afs-blog-fr","tag-afs-blog"],"yoast_head":"<!-- This site is optimized with the Yoast SEO plugin v26.6 - https:\/\/yoast.com\/wordpress\/plugins\/seo\/ -->\n<title>Top 5 des choses \u00e0 faire pendant ton s\u00e9jour en Suisse - Intercultural Programs<\/title>\n<meta name=\"robots\" content=\"index, follow, max-snippet:-1, max-image-preview:large, max-video-preview:-1\" \/>\n<link rel=\"canonical\" href=\"https:\/\/www.afs.ch\/fr\/afs-blog-fr\/top-5-des-choses-a-faire-pendant-ton-sejour-en-suisse\/\" \/>\n<meta property=\"og:locale\" content=\"fr_FR\" \/>\n<meta property=\"og:type\" content=\"article\" \/>\n<meta property=\"og:title\" content=\"Top 5 des choses \u00e0 faire pendant ton s\u00e9jour en Suisse - Intercultural Programs\" \/>\n<meta property=\"og:description\" content=\"Partir en balade ou en randonn\u00e9e La Suisse est l\u2019endroit r\u00eav\u00e9 pour se balader ! En effet, bien que les&hellip;\" \/>\n<meta property=\"og:url\" content=\"https:\/\/www.afs.ch\/fr\/afs-blog-fr\/top-5-des-choses-a-faire-pendant-ton-sejour-en-suisse\/\" \/>\n<meta property=\"og:site_name\" content=\"Intercultural Programs\" \/>\n<meta property=\"article:publisher\" content=\"https:\/\/www.facebook.com\/afsswitzerland\/\" \/>\n<meta property=\"article:published_time\" content=\"2018-03-18T19:14:08+00:00\" \/>\n<meta property=\"article:modified_time\" content=\"2020-04-26T13:11:29+00:00\" \/>\n<meta property=\"og:image\" content=\"https:\/\/d22dvihj4pfop3.cloudfront.net\/wp-content\/uploads\/sites\/71\/2018\/03\/18190532\/Matterhorn_Background-1200x630.jpg\" \/>\n\t<meta property=\"og:image:width\" content=\"1200\" \/>\n\t<meta property=\"og:image:height\" content=\"630\" \/>\n\t<meta property=\"og:image:type\" content=\"image\/jpeg\" \/>\n<meta name=\"author\" content=\"marylene\" \/>\n<meta name=\"twitter:card\" content=\"summary_large_image\" \/>\n<meta name=\"twitter:creator\" content=\"@afs_ch\" \/>\n<meta name=\"twitter:site\" content=\"@afs_ch\" \/>\n<meta name=\"twitter:label1\" content=\"Written by\" \/>\n\t<meta name=\"twitter:data1\" content=\"marylene\" \/>\n\t<meta name=\"twitter:label2\" content=\"Est. reading time\" \/>\n\t<meta name=\"twitter:data2\" content=\"4 minutes\" \/>\n<script type=\"application\/ld+json\" class=\"yoast-schema-graph\">{\"@context\":\"https:\/\/schema.org\",\"@graph\":[{\"@type\":\"WebPage\",\"@id\":\"https:\/\/www.afs.ch\/fr\/afs-blog-fr\/top-5-des-choses-a-faire-pendant-ton-sejour-en-suisse\/\",\"url\":\"https:\/\/www.afs.ch\/fr\/afs-blog-fr\/top-5-des-choses-a-faire-pendant-ton-sejour-en-suisse\/\",\"name\":\"Top 5 des choses \u00e0 faire pendant ton s\u00e9jour en Suisse - Intercultural Programs\",\"isPartOf\":{\"@id\":\"https:\/\/www.afs.ch\/fr\/#website\"},\"primaryImageOfPage\":{\"@id\":\"https:\/\/www.afs.ch\/fr\/afs-blog-fr\/top-5-des-choses-a-faire-pendant-ton-sejour-en-suisse\/#primaryimage\"},\"image\":{\"@id\":\"https:\/\/www.afs.ch\/fr\/afs-blog-fr\/top-5-des-choses-a-faire-pendant-ton-sejour-en-suisse\/#primaryimage\"},\"thumbnailUrl\":\"https:\/\/d22dvihj4pfop3.cloudfront.net\/wp-content\/uploads\/sites\/71\/2018\/03\/18190532\/Matterhorn_Background.jpg\",\"datePublished\":\"2018-03-18T19:14:08+00:00\",\"dateModified\":\"2020-04-26T13:11:29+00:00\",\"author\":{\"@id\":\"https:\/\/www.afs.ch\/fr\/#\/schema\/person\/a611a79cd7e95852b230908aded9484e\"},\"breadcrumb\":{\"@id\":\"https:\/\/www.afs.ch\/fr\/afs-blog-fr\/top-5-des-choses-a-faire-pendant-ton-sejour-en-suisse\/#breadcrumb\"},\"inLanguage\":\"fr-FR\",\"potentialAction\":[{\"@type\":\"ReadAction\",\"target\":[\"https:\/\/www.afs.ch\/fr\/afs-blog-fr\/top-5-des-choses-a-faire-pendant-ton-sejour-en-suisse\/\"]}]},{\"@type\":\"ImageObject\",\"inLanguage\":\"fr-FR\",\"@id\":\"https:\/\/www.afs.ch\/fr\/afs-blog-fr\/top-5-des-choses-a-faire-pendant-ton-sejour-en-suisse\/#primaryimage\",\"url\":\"https:\/\/d22dvihj4pfop3.cloudfront.net\/wp-content\/uploads\/sites\/71\/2018\/03\/18190532\/Matterhorn_Background.jpg\",\"contentUrl\":\"https:\/\/d22dvihj4pfop3.cloudfront.net\/wp-content\/uploads\/sites\/71\/2018\/03\/18190532\/Matterhorn_Background.jpg\",\"width\":1920,\"height\":1276},{\"@type\":\"BreadcrumbList\",\"@id\":\"https:\/\/www.afs.ch\/fr\/afs-blog-fr\/top-5-des-choses-a-faire-pendant-ton-sejour-en-suisse\/#breadcrumb\",\"itemListElement\":[{\"@type\":\"ListItem\",\"position\":1,\"name\":\"Home\",\"item\":\"https:\/\/switzerland.afssite.afs.org\/fr\/\"},{\"@type\":\"ListItem\",\"position\":2,\"name\":\"Top 5 des choses \u00e0 faire pendant ton s\u00e9jour en Suisse\"}]},{\"@type\":\"WebSite\",\"@id\":\"https:\/\/www.afs.ch\/fr\/#website\",\"url\":\"https:\/\/www.afs.ch\/fr\/\",\"name\":\"Interkulturelle Programme\",\"description\":\"Switzerland\",\"potentialAction\":[{\"@type\":\"SearchAction\",\"target\":{\"@type\":\"EntryPoint\",\"urlTemplate\":\"https:\/\/www.afs.ch\/fr\/?s={search_term_string}\"},\"query-input\":{\"@type\":\"PropertyValueSpecification\",\"valueRequired\":true,\"valueName\":\"search_term_string\"}}],\"inLanguage\":\"fr-FR\"},{\"@type\":\"Person\",\"@id\":\"https:\/\/www.afs.ch\/fr\/#\/schema\/person\/a611a79cd7e95852b230908aded9484e\",\"name\":\"marylene\",\"image\":{\"@type\":\"ImageObject\",\"inLanguage\":\"fr-FR\",\"@id\":\"https:\/\/www.afs.ch\/fr\/#\/schema\/person\/image\/\",\"url\":\"https:\/\/secure.gravatar.com\/avatar\/20b14f9dd565c580814cfb257cb053323fc7c7ec262a99a0a3b233369eae767a?s=96&d=mm&r=g\",\"contentUrl\":\"https:\/\/secure.gravatar.com\/avatar\/20b14f9dd565c580814cfb257cb053323fc7c7ec262a99a0a3b233369eae767a?s=96&d=mm&r=g\",\"caption\":\"marylene\"},\"url\":\"https:\/\/www.afs.ch\/fr\/author\/marylene\/\"}]}<\/script>\n<!-- \/ Yoast SEO plugin. -->","yoast_head_json":{"title":"Top 5 des choses \u00e0 faire pendant ton s\u00e9jour en Suisse - Intercultural Programs","robots":{"index":"index","follow":"follow","max-snippet":"max-snippet:-1","max-image-preview":"max-image-preview:large","max-video-preview":"max-video-preview:-1"},"canonical":"https:\/\/www.afs.ch\/fr\/afs-blog-fr\/top-5-des-choses-a-faire-pendant-ton-sejour-en-suisse\/","og_locale":"fr_FR","og_type":"article","og_title":"Top 5 des choses \u00e0 faire pendant ton s\u00e9jour en Suisse - Intercultural Programs","og_description":"Partir en balade ou en randonn\u00e9e La Suisse est l\u2019endroit r\u00eav\u00e9 pour se balader ! En effet, bien que les&hellip;","og_url":"https:\/\/www.afs.ch\/fr\/afs-blog-fr\/top-5-des-choses-a-faire-pendant-ton-sejour-en-suisse\/","og_site_name":"Intercultural Programs","article_publisher":"https:\/\/www.facebook.com\/afsswitzerland\/","article_published_time":"2018-03-18T19:14:08+00:00","article_modified_time":"2020-04-26T13:11:29+00:00","og_image":[{"width":1200,"height":630,"url":"https:\/\/d22dvihj4pfop3.cloudfront.net\/wp-content\/uploads\/sites\/71\/2018\/03\/18190532\/Matterhorn_Background-1200x630.jpg","type":"image\/jpeg"}],"author":"marylene","twitter_card":"summary_large_image","twitter_creator":"@afs_ch","twitter_site":"@afs_ch","twitter_misc":{"Written by":"marylene","Est. reading time":"4 minutes"},"schema":{"@context":"https:\/\/schema.org","@graph":[{"@type":"WebPage","@id":"https:\/\/www.afs.ch\/fr\/afs-blog-fr\/top-5-des-choses-a-faire-pendant-ton-sejour-en-suisse\/","url":"https:\/\/www.afs.ch\/fr\/afs-blog-fr\/top-5-des-choses-a-faire-pendant-ton-sejour-en-suisse\/","name":"Top 5 des choses \u00e0 faire pendant ton s\u00e9jour en Suisse - Intercultural Programs","isPartOf":{"@id":"https:\/\/www.afs.ch\/fr\/#website"},"primaryImageOfPage":{"@id":"https:\/\/www.afs.ch\/fr\/afs-blog-fr\/top-5-des-choses-a-faire-pendant-ton-sejour-en-suisse\/#primaryimage"},"image":{"@id":"https:\/\/www.afs.ch\/fr\/afs-blog-fr\/top-5-des-choses-a-faire-pendant-ton-sejour-en-suisse\/#primaryimage"},"thumbnailUrl":"https:\/\/d22dvihj4pfop3.cloudfront.net\/wp-content\/uploads\/sites\/71\/2018\/03\/18190532\/Matterhorn_Background.jpg","datePublished":"2018-03-18T19:14:08+00:00","dateModified":"2020-04-26T13:11:29+00:00","author":{"@id":"https:\/\/www.afs.ch\/fr\/#\/schema\/person\/a611a79cd7e95852b230908aded9484e"},"breadcrumb":{"@id":"https:\/\/www.afs.ch\/fr\/afs-blog-fr\/top-5-des-choses-a-faire-pendant-ton-sejour-en-suisse\/#breadcrumb"},"inLanguage":"fr-FR","potentialAction":[{"@type":"ReadAction","target":["https:\/\/www.afs.ch\/fr\/afs-blog-fr\/top-5-des-choses-a-faire-pendant-ton-sejour-en-suisse\/"]}]},{"@type":"ImageObject","inLanguage":"fr-FR","@id":"https:\/\/www.afs.ch\/fr\/afs-blog-fr\/top-5-des-choses-a-faire-pendant-ton-sejour-en-suisse\/#primaryimage","url":"https:\/\/d22dvihj4pfop3.cloudfront.net\/wp-content\/uploads\/sites\/71\/2018\/03\/18190532\/Matterhorn_Background.jpg","contentUrl":"https:\/\/d22dvihj4pfop3.cloudfront.net\/wp-content\/uploads\/sites\/71\/2018\/03\/18190532\/Matterhorn_Background.jpg","width":1920,"height":1276},{"@type":"BreadcrumbList","@id":"https:\/\/www.afs.ch\/fr\/afs-blog-fr\/top-5-des-choses-a-faire-pendant-ton-sejour-en-suisse\/#breadcrumb","itemListElement":[{"@type":"ListItem","position":1,"name":"Home","item":"https:\/\/switzerland.afssite.afs.org\/fr\/"},{"@type":"ListItem","position":2,"name":"Top 5 des choses \u00e0 faire pendant ton s\u00e9jour en Suisse"}]},{"@type":"WebSite","@id":"https:\/\/www.afs.ch\/fr\/#website","url":"https:\/\/www.afs.ch\/fr\/","name":"Interkulturelle Programme","description":"Switzerland","potentialAction":[{"@type":"SearchAction","target":{"@type":"EntryPoint","urlTemplate":"https:\/\/www.afs.ch\/fr\/?s={search_term_string}"},"query-input":{"@type":"PropertyValueSpecification","valueRequired":true,"valueName":"search_term_string"}}],"inLanguage":"fr-FR"},{"@type":"Person","@id":"https:\/\/www.afs.ch\/fr\/#\/schema\/person\/a611a79cd7e95852b230908aded9484e","name":"marylene","image":{"@type":"ImageObject","inLanguage":"fr-FR","@id":"https:\/\/www.afs.ch\/fr\/#\/schema\/person\/image\/","url":"https:\/\/secure.gravatar.com\/avatar\/20b14f9dd565c580814cfb257cb053323fc7c7ec262a99a0a3b233369eae767a?s=96&d=mm&r=g","contentUrl":"https:\/\/secure.gravatar.com\/avatar\/20b14f9dd565c580814cfb257cb053323fc7c7ec262a99a0a3b233369eae767a?s=96&d=mm&r=g","caption":"marylene"},"url":"https:\/\/www.afs.ch\/fr\/author\/marylene\/"}]}},"_links":{"self":[{"href":"https:\/\/www.afs.ch\/fr\/wp-json\/wp\/v2\/posts\/23871","targetHints":{"allow":["GET"]}}],"collection":[{"href":"https:\/\/www.afs.ch\/fr\/wp-json\/wp\/v2\/posts"}],"about":[{"href":"https:\/\/www.afs.ch\/fr\/wp-json\/wp\/v2\/types\/post"}],"author":[{"embeddable":true,"href":"https:\/\/www.afs.ch\/fr\/wp-json\/wp\/v2\/users\/239"}],"replies":[{"embeddable":true,"href":"https:\/\/www.afs.ch\/fr\/wp-json\/wp\/v2\/comments?post=23871"}],"version-history":[{"count":13,"href":"https:\/\/www.afs.ch\/fr\/wp-json\/wp\/v2\/posts\/23871\/revisions"}],"predecessor-version":[{"id":60205,"href":"https:\/\/www.afs.ch\/fr\/wp-json\/wp\/v2\/posts\/23871\/revisions\/60205"}],"wp:featuredmedia":[{"embeddable":true,"href":"https:\/\/www.afs.ch\/fr\/wp-json\/wp\/v2\/media\/23873"}],"wp:attachment":[{"href":"https:\/\/www.afs.ch\/fr\/wp-json\/wp\/v2\/media?parent=23871"}],"wp:term":[{"taxonomy":"category","embeddable":true,"href":"https:\/\/www.afs.ch\/fr\/wp-json\/wp\/v2\/categories?post=23871"},{"taxonomy":"post_tag","embeddable":true,"href":"https:\/\/www.afs.ch\/fr\/wp-json\/wp\/v2\/tags?post=23871"}],"curies":[{"name":"wp","href":"https:\/\/api.w.org\/{rel}","templated":true}]}}