{"id":24224,"date":"2018-03-29T15:02:53","date_gmt":"2018-03-29T14:02:53","guid":{"rendered":"http:\/\/switzerland.afssite.afs.org\/fr\/?p=24224"},"modified":"2020-04-26T14:11:42","modified_gmt":"2020-04-26T13:11:42","slug":"8-facons-de-timpliquer-dans-la-vie-de-ta-communaute","status":"publish","type":"post","link":"https:\/\/www.afs.ch\/fr\/afs-blog-fr\/8-facons-de-timpliquer-dans-la-vie-de-ta-communaute\/","title":{"rendered":"8 fa\u00e7ons de t&rsquo;impliquer dans la vie de ta communaut\u00e9"},"content":{"rendered":"<p>Il existe en Suisse de nombreux projets et organisations qui tentent de rendre la vie quotidienne plus facile et plus agr\u00e9able. Voici 8 fa\u00e7ons d&rsquo;aider, \u00e0 ton niveau, ta communaut\u00e9 avec de petits gestes tout simples:<\/p>\n<ol>\n<li>Ton armoire d\u00e9borde de v\u00eatements qui ne vont plus ou que tu ne mets plus? Profite de ces quelques jours de vacances pour faire un grand nettoyage de printemps et faire le tri parmi tes habits! Et plut\u00f4t que les jeter, offre-leur une seconde vie en en faisant don \u00e0 des \u0153uvres caritatives; il existe de nombreux points de collecte en Suisse.<\/li>\n<li>Lors de votre promenade quotidienne, M\u00e9dor, ton berger allemand, et toi passez devant un parc ou pr\u00e8s d&rsquo;un espace vert? Consacre 5 minutes de ton temps \u00e0 ramasser les petits d\u00e9chets plastiques ou papiers lorsque tu en vois; cela ne te co\u00fbte (presque) rien et l&rsquo;environnement te remerciera!<br \/>\n<figure class=\"wp-image-wrap\"><img loading=\"lazy\" decoding=\"async\" src=\"https:\/\/d22dvihj4pfop3.cloudfront.net\/wp-content\/uploads\/sites\/71\/2018\/03\/29144346\/Petsammlung.jpg\" alt=\"\" width=\"650\" height=\"534\" class=\"aligncenter size-medium wp-image-24217\" \/><\/figure><\/li>\n<li>Tu croises chaque lundi, en rentrant de l&rsquo;\u00e9cole, Mme Crausaz qui peine \u00e0 monter les escaliers avec ses sacs de courses remplis \u00e0 ras bord? Ou tu entends Mr Jacquier tondre sa pelouse chaque samedi? N&rsquo;h\u00e9site pas \u00e0 leur proposer ton aide! Ils seront tout heureux de l&rsquo;accepter et ce sera l&rsquo;occasion pour toi de nouer de nouveaux liens avec tes voisins!<\/li>\n<li>Tu ne sais plus quoi faire de ces vieux appareils \u00e9lectroniques qui tra\u00eenent dans ta chambre? Baladeurs MP3, radios, s\u00e8che-cheveux, c\u00e2bles, natels endommag\u00e9s, etc, tes tiroirs en d\u00e9bordent\u2026 Pas de panique! En Suisse, tu peux retourner gratuitement les vieux appareils \u00e9lectroniques dans presque tous les magasins pour \u00e9viter qu&rsquo;ils se retrouvent \u00e0 la poubelle. Et puisque tu es lanc\u00e9, profite pour demander \u00e0 tes parents, fr\u00e8res et s\u0153urs ou voisins s&rsquo;ils n&rsquo;ont pas, eux aussi, des objets \u00e0 retourner\u2026 \ud83d\ude42<\/li>\n<li>Tu es le roi ou la reine des p\u00e2tisseries? Confectionne des muffins, des g\u00e2teaux, des brownies ou une quelconque autre recette dont tu as le secret et vends-les \u00e0 la sortie de l&rsquo;\u00e9cole! En plus d&rsquo;\u00eatre l&rsquo;occasion parfaite pour faire d\u00e9couvrir tes talents culinaires, tu pourras faire don de l&rsquo;argent r\u00e9colt\u00e9 \u00e0 une association \u00e0 but non lucratif ou un club de jeunes de ta r\u00e9gion. Toutefois, n&rsquo;oublie pas de demander d&rsquo;abord l&rsquo;autorisation aupr\u00e8s de ton \u00e9tablissement et d&rsquo;afficher une belle pancarte qui indiquera o\u00f9 iront les dons.<br \/>\n<figure class=\"wp-image-wrap\"><img loading=\"lazy\" decoding=\"async\" src=\"https:\/\/d22dvihj4pfop3.cloudfront.net\/wp-content\/uploads\/sites\/71\/2018\/03\/29144408\/Croissant.jpg\" alt=\"\" width=\"650\" height=\"534\" class=\"aligncenter size-medium wp-image-24220\" \/><\/figure><\/li>\n<li>Envie d&rsquo;apprendre une nouvelle langue? Pourquoi pas la langue des signes? File \u00e0 la biblioth\u00e8que chercher un livre sur le sujet et apprends quelques gestes de base. Qui sait, tu auras peut-\u00eatre l&rsquo;occasion de les utiliser tout prochainement et simplifier ainsi la communication!<\/li>\n<li>Faire plaisir spontan\u00e9ment \u00e0 un ami ou un inconnu! Tu te sens d&rsquo;humeur g\u00e9n\u00e9reuse aujourd&rsquo;hui? Paie le caf\u00e9 \u00e0 la personne qui attend dans la file derri\u00e8re toi! Ou tout simplement, pense \u00e0 remercier le chauffeur lorsque tu descends du bus ou \u00e0 appeler ta grand-maman pour avoir de ses nouvelles! Souvent, il suffit de pas grand-chose pour illuminer la journ\u00e9e de quelqu&rsquo;un \ud83d\ude42<\/li>\n<li>Les boules de poil \u00e0 4 pattes sont tes meilleurs amis? Pourquoi ne pas \u00eatre b\u00e9n\u00e9vole dans un refuge de ta r\u00e9gion pendant un mercredi apr\u00e8s-midi ou quelques heures de ton week-end? Caresser des lapins, promener des chiens ou jouer avec des chats et tout \u00e7a pour la bonne cause? Oui, oui, OUI! O\u00f9 est-ce qu&rsquo;on signe?!<br \/>\n<figure class=\"wp-image-wrap\"><img loading=\"lazy\" decoding=\"async\" src=\"https:\/\/d22dvihj4pfop3.cloudfront.net\/wp-content\/uploads\/sites\/71\/2018\/03\/29144354\/Hund.jpg\" alt=\"\" width=\"650\" height=\"534\" class=\"aligncenter size-medium wp-image-24218\" \/><\/figure><\/li>\n<\/ol>\n<p>Tu es plein d&rsquo;inspiration suite \u00e0 cette lecture? Mets ces gestes en pratique et explique-nous comment cela s&rsquo;est pass\u00e9! Dans notre prochain article, nous te montrerons l&rsquo;exemple avec le projet voCHabular qui tend \u00e0 rendre la vie quotidienne des non-germanophones en Suisse plus facile et qui est tout simplement g\u00e9nial! Reste connect\u00e9 \ud83d\ude09<\/p>\n","protected":false},"excerpt":{"rendered":"<p>Il existe en Suisse de nombreux projets et organisations qui tentent de rendre la vie quotidienne plus facile et plus&hellip;<\/p>\n","protected":false},"author":239,"featured_media":24219,"comment_status":"closed","ping_status":"open","sticky":false,"template":"","format":"standard","meta":{"footnotes":""},"categories":[743],"tags":[744],"class_list":["post-24224","post","type-post","status-publish","format-standard","has-post-thumbnail","hentry","category-afs-blog-fr","tag-afs-blog"],"yoast_head":"<!-- This site is optimized with the Yoast SEO plugin v26.6 - https:\/\/yoast.com\/wordpress\/plugins\/seo\/ -->\n<title>8 fa\u00e7ons de t&#039;impliquer dans la vie de ta communaut\u00e9 - Intercultural Programs<\/title>\n<meta name=\"robots\" content=\"index, follow, max-snippet:-1, max-image-preview:large, max-video-preview:-1\" \/>\n<link rel=\"canonical\" href=\"https:\/\/www.afs.ch\/fr\/afs-blog-fr\/8-facons-de-timpliquer-dans-la-vie-de-ta-communaute\/\" \/>\n<meta property=\"og:locale\" content=\"fr_FR\" \/>\n<meta property=\"og:type\" content=\"article\" \/>\n<meta property=\"og:title\" content=\"8 fa\u00e7ons de t&#039;impliquer dans la vie de ta communaut\u00e9 - Intercultural Programs\" \/>\n<meta property=\"og:description\" content=\"Il existe en Suisse de nombreux projets et organisations qui tentent de rendre la vie quotidienne plus facile et plus&hellip;\" \/>\n<meta property=\"og:url\" content=\"https:\/\/www.afs.ch\/fr\/afs-blog-fr\/8-facons-de-timpliquer-dans-la-vie-de-ta-communaute\/\" \/>\n<meta property=\"og:site_name\" content=\"Intercultural Programs\" \/>\n<meta property=\"article:publisher\" content=\"https:\/\/www.facebook.com\/afsswitzerland\/\" \/>\n<meta property=\"article:published_time\" content=\"2018-03-29T14:02:53+00:00\" \/>\n<meta property=\"article:modified_time\" content=\"2020-04-26T13:11:42+00:00\" \/>\n<meta property=\"og:image\" content=\"https:\/\/d22dvihj4pfop3.cloudfront.net\/wp-content\/uploads\/sites\/71\/2018\/03\/29144401\/Banner-1054x630.jpg\" \/>\n\t<meta property=\"og:image:width\" content=\"1054\" \/>\n\t<meta property=\"og:image:height\" content=\"630\" \/>\n\t<meta property=\"og:image:type\" content=\"image\/jpeg\" \/>\n<meta name=\"author\" content=\"marylene\" \/>\n<meta name=\"twitter:card\" content=\"summary_large_image\" \/>\n<meta name=\"twitter:creator\" content=\"@afs_ch\" \/>\n<meta name=\"twitter:site\" content=\"@afs_ch\" \/>\n<meta name=\"twitter:label1\" content=\"Written by\" \/>\n\t<meta name=\"twitter:data1\" content=\"marylene\" \/>\n\t<meta name=\"twitter:label2\" content=\"Est. reading time\" \/>\n\t<meta name=\"twitter:data2\" content=\"3 minutes\" \/>\n<script type=\"application\/ld+json\" class=\"yoast-schema-graph\">{\"@context\":\"https:\/\/schema.org\",\"@graph\":[{\"@type\":\"WebPage\",\"@id\":\"https:\/\/www.afs.ch\/fr\/afs-blog-fr\/8-facons-de-timpliquer-dans-la-vie-de-ta-communaute\/\",\"url\":\"https:\/\/www.afs.ch\/fr\/afs-blog-fr\/8-facons-de-timpliquer-dans-la-vie-de-ta-communaute\/\",\"name\":\"8 fa\u00e7ons de t'impliquer dans la vie de ta communaut\u00e9 - Intercultural Programs\",\"isPartOf\":{\"@id\":\"https:\/\/www.afs.ch\/fr\/#website\"},\"primaryImageOfPage\":{\"@id\":\"https:\/\/www.afs.ch\/fr\/afs-blog-fr\/8-facons-de-timpliquer-dans-la-vie-de-ta-communaute\/#primaryimage\"},\"image\":{\"@id\":\"https:\/\/www.afs.ch\/fr\/afs-blog-fr\/8-facons-de-timpliquer-dans-la-vie-de-ta-communaute\/#primaryimage\"},\"thumbnailUrl\":\"https:\/\/d22dvihj4pfop3.cloudfront.net\/wp-content\/uploads\/sites\/71\/2018\/03\/29144401\/Banner.jpg\",\"datePublished\":\"2018-03-29T14:02:53+00:00\",\"dateModified\":\"2020-04-26T13:11:42+00:00\",\"author\":{\"@id\":\"https:\/\/www.afs.ch\/fr\/#\/schema\/person\/a611a79cd7e95852b230908aded9484e\"},\"breadcrumb\":{\"@id\":\"https:\/\/www.afs.ch\/fr\/afs-blog-fr\/8-facons-de-timpliquer-dans-la-vie-de-ta-communaute\/#breadcrumb\"},\"inLanguage\":\"fr-FR\",\"potentialAction\":[{\"@type\":\"ReadAction\",\"target\":[\"https:\/\/www.afs.ch\/fr\/afs-blog-fr\/8-facons-de-timpliquer-dans-la-vie-de-ta-communaute\/\"]}]},{\"@type\":\"ImageObject\",\"inLanguage\":\"fr-FR\",\"@id\":\"https:\/\/www.afs.ch\/fr\/afs-blog-fr\/8-facons-de-timpliquer-dans-la-vie-de-ta-communaute\/#primaryimage\",\"url\":\"https:\/\/d22dvihj4pfop3.cloudfront.net\/wp-content\/uploads\/sites\/71\/2018\/03\/29144401\/Banner.jpg\",\"contentUrl\":\"https:\/\/d22dvihj4pfop3.cloudfront.net\/wp-content\/uploads\/sites\/71\/2018\/03\/29144401\/Banner.jpg\",\"width\":1054,\"height\":630},{\"@type\":\"BreadcrumbList\",\"@id\":\"https:\/\/www.afs.ch\/fr\/afs-blog-fr\/8-facons-de-timpliquer-dans-la-vie-de-ta-communaute\/#breadcrumb\",\"itemListElement\":[{\"@type\":\"ListItem\",\"position\":1,\"name\":\"Home\",\"item\":\"https:\/\/switzerland.afssite.afs.org\/fr\/\"},{\"@type\":\"ListItem\",\"position\":2,\"name\":\"8 fa\u00e7ons de t&#8217;impliquer dans la vie de ta communaut\u00e9\"}]},{\"@type\":\"WebSite\",\"@id\":\"https:\/\/www.afs.ch\/fr\/#website\",\"url\":\"https:\/\/www.afs.ch\/fr\/\",\"name\":\"Interkulturelle Programme\",\"description\":\"Switzerland\",\"potentialAction\":[{\"@type\":\"SearchAction\",\"target\":{\"@type\":\"EntryPoint\",\"urlTemplate\":\"https:\/\/www.afs.ch\/fr\/?s={search_term_string}\"},\"query-input\":{\"@type\":\"PropertyValueSpecification\",\"valueRequired\":true,\"valueName\":\"search_term_string\"}}],\"inLanguage\":\"fr-FR\"},{\"@type\":\"Person\",\"@id\":\"https:\/\/www.afs.ch\/fr\/#\/schema\/person\/a611a79cd7e95852b230908aded9484e\",\"name\":\"marylene\",\"image\":{\"@type\":\"ImageObject\",\"inLanguage\":\"fr-FR\",\"@id\":\"https:\/\/www.afs.ch\/fr\/#\/schema\/person\/image\/\",\"url\":\"https:\/\/secure.gravatar.com\/avatar\/20b14f9dd565c580814cfb257cb053323fc7c7ec262a99a0a3b233369eae767a?s=96&d=mm&r=g\",\"contentUrl\":\"https:\/\/secure.gravatar.com\/avatar\/20b14f9dd565c580814cfb257cb053323fc7c7ec262a99a0a3b233369eae767a?s=96&d=mm&r=g\",\"caption\":\"marylene\"},\"url\":\"https:\/\/www.afs.ch\/fr\/author\/marylene\/\"}]}<\/script>\n<!-- \/ Yoast SEO plugin. -->","yoast_head_json":{"title":"8 fa\u00e7ons de t'impliquer dans la vie de ta communaut\u00e9 - Intercultural Programs","robots":{"index":"index","follow":"follow","max-snippet":"max-snippet:-1","max-image-preview":"max-image-preview:large","max-video-preview":"max-video-preview:-1"},"canonical":"https:\/\/www.afs.ch\/fr\/afs-blog-fr\/8-facons-de-timpliquer-dans-la-vie-de-ta-communaute\/","og_locale":"fr_FR","og_type":"article","og_title":"8 fa\u00e7ons de t'impliquer dans la vie de ta communaut\u00e9 - Intercultural Programs","og_description":"Il existe en Suisse de nombreux projets et organisations qui tentent de rendre la vie quotidienne plus facile et plus&hellip;","og_url":"https:\/\/www.afs.ch\/fr\/afs-blog-fr\/8-facons-de-timpliquer-dans-la-vie-de-ta-communaute\/","og_site_name":"Intercultural Programs","article_publisher":"https:\/\/www.facebook.com\/afsswitzerland\/","article_published_time":"2018-03-29T14:02:53+00:00","article_modified_time":"2020-04-26T13:11:42+00:00","og_image":[{"width":1054,"height":630,"url":"https:\/\/d22dvihj4pfop3.cloudfront.net\/wp-content\/uploads\/sites\/71\/2018\/03\/29144401\/Banner-1054x630.jpg","type":"image\/jpeg"}],"author":"marylene","twitter_card":"summary_large_image","twitter_creator":"@afs_ch","twitter_site":"@afs_ch","twitter_misc":{"Written by":"marylene","Est. reading time":"3 minutes"},"schema":{"@context":"https:\/\/schema.org","@graph":[{"@type":"WebPage","@id":"https:\/\/www.afs.ch\/fr\/afs-blog-fr\/8-facons-de-timpliquer-dans-la-vie-de-ta-communaute\/","url":"https:\/\/www.afs.ch\/fr\/afs-blog-fr\/8-facons-de-timpliquer-dans-la-vie-de-ta-communaute\/","name":"8 fa\u00e7ons de t'impliquer dans la vie de ta communaut\u00e9 - Intercultural Programs","isPartOf":{"@id":"https:\/\/www.afs.ch\/fr\/#website"},"primaryImageOfPage":{"@id":"https:\/\/www.afs.ch\/fr\/afs-blog-fr\/8-facons-de-timpliquer-dans-la-vie-de-ta-communaute\/#primaryimage"},"image":{"@id":"https:\/\/www.afs.ch\/fr\/afs-blog-fr\/8-facons-de-timpliquer-dans-la-vie-de-ta-communaute\/#primaryimage"},"thumbnailUrl":"https:\/\/d22dvihj4pfop3.cloudfront.net\/wp-content\/uploads\/sites\/71\/2018\/03\/29144401\/Banner.jpg","datePublished":"2018-03-29T14:02:53+00:00","dateModified":"2020-04-26T13:11:42+00:00","author":{"@id":"https:\/\/www.afs.ch\/fr\/#\/schema\/person\/a611a79cd7e95852b230908aded9484e"},"breadcrumb":{"@id":"https:\/\/www.afs.ch\/fr\/afs-blog-fr\/8-facons-de-timpliquer-dans-la-vie-de-ta-communaute\/#breadcrumb"},"inLanguage":"fr-FR","potentialAction":[{"@type":"ReadAction","target":["https:\/\/www.afs.ch\/fr\/afs-blog-fr\/8-facons-de-timpliquer-dans-la-vie-de-ta-communaute\/"]}]},{"@type":"ImageObject","inLanguage":"fr-FR","@id":"https:\/\/www.afs.ch\/fr\/afs-blog-fr\/8-facons-de-timpliquer-dans-la-vie-de-ta-communaute\/#primaryimage","url":"https:\/\/d22dvihj4pfop3.cloudfront.net\/wp-content\/uploads\/sites\/71\/2018\/03\/29144401\/Banner.jpg","contentUrl":"https:\/\/d22dvihj4pfop3.cloudfront.net\/wp-content\/uploads\/sites\/71\/2018\/03\/29144401\/Banner.jpg","width":1054,"height":630},{"@type":"BreadcrumbList","@id":"https:\/\/www.afs.ch\/fr\/afs-blog-fr\/8-facons-de-timpliquer-dans-la-vie-de-ta-communaute\/#breadcrumb","itemListElement":[{"@type":"ListItem","position":1,"name":"Home","item":"https:\/\/switzerland.afssite.afs.org\/fr\/"},{"@type":"ListItem","position":2,"name":"8 fa\u00e7ons de t&#8217;impliquer dans la vie de ta communaut\u00e9"}]},{"@type":"WebSite","@id":"https:\/\/www.afs.ch\/fr\/#website","url":"https:\/\/www.afs.ch\/fr\/","name":"Interkulturelle Programme","description":"Switzerland","potentialAction":[{"@type":"SearchAction","target":{"@type":"EntryPoint","urlTemplate":"https:\/\/www.afs.ch\/fr\/?s={search_term_string}"},"query-input":{"@type":"PropertyValueSpecification","valueRequired":true,"valueName":"search_term_string"}}],"inLanguage":"fr-FR"},{"@type":"Person","@id":"https:\/\/www.afs.ch\/fr\/#\/schema\/person\/a611a79cd7e95852b230908aded9484e","name":"marylene","image":{"@type":"ImageObject","inLanguage":"fr-FR","@id":"https:\/\/www.afs.ch\/fr\/#\/schema\/person\/image\/","url":"https:\/\/secure.gravatar.com\/avatar\/20b14f9dd565c580814cfb257cb053323fc7c7ec262a99a0a3b233369eae767a?s=96&d=mm&r=g","contentUrl":"https:\/\/secure.gravatar.com\/avatar\/20b14f9dd565c580814cfb257cb053323fc7c7ec262a99a0a3b233369eae767a?s=96&d=mm&r=g","caption":"marylene"},"url":"https:\/\/www.afs.ch\/fr\/author\/marylene\/"}]}},"_links":{"self":[{"href":"https:\/\/www.afs.ch\/fr\/wp-json\/wp\/v2\/posts\/24224","targetHints":{"allow":["GET"]}}],"collection":[{"href":"https:\/\/www.afs.ch\/fr\/wp-json\/wp\/v2\/posts"}],"about":[{"href":"https:\/\/www.afs.ch\/fr\/wp-json\/wp\/v2\/types\/post"}],"author":[{"embeddable":true,"href":"https:\/\/www.afs.ch\/fr\/wp-json\/wp\/v2\/users\/239"}],"replies":[{"embeddable":true,"href":"https:\/\/www.afs.ch\/fr\/wp-json\/wp\/v2\/comments?post=24224"}],"version-history":[{"count":5,"href":"https:\/\/www.afs.ch\/fr\/wp-json\/wp\/v2\/posts\/24224\/revisions"}],"predecessor-version":[{"id":42969,"href":"https:\/\/www.afs.ch\/fr\/wp-json\/wp\/v2\/posts\/24224\/revisions\/42969"}],"wp:featuredmedia":[{"embeddable":true,"href":"https:\/\/www.afs.ch\/fr\/wp-json\/wp\/v2\/media\/24219"}],"wp:attachment":[{"href":"https:\/\/www.afs.ch\/fr\/wp-json\/wp\/v2\/media?parent=24224"}],"wp:term":[{"taxonomy":"category","embeddable":true,"href":"https:\/\/www.afs.ch\/fr\/wp-json\/wp\/v2\/categories?post=24224"},{"taxonomy":"post_tag","embeddable":true,"href":"https:\/\/www.afs.ch\/fr\/wp-json\/wp\/v2\/tags?post=24224"}],"curies":[{"name":"wp","href":"https:\/\/api.w.org\/{rel}","templated":true}]}}