{"id":25371,"date":"2018-05-01T14:06:34","date_gmt":"2018-05-01T13:06:34","guid":{"rendered":"http:\/\/switzerland.afssite.afs.org\/fr\/?p=25371"},"modified":"2023-04-07T04:27:52","modified_gmt":"2023-04-07T03:27:52","slug":"visite-de-la-chocolaterie-cailler","status":"publish","type":"post","link":"https:\/\/www.afs.ch\/fr\/comite\/visite-de-la-chocolaterie-cailler\/","title":{"rendered":"Visite de la chocolaterie Cailler"},"content":{"rendered":"<p>Samedi pass\u00e9, nous nous sommes rendus \u00e0 la chocolaterie Cailler avec plusieurs \u00e9tudiants d\u2019\u00e9change de Suisse romande. Durant la visite, nous avons appris beaucoup de choses sur l\u2019histoire du chocolat, nous avons pu go\u00fbter les noisettes et les f\u00e8ves de cacao utilis\u00e9es pour le fabriquer et, finalement, nous avons pu d\u00e9guster diff\u00e9rentes sortes de chocolat Cailler. De quoi bien remplir le ventre et ravir les papilles!<\/p>\n<p>Ensuite, direction Bulle, o\u00f9 nous avons mang\u00e9 une glace dans la meilleure gelateria du sud du canton! Apr\u00e8s une balade dans la ville, sous le soleil d\u00e9j\u00e0 chaud de fin avril, c\u2019est l\u2019heure de se quitter&#8230; en gardant plein de souvenirs de cette journ\u00e9e magnifique!<\/p>\n<p><figure class=\"wp-image-wrap\"><img loading=\"lazy\" decoding=\"async\" class=\"alignnone size-large wp-image-25374\" src=\"https:\/\/d22dvihj4pfop3.cloudfront.net\/wp-content\/uploads\/sites\/71\/2018\/05\/01140540\/IMG_1.jpg\" alt=\"\" width=\"1024\" height=\"683\" \/><\/figure> <figure class=\"wp-image-wrap\"><img loading=\"lazy\" decoding=\"async\" class=\"alignnone size-large wp-image-25372\" src=\"https:\/\/d22dvihj4pfop3.cloudfront.net\/wp-content\/uploads\/sites\/71\/2018\/05\/01140456\/IMG_2.jpg\" alt=\"\" width=\"1024\" height=\"683\" \/><\/figure><\/p>\n<p>Auteure: Romane Cornali<\/p>\n","protected":false},"excerpt":{"rendered":"<p>Samedi pass\u00e9, nous nous sommes rendus \u00e0 la chocolaterie Cailler avec plusieurs \u00e9tudiants d\u2019\u00e9change de Suisse romande. Durant la visite,&hellip;<\/p>\n","protected":false},"author":563,"featured_media":25373,"comment_status":"open","ping_status":"open","sticky":false,"template":"","format":"standard","meta":{"footnotes":""},"categories":[767,864],"tags":[],"class_list":["post-25371","post","type-post","status-publish","format-standard","has-post-thumbnail","hentry","category-comite","category-romandie"],"yoast_head":"<!-- This site is optimized with the Yoast SEO plugin v26.6 - https:\/\/yoast.com\/wordpress\/plugins\/seo\/ -->\n<title>Visite de la chocolaterie Cailler - Intercultural Programs<\/title>\n<meta name=\"robots\" content=\"index, follow, max-snippet:-1, max-image-preview:large, max-video-preview:-1\" \/>\n<link rel=\"canonical\" href=\"https:\/\/www.afs.ch\/fr\/comite\/visite-de-la-chocolaterie-cailler\/\" \/>\n<meta property=\"og:locale\" content=\"fr_FR\" \/>\n<meta property=\"og:type\" content=\"article\" \/>\n<meta property=\"og:title\" content=\"Visite de la chocolaterie Cailler - Intercultural Programs\" \/>\n<meta property=\"og:description\" content=\"Samedi pass\u00e9, nous nous sommes rendus \u00e0 la chocolaterie Cailler avec plusieurs \u00e9tudiants d\u2019\u00e9change de Suisse romande. Durant la visite,&hellip;\" \/>\n<meta property=\"og:url\" content=\"https:\/\/www.afs.ch\/fr\/comite\/visite-de-la-chocolaterie-cailler\/\" \/>\n<meta property=\"og:site_name\" content=\"Intercultural Programs\" \/>\n<meta property=\"article:publisher\" content=\"https:\/\/www.facebook.com\/afsswitzerland\/\" \/>\n<meta property=\"article:published_time\" content=\"2018-05-01T13:06:34+00:00\" \/>\n<meta property=\"article:modified_time\" content=\"2023-04-07T03:27:52+00:00\" \/>\n<meta property=\"og:image\" content=\"https:\/\/d22dvihj4pfop3.cloudfront.net\/wp-content\/uploads\/sites\/71\/2018\/05\/01140515\/IMG_couverture-1200x630.jpg\" \/>\n\t<meta property=\"og:image:width\" content=\"1200\" \/>\n\t<meta property=\"og:image:height\" content=\"630\" \/>\n\t<meta property=\"og:image:type\" content=\"image\/jpeg\" \/>\n<meta name=\"author\" content=\"chapter\" \/>\n<meta name=\"twitter:card\" content=\"summary_large_image\" \/>\n<meta name=\"twitter:creator\" content=\"@afs_ch\" \/>\n<meta name=\"twitter:site\" content=\"@afs_ch\" \/>\n<meta name=\"twitter:label1\" content=\"Written by\" \/>\n\t<meta name=\"twitter:data1\" content=\"chapter\" \/>\n\t<meta name=\"twitter:label2\" content=\"Est. reading time\" \/>\n\t<meta name=\"twitter:data2\" content=\"1 minute\" \/>\n<script type=\"application\/ld+json\" class=\"yoast-schema-graph\">{\"@context\":\"https:\/\/schema.org\",\"@graph\":[{\"@type\":\"WebPage\",\"@id\":\"https:\/\/www.afs.ch\/fr\/comite\/visite-de-la-chocolaterie-cailler\/\",\"url\":\"https:\/\/www.afs.ch\/fr\/comite\/visite-de-la-chocolaterie-cailler\/\",\"name\":\"Visite de la chocolaterie Cailler - Intercultural Programs\",\"isPartOf\":{\"@id\":\"https:\/\/www.afs.ch\/fr\/#website\"},\"primaryImageOfPage\":{\"@id\":\"https:\/\/www.afs.ch\/fr\/comite\/visite-de-la-chocolaterie-cailler\/#primaryimage\"},\"image\":{\"@id\":\"https:\/\/www.afs.ch\/fr\/comite\/visite-de-la-chocolaterie-cailler\/#primaryimage\"},\"thumbnailUrl\":\"https:\/\/d22dvihj4pfop3.cloudfront.net\/wp-content\/uploads\/sites\/71\/2018\/05\/01140515\/IMG_couverture.jpg\",\"datePublished\":\"2018-05-01T13:06:34+00:00\",\"dateModified\":\"2023-04-07T03:27:52+00:00\",\"author\":{\"@id\":\"https:\/\/www.afs.ch\/fr\/#\/schema\/person\/d9eac669fd68aa6e9918e0459a31e758\"},\"breadcrumb\":{\"@id\":\"https:\/\/www.afs.ch\/fr\/comite\/visite-de-la-chocolaterie-cailler\/#breadcrumb\"},\"inLanguage\":\"fr-FR\",\"potentialAction\":[{\"@type\":\"ReadAction\",\"target\":[\"https:\/\/www.afs.ch\/fr\/comite\/visite-de-la-chocolaterie-cailler\/\"]}]},{\"@type\":\"ImageObject\",\"inLanguage\":\"fr-FR\",\"@id\":\"https:\/\/www.afs.ch\/fr\/comite\/visite-de-la-chocolaterie-cailler\/#primaryimage\",\"url\":\"https:\/\/d22dvihj4pfop3.cloudfront.net\/wp-content\/uploads\/sites\/71\/2018\/05\/01140515\/IMG_couverture.jpg\",\"contentUrl\":\"https:\/\/d22dvihj4pfop3.cloudfront.net\/wp-content\/uploads\/sites\/71\/2018\/05\/01140515\/IMG_couverture.jpg\",\"width\":5184,\"height\":3456},{\"@type\":\"BreadcrumbList\",\"@id\":\"https:\/\/www.afs.ch\/fr\/comite\/visite-de-la-chocolaterie-cailler\/#breadcrumb\",\"itemListElement\":[{\"@type\":\"ListItem\",\"position\":1,\"name\":\"Home\",\"item\":\"https:\/\/switzerland.afssite.afs.org\/fr\/\"},{\"@type\":\"ListItem\",\"position\":2,\"name\":\"Visite de la chocolaterie Cailler\"}]},{\"@type\":\"WebSite\",\"@id\":\"https:\/\/www.afs.ch\/fr\/#website\",\"url\":\"https:\/\/www.afs.ch\/fr\/\",\"name\":\"Interkulturelle Programme\",\"description\":\"Switzerland\",\"potentialAction\":[{\"@type\":\"SearchAction\",\"target\":{\"@type\":\"EntryPoint\",\"urlTemplate\":\"https:\/\/www.afs.ch\/fr\/?s={search_term_string}\"},\"query-input\":{\"@type\":\"PropertyValueSpecification\",\"valueRequired\":true,\"valueName\":\"search_term_string\"}}],\"inLanguage\":\"fr-FR\"},{\"@type\":\"Person\",\"@id\":\"https:\/\/www.afs.ch\/fr\/#\/schema\/person\/d9eac669fd68aa6e9918e0459a31e758\",\"name\":\"chapter\",\"image\":{\"@type\":\"ImageObject\",\"inLanguage\":\"fr-FR\",\"@id\":\"https:\/\/www.afs.ch\/fr\/#\/schema\/person\/image\/\",\"url\":\"https:\/\/secure.gravatar.com\/avatar\/a80420cff5874a5e260824fd5104003edb7095ab57e0906ac5ec910ef62ab9d0?s=96&d=mm&r=g\",\"contentUrl\":\"https:\/\/secure.gravatar.com\/avatar\/a80420cff5874a5e260824fd5104003edb7095ab57e0906ac5ec910ef62ab9d0?s=96&d=mm&r=g\",\"caption\":\"chapter\"},\"url\":\"https:\/\/www.afs.ch\/fr\/author\/chapter\/\"}]}<\/script>\n<!-- \/ Yoast SEO plugin. -->","yoast_head_json":{"title":"Visite de la chocolaterie Cailler - Intercultural Programs","robots":{"index":"index","follow":"follow","max-snippet":"max-snippet:-1","max-image-preview":"max-image-preview:large","max-video-preview":"max-video-preview:-1"},"canonical":"https:\/\/www.afs.ch\/fr\/comite\/visite-de-la-chocolaterie-cailler\/","og_locale":"fr_FR","og_type":"article","og_title":"Visite de la chocolaterie Cailler - Intercultural Programs","og_description":"Samedi pass\u00e9, nous nous sommes rendus \u00e0 la chocolaterie Cailler avec plusieurs \u00e9tudiants d\u2019\u00e9change de Suisse romande. Durant la visite,&hellip;","og_url":"https:\/\/www.afs.ch\/fr\/comite\/visite-de-la-chocolaterie-cailler\/","og_site_name":"Intercultural Programs","article_publisher":"https:\/\/www.facebook.com\/afsswitzerland\/","article_published_time":"2018-05-01T13:06:34+00:00","article_modified_time":"2023-04-07T03:27:52+00:00","og_image":[{"width":1200,"height":630,"url":"https:\/\/d22dvihj4pfop3.cloudfront.net\/wp-content\/uploads\/sites\/71\/2018\/05\/01140515\/IMG_couverture-1200x630.jpg","type":"image\/jpeg"}],"author":"chapter","twitter_card":"summary_large_image","twitter_creator":"@afs_ch","twitter_site":"@afs_ch","twitter_misc":{"Written by":"chapter","Est. reading time":"1 minute"},"schema":{"@context":"https:\/\/schema.org","@graph":[{"@type":"WebPage","@id":"https:\/\/www.afs.ch\/fr\/comite\/visite-de-la-chocolaterie-cailler\/","url":"https:\/\/www.afs.ch\/fr\/comite\/visite-de-la-chocolaterie-cailler\/","name":"Visite de la chocolaterie Cailler - Intercultural Programs","isPartOf":{"@id":"https:\/\/www.afs.ch\/fr\/#website"},"primaryImageOfPage":{"@id":"https:\/\/www.afs.ch\/fr\/comite\/visite-de-la-chocolaterie-cailler\/#primaryimage"},"image":{"@id":"https:\/\/www.afs.ch\/fr\/comite\/visite-de-la-chocolaterie-cailler\/#primaryimage"},"thumbnailUrl":"https:\/\/d22dvihj4pfop3.cloudfront.net\/wp-content\/uploads\/sites\/71\/2018\/05\/01140515\/IMG_couverture.jpg","datePublished":"2018-05-01T13:06:34+00:00","dateModified":"2023-04-07T03:27:52+00:00","author":{"@id":"https:\/\/www.afs.ch\/fr\/#\/schema\/person\/d9eac669fd68aa6e9918e0459a31e758"},"breadcrumb":{"@id":"https:\/\/www.afs.ch\/fr\/comite\/visite-de-la-chocolaterie-cailler\/#breadcrumb"},"inLanguage":"fr-FR","potentialAction":[{"@type":"ReadAction","target":["https:\/\/www.afs.ch\/fr\/comite\/visite-de-la-chocolaterie-cailler\/"]}]},{"@type":"ImageObject","inLanguage":"fr-FR","@id":"https:\/\/www.afs.ch\/fr\/comite\/visite-de-la-chocolaterie-cailler\/#primaryimage","url":"https:\/\/d22dvihj4pfop3.cloudfront.net\/wp-content\/uploads\/sites\/71\/2018\/05\/01140515\/IMG_couverture.jpg","contentUrl":"https:\/\/d22dvihj4pfop3.cloudfront.net\/wp-content\/uploads\/sites\/71\/2018\/05\/01140515\/IMG_couverture.jpg","width":5184,"height":3456},{"@type":"BreadcrumbList","@id":"https:\/\/www.afs.ch\/fr\/comite\/visite-de-la-chocolaterie-cailler\/#breadcrumb","itemListElement":[{"@type":"ListItem","position":1,"name":"Home","item":"https:\/\/switzerland.afssite.afs.org\/fr\/"},{"@type":"ListItem","position":2,"name":"Visite de la chocolaterie Cailler"}]},{"@type":"WebSite","@id":"https:\/\/www.afs.ch\/fr\/#website","url":"https:\/\/www.afs.ch\/fr\/","name":"Interkulturelle Programme","description":"Switzerland","potentialAction":[{"@type":"SearchAction","target":{"@type":"EntryPoint","urlTemplate":"https:\/\/www.afs.ch\/fr\/?s={search_term_string}"},"query-input":{"@type":"PropertyValueSpecification","valueRequired":true,"valueName":"search_term_string"}}],"inLanguage":"fr-FR"},{"@type":"Person","@id":"https:\/\/www.afs.ch\/fr\/#\/schema\/person\/d9eac669fd68aa6e9918e0459a31e758","name":"chapter","image":{"@type":"ImageObject","inLanguage":"fr-FR","@id":"https:\/\/www.afs.ch\/fr\/#\/schema\/person\/image\/","url":"https:\/\/secure.gravatar.com\/avatar\/a80420cff5874a5e260824fd5104003edb7095ab57e0906ac5ec910ef62ab9d0?s=96&d=mm&r=g","contentUrl":"https:\/\/secure.gravatar.com\/avatar\/a80420cff5874a5e260824fd5104003edb7095ab57e0906ac5ec910ef62ab9d0?s=96&d=mm&r=g","caption":"chapter"},"url":"https:\/\/www.afs.ch\/fr\/author\/chapter\/"}]}},"_links":{"self":[{"href":"https:\/\/www.afs.ch\/fr\/wp-json\/wp\/v2\/posts\/25371","targetHints":{"allow":["GET"]}}],"collection":[{"href":"https:\/\/www.afs.ch\/fr\/wp-json\/wp\/v2\/posts"}],"about":[{"href":"https:\/\/www.afs.ch\/fr\/wp-json\/wp\/v2\/types\/post"}],"author":[{"embeddable":true,"href":"https:\/\/www.afs.ch\/fr\/wp-json\/wp\/v2\/users\/563"}],"replies":[{"embeddable":true,"href":"https:\/\/www.afs.ch\/fr\/wp-json\/wp\/v2\/comments?post=25371"}],"version-history":[{"count":7,"href":"https:\/\/www.afs.ch\/fr\/wp-json\/wp\/v2\/posts\/25371\/revisions"}],"predecessor-version":[{"id":52734,"href":"https:\/\/www.afs.ch\/fr\/wp-json\/wp\/v2\/posts\/25371\/revisions\/52734"}],"wp:featuredmedia":[{"embeddable":true,"href":"https:\/\/www.afs.ch\/fr\/wp-json\/wp\/v2\/media\/25373"}],"wp:attachment":[{"href":"https:\/\/www.afs.ch\/fr\/wp-json\/wp\/v2\/media?parent=25371"}],"wp:term":[{"taxonomy":"category","embeddable":true,"href":"https:\/\/www.afs.ch\/fr\/wp-json\/wp\/v2\/categories?post=25371"},{"taxonomy":"post_tag","embeddable":true,"href":"https:\/\/www.afs.ch\/fr\/wp-json\/wp\/v2\/tags?post=25371"}],"curies":[{"name":"wp","href":"https:\/\/api.w.org\/{rel}","templated":true}]}}