{"id":25427,"date":"2018-05-07T16:25:17","date_gmt":"2018-05-07T15:25:17","guid":{"rendered":"http:\/\/switzerland.afssite.afs.org\/fr\/?p=25427"},"modified":"2020-04-26T14:11:19","modified_gmt":"2020-04-26T13:11:19","slug":"la-place-de-la-famille-daccueil-pendant-le-programme-dechange","status":"publish","type":"post","link":"https:\/\/www.afs.ch\/fr\/afs-blog-fr\/la-place-de-la-famille-daccueil-pendant-le-programme-dechange\/","title":{"rendered":"La place de la famille d&rsquo;accueil pendant le programme d&rsquo;\u00e9change"},"content":{"rendered":"<h3 style=\"text-align: center\"><span style=\"font-weight: 300;color: #007ac2\">\u00abGr\u00e2ce \u00e0 AFS, j\u2019ai d\u00e9sormais une deuxi\u00e8me patrie, une deuxi\u00e8me famille, et j\u2019ai v\u00e9cu plein de beaux moments que je n\u2019oublierai jamais.\u00bb Lara, au Costa Rica avec AFS.<\/span><\/h3>\n<p><span style=\"font-weight: 300\">Tout comme Lara, de nombreux jeunes d\u00e9cident chaque ann\u00e9e de partir en programme d\u2019\u00e9change \u00e0 l\u2019\u00e9tranger. Pour AFS, vivre dans une famille d\u2019accueil locale est l\u2019une de conditions au succ\u00e8s de ses programmes en immersion. En participant \u00e0 la vie quotidienne de la famille, on en apprend davantage sur la culture et les coutumes du pays d\u2019accueil, mais on d\u00e9couvre \u00e9galement les habitudes et les traditions propres \u00e0 chaque famille. <\/span><\/p>\n<p><span style=\"font-weight: 300\">Au d\u00e9but, beaucoup de jeunes ignorent que la relation avec la famille d\u2019accueil est amen\u00e9e \u00e0 \u00e9voluer au cours du programme d\u2019\u00e9change: on passe d\u2019\u00abune famille qui m\u2019accueille chez elle\u00bb \u00e0 \u00abma deuxi\u00e8me famille, celle qui m\u2019accueille dans son foyer comme l\u2019un des siens\u00bb. M\u00eame si les affinit\u00e9s et le feeling ne sont pas des \u00e9l\u00e9ments que tu peux influencer outre mesure, il y \u00a0<\/span><span style=\"font-weight: 300\">a plein de fa\u00e7ons d&rsquo;agir en faveur d&rsquo;une relation profonde et saine.<\/span><span style=\"font-weight: 300\"> \u00c0 l\u2019occasion de la F\u00eate des m\u00e8res le 13 mai, et de la Journ\u00e9e internationale des familles le 15 mai, nous te donnons quelques conseils pour tirer le meilleur parti de ton exp\u00e9rience.<\/span><\/p>\n<p><span style=\"font-weight: 400\">1. Implique-toi d\u00e8s le d\u00e9but dans les activit\u00e9s familiales<\/span><\/p>\n<p><span style=\"font-weight: 300\">M\u00eame si tu es fatigu\u00e9 par ton voyage et les chamboulements des premiers jours, essaye de t\u2019impliquer d\u00e8s le d\u00e9but de ton programme d\u2019\u00e9change dans les activit\u00e9s familiales. Les repas sont souvent des moments propices pour faire plus ample connaissance et \u00e0 te rapprocher des divers membres de ta nouvelle famille. Ces derniers sont probablement tr\u00e8s enthousiastes \u00e0 t&rsquo;accueillir chez eux et vont peut-\u00eatre organiser diff\u00e9rentes activit\u00e9s pour toi, telles que visite de la ville, sortie au mus\u00e9e, excursion au parc ou au zoo, afin de t\u2019aider \u00e0 prendre tes marques dans ton nouvel environnement. Profite de cette attention particuli\u00e8re pour poser les bases d\u2019une belle exp\u00e9rience. Mais que faire si tu n\u2019as pas du tout envie d\u2019aller au zoo, ou que tu as d\u00e9j\u00e0 pr\u00e9vu une sortie avec tes nouveaux amis au m\u00eame moment? <\/span><\/p>\n<p><span style=\"font-weight: 400\">2. Communique clairement et sois sinc\u00e8re<\/span><\/p>\n<p><span style=\"font-weight: 300\">Il y a bien s\u00fbr des moments o\u00f9 tu as besoin de te retrouver seul, un soir o\u00f9 tu n&rsquo;as peut-\u00eatre pas faim et pr\u00e9f\u00e8rerais sauter le souper. C\u2019est normal. L\u2019important est d&rsquo;en parler avec ta famille d\u2019accueil: dis-lui si tu penses que l\u2019activit\u00e9 propos\u00e9e te fera trop ou si tu as un souci quelconque. Ta famille d\u2019accueil souhaite que tu te sentes bien chez elle. Explique-lui pourquoi tu ne souhaites pas participer au \u00e9ni\u00e8me barbecue de ces deux derni\u00e8res semaines, ou si tu souhaites fermer la porte de ta chambre pour deux heures afin de lire tranquillement. Elle ne t\u2019en tiendra pas rigueur et te comprendra certainement.<\/span><\/p>\n<p><span style=\"font-weight: 400\">3. Accepte les diff\u00e9rences culturelles<\/span><\/p>\n<p><span style=\"font-weight: 300\">Int\u00e9resse-toi \u00e0 toutes ces diff\u00e9rences qui te semblent \u00e9tranges au premier abord, c&rsquo;est un excellent moyen d\u2019\u00e9largir tes horizons. Chaque famille a ses sp\u00e9cificit\u00e9s. Demande \u00e0 la tienne de t\u2019expliquer les habitudes et les r\u00e8gles de la maison, qui fait quoi, quand, et o\u00f9, et immerge-toi compl\u00e8tement dans ton nouveau style de vie. Ta famille voudra quant \u00e0 elle certainement en savoir plus sur tes habitudes et ton quotidien en Suisse. Garde \u00e0 l\u2019esprit qu\u2019\u00eatre confront\u00e9 \u00e0 un choc culturel est normal et fait partie de l\u2019exp\u00e9rience interculturelle. Ce choc sera d\u2019autant plus grand si tu as toujours eu tendance \u00e0 pr\u00e9f\u00e9rer rester dans ta zone de confort plut\u00f4t qu\u2019\u00e0 tester de nouvelles choses. Te voil\u00e0 face \u00e0 une situation \u00e9trange: tu ne comprends pas tout ce qui se passe, tu sens le stress monter en toi. Que faire?<\/span><\/p>\n<p><span style=\"font-weight: 400\">4. Respire profond\u00e9ment, \u00e7a va aller!<\/span><\/p>\n<p><span style=\"font-weight: 300\">Pense que tu n\u2019es pas ici pour toujours. Tu es en programme d\u2019\u00e9change pour une p\u00e9riode de temps limit\u00e9e, tu ne dois pas t\u2019\u00e9nerver pour des petites choses que tu ne peux de toute fa\u00e7on pas changer. Ta famille d\u2019accueil insiste pour regarder tous ensemble une \u00e9mission le dimanche soir, ou pour que tu mettes des chaussures pour aller chercher le courrier dans la bo\u00eete aux lettres? Parle avec elle, essaye de voir si vous ne pourriez pas trouver un compromis. Si ce n\u2019est pas possible, cherche malgr\u00e9 tout \u00e0 profiter au maximum de ton exp\u00e9rience d\u2019\u00e9change. Avec le recul, ce genre de d\u00e9tails te para\u00eetra secondaire, et tu retiendras surtout tous les beaux moments, toutes les exp\u00e9riences excitantes et uniques que tu as v\u00e9cues. <\/span><\/p>\n<p><span style=\"font-weight: 400\">5. Deux familles, deux fois plus d\u2019amour!<\/span><\/p>\n<p><span style=\"font-weight: 300\">Te voil\u00e0 maintenant bien install\u00e9, tu te sens \u00e0 l\u2019aise avec ta famille d\u2019accueil, tu es d\u00e9sormais comme un poisson dans l\u2019eau dans ton nouvel environnement. Mais qu\u2019en est-il de ta famille rest\u00e9e en Suisse? Certains participants n\u2019ont aucune difficult\u00e9 \u00e0 avoir \u00abdeux familles\u00bb, d\u2019autres ont un peu de mal \u00e0 trouver leur \u00e9quilibre entre les deux. Si tu fais partie de cette derni\u00e8re cat\u00e9gorie, nous avons quelques conseils pour toi. Tout d\u2019abord, ne t\u2019inqui\u00e8te pas, tu n\u2019es pas le seul. Tu n\u2019as pas besoin d\u2019appeler tes parents d\u2019accueil \u00abpapa\u00bb et \u00abmaman\u00bb pour avoir une relation approfondie avec eux. Avec toi, ils ont pour ainsi dire un enfant de plus, et s\u2019inqui\u00e8tent pour toi comme le feraient tes propres parents en Suisse. Ces derniers doivent quant \u00e0 eux apprendre \u00e0 vivre sans toi pendant toute la dur\u00e9e de ton programme d\u2019\u00e9change, et tu vas certainement leur manquer. M\u00eame si des contacts trop fr\u00e9quents peuvent ralentir ton int\u00e9gration dans ton pays d\u2019accueil, cela ne veut pas dire que tu dois rester des mois sans donner de nouvelles! Appelle tes parents ou \u00e9cris-leur de temps en temps, utilise Skype, WhatsApp ou Facetime pour permettre \u00e0 tes deux familles de faire connaissance&#8230; A ton retour en Suisse, fais de m\u00eame et garde contact avec ta famille d\u2019accueil. Vous trouverez certainement des occasions de vous revoir!<\/span><\/p>\n","protected":false},"excerpt":{"rendered":"<p>\u00abGr\u00e2ce \u00e0 AFS, j\u2019ai d\u00e9sormais une deuxi\u00e8me patrie, une deuxi\u00e8me famille, et j\u2019ai v\u00e9cu plein de beaux moments que je&hellip;<\/p>\n","protected":false},"author":239,"featured_media":25420,"comment_status":"open","ping_status":"open","sticky":false,"template":"","format":"standard","meta":{"footnotes":""},"categories":[743],"tags":[744],"class_list":["post-25427","post","type-post","status-publish","format-standard","has-post-thumbnail","hentry","category-afs-blog-fr","tag-afs-blog"],"yoast_head":"<!-- This site is optimized with the Yoast SEO plugin v26.6 - https:\/\/yoast.com\/wordpress\/plugins\/seo\/ -->\n<title>La place de la famille d&#039;accueil pendant le programme d&#039;\u00e9change - Intercultural Programs<\/title>\n<meta name=\"robots\" content=\"index, follow, max-snippet:-1, max-image-preview:large, max-video-preview:-1\" \/>\n<link rel=\"canonical\" href=\"https:\/\/www.afs.ch\/fr\/afs-blog-fr\/la-place-de-la-famille-daccueil-pendant-le-programme-dechange\/\" \/>\n<meta property=\"og:locale\" content=\"fr_FR\" \/>\n<meta property=\"og:type\" content=\"article\" \/>\n<meta property=\"og:title\" content=\"La place de la famille d&#039;accueil pendant le programme d&#039;\u00e9change - Intercultural Programs\" \/>\n<meta property=\"og:description\" content=\"\u00abGr\u00e2ce \u00e0 AFS, j\u2019ai d\u00e9sormais une deuxi\u00e8me patrie, une deuxi\u00e8me famille, et j\u2019ai v\u00e9cu plein de beaux moments que je&hellip;\" \/>\n<meta property=\"og:url\" content=\"https:\/\/www.afs.ch\/fr\/afs-blog-fr\/la-place-de-la-famille-daccueil-pendant-le-programme-dechange\/\" \/>\n<meta property=\"og:site_name\" content=\"Intercultural Programs\" \/>\n<meta property=\"article:publisher\" content=\"https:\/\/www.facebook.com\/afsswitzerland\/\" \/>\n<meta property=\"article:published_time\" content=\"2018-05-07T15:25:17+00:00\" \/>\n<meta property=\"article:modified_time\" content=\"2020-04-26T13:11:19+00:00\" \/>\n<meta property=\"og:image\" content=\"https:\/\/d22dvihj4pfop3.cloudfront.net\/wp-content\/uploads\/sites\/71\/2018\/05\/06184127\/Familien_Blog_2-1200x630.jpg\" \/>\n\t<meta property=\"og:image:width\" content=\"1200\" \/>\n\t<meta property=\"og:image:height\" content=\"630\" \/>\n\t<meta property=\"og:image:type\" content=\"image\/jpeg\" \/>\n<meta name=\"author\" content=\"marylene\" \/>\n<meta name=\"twitter:card\" content=\"summary_large_image\" \/>\n<meta name=\"twitter:creator\" content=\"@afs_ch\" \/>\n<meta name=\"twitter:site\" content=\"@afs_ch\" \/>\n<meta name=\"twitter:label1\" content=\"Written by\" \/>\n\t<meta name=\"twitter:data1\" content=\"marylene\" \/>\n\t<meta name=\"twitter:label2\" content=\"Est. reading time\" \/>\n\t<meta name=\"twitter:data2\" content=\"5 minutes\" \/>\n<script type=\"application\/ld+json\" class=\"yoast-schema-graph\">{\"@context\":\"https:\/\/schema.org\",\"@graph\":[{\"@type\":\"WebPage\",\"@id\":\"https:\/\/www.afs.ch\/fr\/afs-blog-fr\/la-place-de-la-famille-daccueil-pendant-le-programme-dechange\/\",\"url\":\"https:\/\/www.afs.ch\/fr\/afs-blog-fr\/la-place-de-la-famille-daccueil-pendant-le-programme-dechange\/\",\"name\":\"La place de la famille d'accueil pendant le programme d'\u00e9change - Intercultural Programs\",\"isPartOf\":{\"@id\":\"https:\/\/www.afs.ch\/fr\/#website\"},\"primaryImageOfPage\":{\"@id\":\"https:\/\/www.afs.ch\/fr\/afs-blog-fr\/la-place-de-la-famille-daccueil-pendant-le-programme-dechange\/#primaryimage\"},\"image\":{\"@id\":\"https:\/\/www.afs.ch\/fr\/afs-blog-fr\/la-place-de-la-famille-daccueil-pendant-le-programme-dechange\/#primaryimage\"},\"thumbnailUrl\":\"https:\/\/d22dvihj4pfop3.cloudfront.net\/wp-content\/uploads\/sites\/71\/2018\/05\/06184127\/Familien_Blog_2.jpg\",\"datePublished\":\"2018-05-07T15:25:17+00:00\",\"dateModified\":\"2020-04-26T13:11:19+00:00\",\"author\":{\"@id\":\"https:\/\/www.afs.ch\/fr\/#\/schema\/person\/a611a79cd7e95852b230908aded9484e\"},\"breadcrumb\":{\"@id\":\"https:\/\/www.afs.ch\/fr\/afs-blog-fr\/la-place-de-la-famille-daccueil-pendant-le-programme-dechange\/#breadcrumb\"},\"inLanguage\":\"fr-FR\",\"potentialAction\":[{\"@type\":\"ReadAction\",\"target\":[\"https:\/\/www.afs.ch\/fr\/afs-blog-fr\/la-place-de-la-famille-daccueil-pendant-le-programme-dechange\/\"]}]},{\"@type\":\"ImageObject\",\"inLanguage\":\"fr-FR\",\"@id\":\"https:\/\/www.afs.ch\/fr\/afs-blog-fr\/la-place-de-la-famille-daccueil-pendant-le-programme-dechange\/#primaryimage\",\"url\":\"https:\/\/d22dvihj4pfop3.cloudfront.net\/wp-content\/uploads\/sites\/71\/2018\/05\/06184127\/Familien_Blog_2.jpg\",\"contentUrl\":\"https:\/\/d22dvihj4pfop3.cloudfront.net\/wp-content\/uploads\/sites\/71\/2018\/05\/06184127\/Familien_Blog_2.jpg\",\"width\":2048,\"height\":1365},{\"@type\":\"BreadcrumbList\",\"@id\":\"https:\/\/www.afs.ch\/fr\/afs-blog-fr\/la-place-de-la-famille-daccueil-pendant-le-programme-dechange\/#breadcrumb\",\"itemListElement\":[{\"@type\":\"ListItem\",\"position\":1,\"name\":\"Home\",\"item\":\"https:\/\/switzerland.afssite.afs.org\/fr\/\"},{\"@type\":\"ListItem\",\"position\":2,\"name\":\"La place de la famille d&rsquo;accueil pendant le programme d&rsquo;\u00e9change\"}]},{\"@type\":\"WebSite\",\"@id\":\"https:\/\/www.afs.ch\/fr\/#website\",\"url\":\"https:\/\/www.afs.ch\/fr\/\",\"name\":\"Interkulturelle Programme\",\"description\":\"Switzerland\",\"potentialAction\":[{\"@type\":\"SearchAction\",\"target\":{\"@type\":\"EntryPoint\",\"urlTemplate\":\"https:\/\/www.afs.ch\/fr\/?s={search_term_string}\"},\"query-input\":{\"@type\":\"PropertyValueSpecification\",\"valueRequired\":true,\"valueName\":\"search_term_string\"}}],\"inLanguage\":\"fr-FR\"},{\"@type\":\"Person\",\"@id\":\"https:\/\/www.afs.ch\/fr\/#\/schema\/person\/a611a79cd7e95852b230908aded9484e\",\"name\":\"marylene\",\"image\":{\"@type\":\"ImageObject\",\"inLanguage\":\"fr-FR\",\"@id\":\"https:\/\/www.afs.ch\/fr\/#\/schema\/person\/image\/\",\"url\":\"https:\/\/secure.gravatar.com\/avatar\/20b14f9dd565c580814cfb257cb053323fc7c7ec262a99a0a3b233369eae767a?s=96&d=mm&r=g\",\"contentUrl\":\"https:\/\/secure.gravatar.com\/avatar\/20b14f9dd565c580814cfb257cb053323fc7c7ec262a99a0a3b233369eae767a?s=96&d=mm&r=g\",\"caption\":\"marylene\"},\"url\":\"https:\/\/www.afs.ch\/fr\/author\/marylene\/\"}]}<\/script>\n<!-- \/ Yoast SEO plugin. -->","yoast_head_json":{"title":"La place de la famille d'accueil pendant le programme d'\u00e9change - Intercultural Programs","robots":{"index":"index","follow":"follow","max-snippet":"max-snippet:-1","max-image-preview":"max-image-preview:large","max-video-preview":"max-video-preview:-1"},"canonical":"https:\/\/www.afs.ch\/fr\/afs-blog-fr\/la-place-de-la-famille-daccueil-pendant-le-programme-dechange\/","og_locale":"fr_FR","og_type":"article","og_title":"La place de la famille d'accueil pendant le programme d'\u00e9change - Intercultural Programs","og_description":"\u00abGr\u00e2ce \u00e0 AFS, j\u2019ai d\u00e9sormais une deuxi\u00e8me patrie, une deuxi\u00e8me famille, et j\u2019ai v\u00e9cu plein de beaux moments que je&hellip;","og_url":"https:\/\/www.afs.ch\/fr\/afs-blog-fr\/la-place-de-la-famille-daccueil-pendant-le-programme-dechange\/","og_site_name":"Intercultural Programs","article_publisher":"https:\/\/www.facebook.com\/afsswitzerland\/","article_published_time":"2018-05-07T15:25:17+00:00","article_modified_time":"2020-04-26T13:11:19+00:00","og_image":[{"width":1200,"height":630,"url":"https:\/\/d22dvihj4pfop3.cloudfront.net\/wp-content\/uploads\/sites\/71\/2018\/05\/06184127\/Familien_Blog_2-1200x630.jpg","type":"image\/jpeg"}],"author":"marylene","twitter_card":"summary_large_image","twitter_creator":"@afs_ch","twitter_site":"@afs_ch","twitter_misc":{"Written by":"marylene","Est. reading time":"5 minutes"},"schema":{"@context":"https:\/\/schema.org","@graph":[{"@type":"WebPage","@id":"https:\/\/www.afs.ch\/fr\/afs-blog-fr\/la-place-de-la-famille-daccueil-pendant-le-programme-dechange\/","url":"https:\/\/www.afs.ch\/fr\/afs-blog-fr\/la-place-de-la-famille-daccueil-pendant-le-programme-dechange\/","name":"La place de la famille d'accueil pendant le programme d'\u00e9change - Intercultural Programs","isPartOf":{"@id":"https:\/\/www.afs.ch\/fr\/#website"},"primaryImageOfPage":{"@id":"https:\/\/www.afs.ch\/fr\/afs-blog-fr\/la-place-de-la-famille-daccueil-pendant-le-programme-dechange\/#primaryimage"},"image":{"@id":"https:\/\/www.afs.ch\/fr\/afs-blog-fr\/la-place-de-la-famille-daccueil-pendant-le-programme-dechange\/#primaryimage"},"thumbnailUrl":"https:\/\/d22dvihj4pfop3.cloudfront.net\/wp-content\/uploads\/sites\/71\/2018\/05\/06184127\/Familien_Blog_2.jpg","datePublished":"2018-05-07T15:25:17+00:00","dateModified":"2020-04-26T13:11:19+00:00","author":{"@id":"https:\/\/www.afs.ch\/fr\/#\/schema\/person\/a611a79cd7e95852b230908aded9484e"},"breadcrumb":{"@id":"https:\/\/www.afs.ch\/fr\/afs-blog-fr\/la-place-de-la-famille-daccueil-pendant-le-programme-dechange\/#breadcrumb"},"inLanguage":"fr-FR","potentialAction":[{"@type":"ReadAction","target":["https:\/\/www.afs.ch\/fr\/afs-blog-fr\/la-place-de-la-famille-daccueil-pendant-le-programme-dechange\/"]}]},{"@type":"ImageObject","inLanguage":"fr-FR","@id":"https:\/\/www.afs.ch\/fr\/afs-blog-fr\/la-place-de-la-famille-daccueil-pendant-le-programme-dechange\/#primaryimage","url":"https:\/\/d22dvihj4pfop3.cloudfront.net\/wp-content\/uploads\/sites\/71\/2018\/05\/06184127\/Familien_Blog_2.jpg","contentUrl":"https:\/\/d22dvihj4pfop3.cloudfront.net\/wp-content\/uploads\/sites\/71\/2018\/05\/06184127\/Familien_Blog_2.jpg","width":2048,"height":1365},{"@type":"BreadcrumbList","@id":"https:\/\/www.afs.ch\/fr\/afs-blog-fr\/la-place-de-la-famille-daccueil-pendant-le-programme-dechange\/#breadcrumb","itemListElement":[{"@type":"ListItem","position":1,"name":"Home","item":"https:\/\/switzerland.afssite.afs.org\/fr\/"},{"@type":"ListItem","position":2,"name":"La place de la famille d&rsquo;accueil pendant le programme d&rsquo;\u00e9change"}]},{"@type":"WebSite","@id":"https:\/\/www.afs.ch\/fr\/#website","url":"https:\/\/www.afs.ch\/fr\/","name":"Interkulturelle Programme","description":"Switzerland","potentialAction":[{"@type":"SearchAction","target":{"@type":"EntryPoint","urlTemplate":"https:\/\/www.afs.ch\/fr\/?s={search_term_string}"},"query-input":{"@type":"PropertyValueSpecification","valueRequired":true,"valueName":"search_term_string"}}],"inLanguage":"fr-FR"},{"@type":"Person","@id":"https:\/\/www.afs.ch\/fr\/#\/schema\/person\/a611a79cd7e95852b230908aded9484e","name":"marylene","image":{"@type":"ImageObject","inLanguage":"fr-FR","@id":"https:\/\/www.afs.ch\/fr\/#\/schema\/person\/image\/","url":"https:\/\/secure.gravatar.com\/avatar\/20b14f9dd565c580814cfb257cb053323fc7c7ec262a99a0a3b233369eae767a?s=96&d=mm&r=g","contentUrl":"https:\/\/secure.gravatar.com\/avatar\/20b14f9dd565c580814cfb257cb053323fc7c7ec262a99a0a3b233369eae767a?s=96&d=mm&r=g","caption":"marylene"},"url":"https:\/\/www.afs.ch\/fr\/author\/marylene\/"}]}},"_links":{"self":[{"href":"https:\/\/www.afs.ch\/fr\/wp-json\/wp\/v2\/posts\/25427","targetHints":{"allow":["GET"]}}],"collection":[{"href":"https:\/\/www.afs.ch\/fr\/wp-json\/wp\/v2\/posts"}],"about":[{"href":"https:\/\/www.afs.ch\/fr\/wp-json\/wp\/v2\/types\/post"}],"author":[{"embeddable":true,"href":"https:\/\/www.afs.ch\/fr\/wp-json\/wp\/v2\/users\/239"}],"replies":[{"embeddable":true,"href":"https:\/\/www.afs.ch\/fr\/wp-json\/wp\/v2\/comments?post=25427"}],"version-history":[{"count":3,"href":"https:\/\/www.afs.ch\/fr\/wp-json\/wp\/v2\/posts\/25427\/revisions"}],"predecessor-version":[{"id":42967,"href":"https:\/\/www.afs.ch\/fr\/wp-json\/wp\/v2\/posts\/25427\/revisions\/42967"}],"wp:featuredmedia":[{"embeddable":true,"href":"https:\/\/www.afs.ch\/fr\/wp-json\/wp\/v2\/media\/25420"}],"wp:attachment":[{"href":"https:\/\/www.afs.ch\/fr\/wp-json\/wp\/v2\/media?parent=25427"}],"wp:term":[{"taxonomy":"category","embeddable":true,"href":"https:\/\/www.afs.ch\/fr\/wp-json\/wp\/v2\/categories?post=25427"},{"taxonomy":"post_tag","embeddable":true,"href":"https:\/\/www.afs.ch\/fr\/wp-json\/wp\/v2\/tags?post=25427"}],"curies":[{"name":"wp","href":"https:\/\/api.w.org\/{rel}","templated":true}]}}