{"id":25767,"date":"2018-05-22T13:33:53","date_gmt":"2018-05-22T12:33:53","guid":{"rendered":"http:\/\/switzerland.afssite.afs.org\/fr\/?p=25767"},"modified":"2018-05-23T13:20:40","modified_gmt":"2018-05-23T12:20:40","slug":"5-questions-frequentes","status":"publish","type":"post","link":"https:\/\/www.afs.ch\/fr\/afs-blog-fr\/5-questions-frequentes\/","title":{"rendered":"Accueil d\u2019un \u00e9tudiant AFS chez soi: 5 questions fr\u00e9quentes"},"content":{"rendered":"<h3>Accueillir un \u00e9tudiant en programme d\u2019\u00e9change, c\u2019est se lancer dans une exp\u00e9rience interculturelle incroyablement passionnante, pr\u00e9cieuse et instructive.<\/h3>\n<p>L\u2019id\u00e9e d\u2019ouvrir les portes de son foyer \u00e0 un jeune peut cependant \u00eatre intimidante. Avant d&rsquo;oser franchir le pas, les familles int\u00e9ress\u00e9es se posent ainsi souvent les m\u00eames questions. Dans cet article, nous souhaitons r\u00e9pondre \u00e0 cinq d&rsquo;entre elles et esp\u00e9rons ainsi vous montrer que si vos craintes sont tout \u00e0 fait normales, elles n\u2019ont, toutefois, le plus souvent pas raison d\u2019\u00eatre :-).<\/p>\n<h5 style=\"padding-left: 30px\">1. Ma famille fera-t-elle une bonne famille d\u2019accueil AFS?<\/h5>\n<p style=\"padding-left: 30px\">Tr\u00e8s certainement, car il n\u2019y a pas de famille d\u2019accueil \u00abtype\u00bb. Certaines ont des enfants, d\u2019autres non. Il y a parfois un p\u00e8re et une m\u00e8re d\u2019accueil, deux m\u00e8res, ou encore juste un p\u00e8re d\u2019accueil. Certains parents d\u2019accueil sont jeunes, d\u2019autres plus \u00e2g\u00e9s. Quant aux familles qui travaillent beaucoup, elles peuvent, elles aussi, avoir du plaisir et apporter \u00e9norm\u00e9ment \u00e0 un \u00e9tudiant en programme d\u2019\u00e9change! L\u2019essentiel est d\u2019avoir envie de vous impliquer dans cette exp\u00e9rience, de vous int\u00e9resser au jeune que vous accueillerez et d\u2019\u00eatre pr\u00eats \u00e0 partager avec lui votre quotidien en toute simplicit\u00e9.<\/p>\n<h5 style=\"padding-left: 30px\">2. Qu\u2019attendez-vous d\u2019une famille d\u2019accueil AFS?<\/h5>\n<p style=\"padding-left: 30px\">La r\u00e9ponse est simple et compliqu\u00e9e \u00e0 la fois. En fait, tout ce que vous avez \u00e0 faire est de partager votre quotidien avec votre h\u00f4te et de l\u2019accueillir dans votre famille tout comme l\u2019un de ses membres. AFS n\u2019attend pas de vous que vous modifiez fondamentalement vos habitudes et organisiez tout un programme d\u2019activit\u00e9s, ou encore que vous endossiez la casquette de guide touristique ou de concierge. Restez vous-m\u00eames et comportez-vous avec votre \u00e9tudiant comme vous le faites, respectivement le feriez avec vos propres enfants.<\/p>\n<p><figure class=\"wp-image-wrap\"><img loading=\"lazy\" decoding=\"async\" class=\"alignnone size-full wp-image-16722\" src=\"https:\/\/d22dvihj4pfop3.cloudfront.net\/wp-content\/uploads\/sites\/71\/2017\/09\/04130524\/Sarah_family-e1504857241918.jpg\" alt=\"\" width=\"640\" height=\"427\" \/><\/figure><\/p>\n<h5 style=\"padding-left: 30px\">3. Mais que font exactement les familles d\u2019accueil AFS?<\/h5>\n<p style=\"padding-left: 30px\">Une famille d\u2019accueil AFS aide avant tout son h\u00f4te \u00e0 s&rsquo;int\u00e9grer sa nouvelle vie, \u00e0 d\u00e9couvrir notre culture et notre pays. Elle est l\u00e0 pour l\u2019aider avec ses devoirs, le soutenir en cas de probl\u00e8mes \u00e0 l\u2019\u00e9cole, l\u2019encourager dans son apprentissage du fran\u00e7ais, partager avec lui nos us et coutumes\u2026 De cette fa\u00e7on, l\u2019aventure interculturelle sera une belle exp\u00e9rience pour l\u2019\u00e9tudiant comme pour sa famille d\u2019accueil, et permettra aux deux parties en pr\u00e9sence de construire une relation qui peut se prolonger bien au-del\u00e0 du programme d\u2019\u00e9change.<\/p>\n<h5 style=\"padding-left: 30px\">4. Que faire si le courant ne passe pas avec notre h\u00f4te ou si nous avons des probl\u00e8mes avec lui?<\/h5>\n<p style=\"padding-left: 30px\">AFS fait de son mieux pour proposer aux familles d\u2019accueil des jeunes qui leur correspondent. La s\u00e9lection initiale se fait d\u2019apr\u00e8s les dossiers d\u2019inscription des \u00e9tudiants, \u00e0 partir desquels vous choisissez quel jeune vous aimeriez accueillir chez vous. Vous b\u00e9n\u00e9ficiez \u2013 tout comme votre h\u00f4te \u2013 d\u2019une personne de contact AFS locale, qui est l\u00e0 pour vous soutenir en cas de questions ou de probl\u00e8mes. Ce sont souvent de petits malentendus qui conduisent \u00e0 des tensions et, comme dans toute famille, des recadrages peuvent parfois \u00eatre n\u00e9cessaires. En tout temps, b\u00e9n\u00e9voles et collaborateurs AFS sont \u00e0 votre disposition, toujours pr\u00eats \u00e0 vous aider. Et si, malgr\u00e9 tous les efforts des uns et des autres, la situation ne s\u2019am\u00e9liore pas, un changement de famille est possible.<\/p>\n<h5 style=\"padding-left: 30px\">5. Quels avantages le fait d\u2019\u00eatre famille d\u2019accueil apportent-ils \u00e0 ses membres?<\/h5>\n<p style=\"padding-left: 30px\">Les familles d\u2019accueil AFS ne per\u00e7oivent aucune compensation financi\u00e8re, mais la richesse des moments partag\u00e9s et exp\u00e9riences accumul\u00e9es sont une r\u00e9compense bien plus belle! Vous faites non seulement connaissance d\u2019une nouvelle culture, mais vous red\u00e9couvrez aussi la v\u00f4tre, car accueillir chez vous un h\u00f4te international ouvre des perspectives enti\u00e8rement nouvelles et \u00e9largit votre horizon. Si vous avez des enfants, vous leur offrez une s\u0153ur ou un fr\u00e8re avec qui il cr\u00e9eront peut-\u00eatre des liens d\u2019amiti\u00e9s profonds. Vous accompagnez enfin votre h\u00f4te pendant une \u00e9tape importante de sa vie et contribuez \u00e0 rapprocher des communaut\u00e9s et des cultures diff\u00e9rentes.<\/p>\n<p>Vous le voyez, nous ne vous laissons pas seuls avec vos interrogations et doutes \u00e9ventuels, les collaborateurs et les b\u00e9n\u00e9voles AFS vous accompagnent tout au long de l\u2019accueil de votre h\u00f4te et s\u2019assurent que vous et votre famille puissiez tirer le meilleur de cette exp\u00e9rience. Vous avez d&rsquo;autres questions? Rendez-vous sur notre rubrique <a href=\"https:\/\/www.afs.ch\/fr\/famille-daccueil\/faq\/\">\u00abFoire aux questions\u00bb<\/a>, prenez contact avec le bureau AFS au 021 323 19 19 ou laissez-nous un message sur l&rsquo;adresse <a href=\"mailto:bonjour@afs.ch\">bonjour@afs.ch<\/a>. Nous nous r\u00e9jouissons d&rsquo;avance de vous renseigner au mieux!<\/p>\n<p>&nbsp;<\/p>\n<p>&nbsp;<\/p>\n<p>&nbsp;<\/p>\n<p>&nbsp;<\/p>\n","protected":false},"excerpt":{"rendered":"<p>Accueillir un \u00e9tudiant en programme d\u2019\u00e9change, c\u2019est se lancer dans une exp\u00e9rience interculturelle incroyablement passionnante, pr\u00e9cieuse et instructive. L\u2019id\u00e9e d\u2019ouvrir&hellip;<\/p>\n","protected":false},"author":239,"featured_media":16693,"comment_status":"closed","ping_status":"open","sticky":false,"template":"","format":"standard","meta":{"footnotes":""},"categories":[743],"tags":[],"class_list":["post-25767","post","type-post","status-publish","format-standard","has-post-thumbnail","hentry","category-afs-blog-fr"],"yoast_head":"<!-- This site is optimized with the Yoast SEO plugin v26.6 - https:\/\/yoast.com\/wordpress\/plugins\/seo\/ -->\n<title>Accueil d\u2019un \u00e9tudiant AFS chez soi: 5 questions fr\u00e9quentes<\/title>\n<meta name=\"robots\" content=\"index, follow, max-snippet:-1, max-image-preview:large, max-video-preview:-1\" \/>\n<link rel=\"canonical\" href=\"https:\/\/www.afs.ch\/fr\/afs-blog-fr\/5-questions-frequentes\/\" \/>\n<meta property=\"og:locale\" content=\"fr_FR\" \/>\n<meta property=\"og:type\" content=\"article\" \/>\n<meta property=\"og:title\" content=\"Accueil d\u2019un \u00e9tudiant AFS chez soi: 5 questions fr\u00e9quentes\" \/>\n<meta property=\"og:description\" content=\"Accueillir un \u00e9tudiant en programme d\u2019\u00e9change, c\u2019est se lancer dans une exp\u00e9rience interculturelle incroyablement passionnante, pr\u00e9cieuse et instructive. L\u2019id\u00e9e d\u2019ouvrir&hellip;\" \/>\n<meta property=\"og:url\" content=\"https:\/\/www.afs.ch\/fr\/afs-blog-fr\/5-questions-frequentes\/\" \/>\n<meta property=\"og:site_name\" content=\"Intercultural Programs\" \/>\n<meta property=\"article:publisher\" content=\"https:\/\/www.facebook.com\/afsswitzerland\/\" \/>\n<meta property=\"article:published_time\" content=\"2018-05-22T12:33:53+00:00\" \/>\n<meta property=\"article:modified_time\" content=\"2018-05-23T12:20:40+00:00\" \/>\n<meta property=\"og:image\" content=\"https:\/\/d22dvihj4pfop3.cloudfront.net\/wp-content\/uploads\/sites\/71\/2017\/09\/04103248\/Fam_grangier_wanderung-1200x630.jpg\" \/>\n\t<meta property=\"og:image:width\" content=\"1200\" \/>\n\t<meta property=\"og:image:height\" content=\"630\" \/>\n\t<meta property=\"og:image:type\" content=\"image\/jpeg\" \/>\n<meta name=\"author\" content=\"marylene\" \/>\n<meta name=\"twitter:card\" content=\"summary_large_image\" \/>\n<meta name=\"twitter:creator\" content=\"@afs_ch\" \/>\n<meta name=\"twitter:site\" content=\"@afs_ch\" \/>\n<meta name=\"twitter:label1\" content=\"Written by\" \/>\n\t<meta name=\"twitter:data1\" content=\"marylene\" \/>\n\t<meta name=\"twitter:label2\" content=\"Est. reading time\" \/>\n\t<meta name=\"twitter:data2\" content=\"4 minutes\" \/>\n<script type=\"application\/ld+json\" class=\"yoast-schema-graph\">{\"@context\":\"https:\/\/schema.org\",\"@graph\":[{\"@type\":\"WebPage\",\"@id\":\"https:\/\/www.afs.ch\/fr\/afs-blog-fr\/5-questions-frequentes\/\",\"url\":\"https:\/\/www.afs.ch\/fr\/afs-blog-fr\/5-questions-frequentes\/\",\"name\":\"Accueil d\u2019un \u00e9tudiant AFS chez soi: 5 questions fr\u00e9quentes\",\"isPartOf\":{\"@id\":\"https:\/\/www.afs.ch\/fr\/#website\"},\"primaryImageOfPage\":{\"@id\":\"https:\/\/www.afs.ch\/fr\/afs-blog-fr\/5-questions-frequentes\/#primaryimage\"},\"image\":{\"@id\":\"https:\/\/www.afs.ch\/fr\/afs-blog-fr\/5-questions-frequentes\/#primaryimage\"},\"thumbnailUrl\":\"https:\/\/d22dvihj4pfop3.cloudfront.net\/wp-content\/uploads\/sites\/71\/2017\/09\/04103248\/Fam_grangier_wanderung-e1504857052285.jpg\",\"datePublished\":\"2018-05-22T12:33:53+00:00\",\"dateModified\":\"2018-05-23T12:20:40+00:00\",\"author\":{\"@id\":\"https:\/\/www.afs.ch\/fr\/#\/schema\/person\/a611a79cd7e95852b230908aded9484e\"},\"breadcrumb\":{\"@id\":\"https:\/\/www.afs.ch\/fr\/afs-blog-fr\/5-questions-frequentes\/#breadcrumb\"},\"inLanguage\":\"fr-FR\",\"potentialAction\":[{\"@type\":\"ReadAction\",\"target\":[\"https:\/\/www.afs.ch\/fr\/afs-blog-fr\/5-questions-frequentes\/\"]}]},{\"@type\":\"ImageObject\",\"inLanguage\":\"fr-FR\",\"@id\":\"https:\/\/www.afs.ch\/fr\/afs-blog-fr\/5-questions-frequentes\/#primaryimage\",\"url\":\"https:\/\/d22dvihj4pfop3.cloudfront.net\/wp-content\/uploads\/sites\/71\/2017\/09\/04103248\/Fam_grangier_wanderung-e1504857052285.jpg\",\"contentUrl\":\"https:\/\/d22dvihj4pfop3.cloudfront.net\/wp-content\/uploads\/sites\/71\/2017\/09\/04103248\/Fam_grangier_wanderung-e1504857052285.jpg\",\"width\":640,\"height\":427},{\"@type\":\"BreadcrumbList\",\"@id\":\"https:\/\/www.afs.ch\/fr\/afs-blog-fr\/5-questions-frequentes\/#breadcrumb\",\"itemListElement\":[{\"@type\":\"ListItem\",\"position\":1,\"name\":\"Home\",\"item\":\"https:\/\/switzerland.afssite.afs.org\/fr\/\"},{\"@type\":\"ListItem\",\"position\":2,\"name\":\"Accueil d\u2019un \u00e9tudiant AFS chez soi: 5 questions fr\u00e9quentes\"}]},{\"@type\":\"WebSite\",\"@id\":\"https:\/\/www.afs.ch\/fr\/#website\",\"url\":\"https:\/\/www.afs.ch\/fr\/\",\"name\":\"Interkulturelle Programme\",\"description\":\"Switzerland\",\"potentialAction\":[{\"@type\":\"SearchAction\",\"target\":{\"@type\":\"EntryPoint\",\"urlTemplate\":\"https:\/\/www.afs.ch\/fr\/?s={search_term_string}\"},\"query-input\":{\"@type\":\"PropertyValueSpecification\",\"valueRequired\":true,\"valueName\":\"search_term_string\"}}],\"inLanguage\":\"fr-FR\"},{\"@type\":\"Person\",\"@id\":\"https:\/\/www.afs.ch\/fr\/#\/schema\/person\/a611a79cd7e95852b230908aded9484e\",\"name\":\"marylene\",\"image\":{\"@type\":\"ImageObject\",\"inLanguage\":\"fr-FR\",\"@id\":\"https:\/\/www.afs.ch\/fr\/#\/schema\/person\/image\/\",\"url\":\"https:\/\/secure.gravatar.com\/avatar\/20b14f9dd565c580814cfb257cb053323fc7c7ec262a99a0a3b233369eae767a?s=96&d=mm&r=g\",\"contentUrl\":\"https:\/\/secure.gravatar.com\/avatar\/20b14f9dd565c580814cfb257cb053323fc7c7ec262a99a0a3b233369eae767a?s=96&d=mm&r=g\",\"caption\":\"marylene\"},\"url\":\"https:\/\/www.afs.ch\/fr\/author\/marylene\/\"}]}<\/script>\n<!-- \/ Yoast SEO plugin. -->","yoast_head_json":{"title":"Accueil d\u2019un \u00e9tudiant AFS chez soi: 5 questions fr\u00e9quentes","robots":{"index":"index","follow":"follow","max-snippet":"max-snippet:-1","max-image-preview":"max-image-preview:large","max-video-preview":"max-video-preview:-1"},"canonical":"https:\/\/www.afs.ch\/fr\/afs-blog-fr\/5-questions-frequentes\/","og_locale":"fr_FR","og_type":"article","og_title":"Accueil d\u2019un \u00e9tudiant AFS chez soi: 5 questions fr\u00e9quentes","og_description":"Accueillir un \u00e9tudiant en programme d\u2019\u00e9change, c\u2019est se lancer dans une exp\u00e9rience interculturelle incroyablement passionnante, pr\u00e9cieuse et instructive. L\u2019id\u00e9e d\u2019ouvrir&hellip;","og_url":"https:\/\/www.afs.ch\/fr\/afs-blog-fr\/5-questions-frequentes\/","og_site_name":"Intercultural Programs","article_publisher":"https:\/\/www.facebook.com\/afsswitzerland\/","article_published_time":"2018-05-22T12:33:53+00:00","article_modified_time":"2018-05-23T12:20:40+00:00","og_image":[{"width":1200,"height":630,"url":"https:\/\/d22dvihj4pfop3.cloudfront.net\/wp-content\/uploads\/sites\/71\/2017\/09\/04103248\/Fam_grangier_wanderung-1200x630.jpg","type":"image\/jpeg"}],"author":"marylene","twitter_card":"summary_large_image","twitter_creator":"@afs_ch","twitter_site":"@afs_ch","twitter_misc":{"Written by":"marylene","Est. reading time":"4 minutes"},"schema":{"@context":"https:\/\/schema.org","@graph":[{"@type":"WebPage","@id":"https:\/\/www.afs.ch\/fr\/afs-blog-fr\/5-questions-frequentes\/","url":"https:\/\/www.afs.ch\/fr\/afs-blog-fr\/5-questions-frequentes\/","name":"Accueil d\u2019un \u00e9tudiant AFS chez soi: 5 questions fr\u00e9quentes","isPartOf":{"@id":"https:\/\/www.afs.ch\/fr\/#website"},"primaryImageOfPage":{"@id":"https:\/\/www.afs.ch\/fr\/afs-blog-fr\/5-questions-frequentes\/#primaryimage"},"image":{"@id":"https:\/\/www.afs.ch\/fr\/afs-blog-fr\/5-questions-frequentes\/#primaryimage"},"thumbnailUrl":"https:\/\/d22dvihj4pfop3.cloudfront.net\/wp-content\/uploads\/sites\/71\/2017\/09\/04103248\/Fam_grangier_wanderung-e1504857052285.jpg","datePublished":"2018-05-22T12:33:53+00:00","dateModified":"2018-05-23T12:20:40+00:00","author":{"@id":"https:\/\/www.afs.ch\/fr\/#\/schema\/person\/a611a79cd7e95852b230908aded9484e"},"breadcrumb":{"@id":"https:\/\/www.afs.ch\/fr\/afs-blog-fr\/5-questions-frequentes\/#breadcrumb"},"inLanguage":"fr-FR","potentialAction":[{"@type":"ReadAction","target":["https:\/\/www.afs.ch\/fr\/afs-blog-fr\/5-questions-frequentes\/"]}]},{"@type":"ImageObject","inLanguage":"fr-FR","@id":"https:\/\/www.afs.ch\/fr\/afs-blog-fr\/5-questions-frequentes\/#primaryimage","url":"https:\/\/d22dvihj4pfop3.cloudfront.net\/wp-content\/uploads\/sites\/71\/2017\/09\/04103248\/Fam_grangier_wanderung-e1504857052285.jpg","contentUrl":"https:\/\/d22dvihj4pfop3.cloudfront.net\/wp-content\/uploads\/sites\/71\/2017\/09\/04103248\/Fam_grangier_wanderung-e1504857052285.jpg","width":640,"height":427},{"@type":"BreadcrumbList","@id":"https:\/\/www.afs.ch\/fr\/afs-blog-fr\/5-questions-frequentes\/#breadcrumb","itemListElement":[{"@type":"ListItem","position":1,"name":"Home","item":"https:\/\/switzerland.afssite.afs.org\/fr\/"},{"@type":"ListItem","position":2,"name":"Accueil d\u2019un \u00e9tudiant AFS chez soi: 5 questions fr\u00e9quentes"}]},{"@type":"WebSite","@id":"https:\/\/www.afs.ch\/fr\/#website","url":"https:\/\/www.afs.ch\/fr\/","name":"Interkulturelle Programme","description":"Switzerland","potentialAction":[{"@type":"SearchAction","target":{"@type":"EntryPoint","urlTemplate":"https:\/\/www.afs.ch\/fr\/?s={search_term_string}"},"query-input":{"@type":"PropertyValueSpecification","valueRequired":true,"valueName":"search_term_string"}}],"inLanguage":"fr-FR"},{"@type":"Person","@id":"https:\/\/www.afs.ch\/fr\/#\/schema\/person\/a611a79cd7e95852b230908aded9484e","name":"marylene","image":{"@type":"ImageObject","inLanguage":"fr-FR","@id":"https:\/\/www.afs.ch\/fr\/#\/schema\/person\/image\/","url":"https:\/\/secure.gravatar.com\/avatar\/20b14f9dd565c580814cfb257cb053323fc7c7ec262a99a0a3b233369eae767a?s=96&d=mm&r=g","contentUrl":"https:\/\/secure.gravatar.com\/avatar\/20b14f9dd565c580814cfb257cb053323fc7c7ec262a99a0a3b233369eae767a?s=96&d=mm&r=g","caption":"marylene"},"url":"https:\/\/www.afs.ch\/fr\/author\/marylene\/"}]}},"_links":{"self":[{"href":"https:\/\/www.afs.ch\/fr\/wp-json\/wp\/v2\/posts\/25767","targetHints":{"allow":["GET"]}}],"collection":[{"href":"https:\/\/www.afs.ch\/fr\/wp-json\/wp\/v2\/posts"}],"about":[{"href":"https:\/\/www.afs.ch\/fr\/wp-json\/wp\/v2\/types\/post"}],"author":[{"embeddable":true,"href":"https:\/\/www.afs.ch\/fr\/wp-json\/wp\/v2\/users\/239"}],"replies":[{"embeddable":true,"href":"https:\/\/www.afs.ch\/fr\/wp-json\/wp\/v2\/comments?post=25767"}],"version-history":[{"count":4,"href":"https:\/\/www.afs.ch\/fr\/wp-json\/wp\/v2\/posts\/25767\/revisions"}],"predecessor-version":[{"id":25837,"href":"https:\/\/www.afs.ch\/fr\/wp-json\/wp\/v2\/posts\/25767\/revisions\/25837"}],"wp:featuredmedia":[{"embeddable":true,"href":"https:\/\/www.afs.ch\/fr\/wp-json\/wp\/v2\/media\/16693"}],"wp:attachment":[{"href":"https:\/\/www.afs.ch\/fr\/wp-json\/wp\/v2\/media?parent=25767"}],"wp:term":[{"taxonomy":"category","embeddable":true,"href":"https:\/\/www.afs.ch\/fr\/wp-json\/wp\/v2\/categories?post=25767"},{"taxonomy":"post_tag","embeddable":true,"href":"https:\/\/www.afs.ch\/fr\/wp-json\/wp\/v2\/tags?post=25767"}],"curies":[{"name":"wp","href":"https:\/\/api.w.org\/{rel}","templated":true}]}}