{"id":26087,"date":"2018-06-03T13:12:29","date_gmt":"2018-06-03T12:12:29","guid":{"rendered":"http:\/\/switzerland.afssite.afs.org\/fr\/?p=26087"},"modified":"2020-04-26T14:11:08","modified_gmt":"2020-04-26T13:11:08","slug":"pierre-edouard-hefti-aux-etats-unis-en-1969-1970","status":"publish","type":"post","link":"https:\/\/www.afs.ch\/fr\/afs-blog-fr\/pierre-edouard-hefti-aux-etats-unis-en-1969-1970\/","title":{"rendered":"Pierre Edouard Hefti, aux \u00c9tats-Unis en 1969-1970"},"content":{"rendered":"<h4>\u00abLa distance \u00e9tait \u00e9norme, les communications difficiles. Dans l&rsquo;ann\u00e9e, je n&rsquo;ai pu t\u00e9l\u00e9phoner que deux fois \u00e0 mes parents (No\u00ebl et mon anniversaire en mai). J&rsquo;\u00e9tais ailleurs pour ce s\u00e9jour, je devais m&rsquo;y faire et me d\u00e9brouiller avec les moyens du bord, aussi financi\u00e8rement (16$ par mois!). A 17 ans, c&rsquo;est une exp\u00e9rience tr\u00e8s forte\u00bb. Pr\u00e8s de 50 ans apr\u00e8s son programme d&rsquo;\u00e9change scolaire avec AFS aux \u00c9tats-Unis, Pierre-Edouard Hefti nous livre un message poignant de son exp\u00e9rience!<\/h4>\n<p>&nbsp;<\/p>\n<p><strong>1. Racontez-nous votre d\u00e9part pour les \u00c9tats-Unis en 1969. Quels \u00e9taient vos motivations et vos craintes? Dans quelles circonstances s\u2019est effectu\u00e9 votre voyage (moyens de transports, temps porte \u00e0 porte, etc.)?<\/strong><\/p>\n<p>Mon p\u00e8re, architecte, intellectuel humaniste et homme de culture souhaitait que je puisse tr\u00e8s t\u00f4t d\u00e9couvrir le monde et me confronter \u00e0 d&rsquo;autres environnements culturels et sociaux. Durant mon adolescence, il m&rsquo;a souvent parl\u00e9 d&rsquo;AFS et des opportunit\u00e9s dont je pourrais b\u00e9n\u00e9ficier \u00e0 effectuer un s\u00e9jour aux \u00c9tats-Unis. Je suivais les cours du gymnase lorsque j&rsquo;ai pris connaissance de la mise au concours des s\u00e9jours AFS. Je m&rsquo;y suis naturellement inscrit. La r\u00e9ponse positive que j&rsquo;ai re\u00e7ue m&rsquo;a confront\u00e9 \u00e0 la perspective d&rsquo;une exp\u00e9rience tr\u00e8s excitante, mais aussi un peu angoissante vu mon jeune \u00e2ge. Les \u00c9tats-Unis, c&rsquo;\u00e9tait une panoplie de clich\u00e9s, mais aussi les ravages de la drogue et la guerre du Vietnam. A l&rsquo;\u00e9poque, il n&rsquo;y avait naturellement pas d&rsquo;Internet, ni de r\u00e9seaux sociaux, ni CNN ou autres moyens de communication rapide. La presse informait en priorit\u00e9. Mes 17 ans \u00e0 peine r\u00e9volus, j&rsquo;ai fait mes bagages pour l&rsquo;inconnu. Premi\u00e8re \u00e9tape Zurich-Kloten, o\u00f9, en raison d&rsquo;une panne de moteur, toute la vol\u00e9e AFS a patient\u00e9 18 heures dans une salle d&rsquo;attente. Puis Zurich-Reykjavik-New-York, le grand voyage, la Grande Pomme, un monde inconnu et extraordinaire! Grand rassemblement AFS de 3 jours \u00e0 la Hofstra University. Je devais \u00eatre le plus jeune! Prise de contact avec les responsables du suivi annuel, nouvelles amiti\u00e9s, premi\u00e8res amours transatlantiques\u2026 Et d\u00e9part en bus pour Chicago, o\u00f9 mes parents am\u00e9ricains m&rsquo;attendaient, avant de me conduire chez eux \u00e0 Deerfield. Un long voyage parsem\u00e9 de d\u00e9couvertes d\u00e9routantes.<\/p>\n<figure style=\"width: 648px\" class=\"wp-caption aligncenter\"><img loading=\"lazy\" decoding=\"async\" class=\"size-medium wp-image-25815\" src=\"https:\/\/d22dvihj4pfop3.cloudfront.net\/wp-content\/uploads\/sites\/71\/2018\/05\/22192012\/Hefti-Leaving-home-17.8.1969-1-e1528028099309.jpg\" alt=\"Hefti-Leaving-home\" width=\"648\" height=\"650\" \/><figcaption class=\"wp-caption-text\">Photo prise \u00e0 mon domicile suisse le 17 ao\u00fbt 1969.<br \/>Le jour du d\u00e9part.<\/figcaption><\/figure>\n<p><strong>2. Comment doit-on s&rsquo;imaginer votre quotidien et l&rsquo;atmosph\u00e8re qui r\u00e9gnait aux USA en ce temps-l\u00e0? Qu&rsquo;est-ce qui vous a le plus marqu\u00e9?<\/strong><\/p>\n<p>En 1969, le monde \u00e9tait encore grand et myst\u00e9rieux. La vie dans ma famille d&rsquo;accueil m&rsquo;apportait chaque jour de nouvelles d\u00e9couvertes. Le quartier \u00e9tait r\u00e9sidentiel, ais\u00e9, mes parents chaleureux et exigeants, mais le tout tr\u00e8s confortable. J&rsquo;avais de bonnes notions d&rsquo;anglais, mais pas encore \u00abd&rsquo;am\u00e9ricain\u00bb. La t\u00e9l\u00e9vision m&rsquo;a aid\u00e9! Je souffrais quelque peu d&rsquo;\u00eatre isol\u00e9 puisque non motoris\u00e9 (impensable pour tous mes amis locaux). Les pr\u00e9occupations majeures des seniors de la Adlai Stevenson High School relevaient de leurs int\u00e9r\u00eats personnels, de la musique, des f\u00eates et des loisirs, de leurs voitures\u2026 Woodstock avait concr\u00e9tis\u00e9 l&rsquo;\u00e9mergence du mouvement hippie, les changements sociaux apparaissaient, les conflits g\u00e9n\u00e9rationnels aussi. Mais par-dessus tout cela planaient 2 grandes ombres: les drogues qui s&rsquo;infiltraient partout et le Vietnam, pour la guerre duquel le draft (recrutement) allait pr\u00e9lever son quota parmi mes amis. Je n&rsquo;ai pas touch\u00e9 aux drogues qui me faisaient tr\u00e8s peur (encore peu pr\u00e9sentes en Suisse). Je me suis par contre investi dans des manifestations contre la guerre en cours.<br \/>\nNous \u00e9tions 3 \u00e9tudiants en programme d&rsquo;\u00e9change dans une \u00e9cole de 800 \u00e9l\u00e8ves. Nous avions un statut privil\u00e9gi\u00e9. Je connaissais tout le monde! Apr\u00e8s 6 mois, presque tous les week-ends \u00e9taient consacr\u00e9s \u00e0 des r\u00e9unions dans d&rsquo;autres High Schools, o\u00f9 nous devions parler de nous et de notre pays d&rsquo;origine. Certaines fois devant des auditoires de 4&rsquo;000 \u00e9l\u00e8ves! Je m&rsquo;y suis fait, c&rsquo;\u00e9tait facile, la Suisse avait encore une r\u00e9putation sans taches! J&rsquo;\u00e9tais invit\u00e9 \u00e0 gauche et \u00e0 droite, je projetais les diapositives montrant la Suisse sous toutes ses coutures, je r\u00e9pondais aux questions en \u00e9tant toujours le centre d&rsquo;int\u00e9r\u00eat. Je n&rsquo;\u00e9tais pas tr\u00e8s politis\u00e9 et peut-\u00eatre encore un peu na\u00eff! Les AFSers avaient une position de stars!<\/p>\n<figure id=\"attachment_25814\" aria-describedby=\"caption-attachment-25814\" style=\"width: 650px\" class=\"wp-caption aligncenter\"><img loading=\"lazy\" decoding=\"async\" class=\"size-medium wp-image-25814\" src=\"https:\/\/d22dvihj4pfop3.cloudfront.net\/wp-content\/uploads\/sites\/71\/2018\/05\/22192007\/Hefti-Family-without-Lynn.jpg\" alt=\"Hefti Family\" width=\"650\" height=\"618\" \/><figcaption id=\"caption-attachment-25814\" class=\"wp-caption-text\">Photo prise \u00e0 la maison, sur la terrasse, printemps 1969.<br \/>Ma famille d&rsquo;accueil am\u00e9ricaine, Pat et Bill Sommerfield. Avec Stephen, Michael, Scott et Debbie (manque Lynn).<\/figcaption><\/figure>\n<p><strong>3. Durant votre ann\u00e9e am\u00e9ricaine, comment, et \u00e0 quelle fr\u00e9quence, communiquiez-vous avec les membres de votre famille et\/ou vos amis en Suisse? Comment avez-vous v\u00e9cu cette distance?<\/strong><\/p>\n<p>La distance \u00e9tait \u00e9norme, les communications difficiles. J&rsquo;\u00e9crivais 1 fois par mois \u00e0 ma famille, 2-3 fois \u00e0 des amis. Dans l&rsquo;ann\u00e9e, je n&rsquo;ai pu t\u00e9l\u00e9phoner que 2 fois \u00e0 mes parents (No\u00ebl et mon anniversaire en mai). J&rsquo;\u00e9tais ailleurs pour ce s\u00e9jour et je devais m&rsquo;y faire et me d\u00e9brouiller avec les moyens du bord, aussi financi\u00e8rement (16$ par mois!). A 17 ans, c&rsquo;est une exp\u00e9rience tr\u00e8s forte. Si c&rsquo;\u00e9tait parfois \u00e9prouvant, je crois que c&rsquo;est une mani\u00e8re de s\u00e9journer ou voyager qui est extr\u00eamement constructive et formatrice, et qui n&rsquo;existe plus aujourd&rsquo;hui o\u00f9 nous sommes connect\u00e9s on-line en permanence.<\/p>\n<figure id=\"attachment_25812\" aria-describedby=\"caption-attachment-25812\" style=\"width: 650px\" class=\"wp-caption aligncenter\"><img loading=\"lazy\" decoding=\"async\" class=\"size-medium wp-image-25812\" src=\"https:\/\/d22dvihj4pfop3.cloudfront.net\/wp-content\/uploads\/sites\/71\/2018\/05\/22191953\/Hefti-AFSers-from-near-Chicago-7.3.1970.jpg\" alt=\"\" width=\"650\" height=\"453\" \/><figcaption id=\"caption-attachment-25812\" class=\"wp-caption-text\">Photo prise \u00e0 Oak Park, probablement en mars 1970.<br \/>Groupe d&rsquo;AFSers plac\u00e9s dans la r\u00e9gion lors d&rsquo;une rencontre dans une High School.<\/figcaption><\/figure>\n<p><strong>4. Quels liens avez-vous entretenus\/entretenez-vous toujours avec votre famille d&rsquo;accueil, vos amis et les autres participants AFS depuis votre retour?<\/strong><\/p>\n<p>Je n&rsquo;ai pas maintenu de liens tr\u00e8s \u00e9troits apr\u00e8s mon retour, peut-\u00eatre en raison de cette distance. Mais aussi parce que j&rsquo;avais v\u00e9cu une ann\u00e9e extraordinaire l\u00e0-bas, que j&rsquo;y avais laiss\u00e9 une partie de mon c\u0153ur et de mon \u00e2me et que, pour moi, la correspondance postale ne pouvait remplacer tout ce qui avait disparu \u00e0 mon retour, par ailleurs tr\u00e8s difficile. La chert\u00e9 des vols ne me permettait pas d&rsquo;envisager y retourner dans l&rsquo;imm\u00e9diat, ou d&rsquo;aller revoir ailleurs des amis tr\u00e8s chers. Plusieurs de mes tr\u00e8s bons camarades ont d&rsquo;ailleurs disparu peu apr\u00e8s, emport\u00e9s par la drogue ou la guerre. C&rsquo;\u00e9tait triste.<br \/>\nQuelques ann\u00e9es plus tard, j&rsquo;ai revu en Europe ma famille am\u00e9ricaine ainsi que des amis. J&rsquo;ai eu l&rsquo;occasion de retourner plusieurs fois aux \u00c9tats-Unis depuis lors, et les ai retrouv\u00e9s. Beaucoup d&rsquo;autres amis sont rest\u00e9s introuvables, Facebook n&rsquo;existant pas encore! J&rsquo;ai perdu \u00e9galement la trace de mes amis AFS, diss\u00e9min\u00e9s dans le monde mais l&rsquo;ann\u00e9e derni\u00e8re, j&rsquo;ai eu le plaisir d&rsquo;avoir la visite de mon fr\u00e8re am\u00e9ricain et de sa fille!<\/p>\n<figure id=\"attachment_25813\" aria-describedby=\"caption-attachment-25813\" style=\"width: 650px\" class=\"wp-caption aligncenter\"><img loading=\"lazy\" decoding=\"async\" class=\"size-medium wp-image-25813\" src=\"https:\/\/d22dvihj4pfop3.cloudfront.net\/wp-content\/uploads\/sites\/71\/2018\/05\/22192002\/Hefti-BUS-64-Chicago-to-New-York-Cohasset.jpg\" alt=\"\" width=\"650\" height=\"553\" \/><figcaption id=\"caption-attachment-25813\" class=\"wp-caption-text\">Photo prise \u00e0 Cohasset, devant le Town Hall, en juillet 1970.<br \/>Tous les AFSers du Bus 64, qui nous ramenait en 3 semaines de Chicago \u00e0 New-York, en fin de s\u00e9jour.<\/figcaption><\/figure>\n<p><strong>5. Avez-vous le sentiment que votre ann\u00e9e am\u00e9ricaine a influenc\u00e9 votre parcours personnel et professionnel? Si oui, de quelle mani\u00e8re?<\/strong><\/p>\n<p>Une influence \u00e9norme sur mon parcours personnel, mais probablement r\u00e9duite au niveau professionnel (\u00e0 nouveau une question d&rsquo;\u00e2ge). J&rsquo;ai appris \u00e0 fr\u00e9quenter des personnes venant d&rsquo;autres horizons, des Am\u00e9ricains \u00e9videmment, comme des \u00e9tudiants AFS des quatre coins de la plan\u00e8te. Nous avons confront\u00e9 nos cultures, nos exp\u00e9riences de vie, nos sentiments, nos go\u00fbts. A travers cela, il m&rsquo;a sembl\u00e9 que j&rsquo;avais acquis un int\u00e9r\u00eat pour l&rsquo;Autre, une compr\u00e9hension et une tol\u00e9rance vis-\u00e0-vis de ce qui n&rsquo;\u00e9tait pas mien. Ma confiance en moi-m\u00eame s&rsquo;est assur\u00e9e dans un autre environnement social. Toute cette construction psychologique et sociologique m&rsquo;a accompagn\u00e9 au cours de mon existence.<\/p>\n<figure id=\"attachment_25810\" aria-describedby=\"caption-attachment-25810\" style=\"width: 650px\" class=\"wp-caption aligncenter\"><img loading=\"lazy\" decoding=\"async\" class=\"size-medium wp-image-25810\" src=\"https:\/\/d22dvihj4pfop3.cloudfront.net\/wp-content\/uploads\/sites\/71\/2018\/05\/22191938\/Hefti-Symphonic-band.jpg\" alt=\"\" width=\"650\" height=\"438\" \/><figcaption id=\"caption-attachment-25810\" class=\"wp-caption-text\">Photo du Yearbook 1969-1970.<br \/>L&rsquo;orchestre de l&rsquo;\u00e9cole, auquel j&rsquo;ai particip\u00e9.<\/figcaption><\/figure>\n<p><strong>6. 47 ans apr\u00e8s, que retenez-vous de votre exp\u00e9rience? Et qu&rsquo;est-ce qui vous lie encore aujourd&rsquo;hui \u00e0 votre ann\u00e9e am\u00e9ricaine?<\/strong><\/p>\n<p>Je retiens que j&rsquo;ai exist\u00e9 avec les r\u00e9sultats de cette exp\u00e9rience, et que sans elle, j&rsquo;aurais \u00e9t\u00e9 profond\u00e9ment diff\u00e9rent. J&rsquo;ai gomm\u00e9 les moments difficiles pour ne retenir que les aspects positifs d&rsquo;ouverture et d&rsquo;\u00e9change. Je suis encore intimement li\u00e9 \u00e0 cette ann\u00e9e tellement formatrice, passionnante et \u00e9motionnellement magnifique!<\/p>\n<figure id=\"attachment_25811\" aria-describedby=\"caption-attachment-25811\" style=\"width: 650px\" class=\"wp-caption aligncenter\"><img loading=\"lazy\" decoding=\"async\" class=\"size-medium wp-image-25811\" src=\"https:\/\/d22dvihj4pfop3.cloudfront.net\/wp-content\/uploads\/sites\/71\/2018\/05\/22191947\/Hefti-Tennis-team-69-70.jpg\" alt=\"\" width=\"650\" height=\"353\" \/><figcaption id=\"caption-attachment-25811\" class=\"wp-caption-text\">Photo du Yearbook 1969-1970.<br \/>Equipe de tennis, \u00e0 laquelle j&rsquo;ai particip\u00e9.<\/figcaption><\/figure>\n<p><strong>7. Avez-vous une anecdote \u00e0 nous raconter \u00e0 propos de votre s\u00e9jour?<\/strong><\/p>\n<p>Tout au cours de cette ann\u00e9e, j&rsquo;ai scrupuleusement consign\u00e9 mon journal dans de nombreux petits carnets. J&rsquo;y notais les faits, les sentiments, les \u00e9motions, les amours heureuses ou malheureuses. Je voulais garder des traces tr\u00e8s pr\u00e9cises et document\u00e9es de ce temps extraordinaires. A mon retour en 1970, j&rsquo;ai ramen\u00e9 une trentaine de carnets remplis d&rsquo;une \u00e9criture minuscule et authentique. Je les ai pr\u00e9cieusement conserv\u00e9s jusqu&rsquo;\u00e0 aujourd&rsquo;hui. Je ne les ai jamais ouverts!<\/p>\n<figure id=\"attachment_25809\" aria-describedby=\"caption-attachment-25809\" style=\"width: 507px\" class=\"wp-caption aligncenter\"><img loading=\"lazy\" decoding=\"async\" class=\"size-medium wp-image-25809\" src=\"https:\/\/d22dvihj4pfop3.cloudfront.net\/wp-content\/uploads\/sites\/71\/2018\/05\/22191930\/Hefti-On-the-way-home-Brussels.jpg\" alt=\"\" width=\"507\" height=\"650\" \/><figcaption id=\"caption-attachment-25809\" class=\"wp-caption-text\">Photo prise \u00e0 Bruxelles, devant l&rsquo;Atomium, en juillet 1970.<br \/>De retour en Europe, \u00e0 Bruxelles, avant le train pour la Suisse.<\/figcaption><\/figure>\n","protected":false},"excerpt":{"rendered":"<p>\u00abLa distance \u00e9tait \u00e9norme, les communications difficiles. Dans l&rsquo;ann\u00e9e, je n&rsquo;ai pu t\u00e9l\u00e9phoner que deux fois \u00e0 mes parents (No\u00ebl&hellip;<\/p>\n","protected":false},"author":239,"featured_media":25826,"comment_status":"open","ping_status":"open","sticky":false,"template":"","format":"standard","meta":{"footnotes":""},"categories":[743],"tags":[744],"class_list":["post-26087","post","type-post","status-publish","format-standard","has-post-thumbnail","hentry","category-afs-blog-fr","tag-afs-blog"],"yoast_head":"<!-- This site is optimized with the Yoast SEO plugin v26.6 - https:\/\/yoast.com\/wordpress\/plugins\/seo\/ -->\n<title>Pierre Edouard Hefti, aux \u00c9tats-Unis en 1969-1970 - Intercultural Programs<\/title>\n<meta name=\"robots\" content=\"index, follow, max-snippet:-1, max-image-preview:large, max-video-preview:-1\" \/>\n<link rel=\"canonical\" href=\"https:\/\/www.afs.ch\/fr\/afs-blog-fr\/pierre-edouard-hefti-aux-etats-unis-en-1969-1970\/\" \/>\n<meta property=\"og:locale\" content=\"fr_FR\" \/>\n<meta property=\"og:type\" content=\"article\" \/>\n<meta property=\"og:title\" content=\"Pierre Edouard Hefti, aux \u00c9tats-Unis en 1969-1970 - Intercultural Programs\" \/>\n<meta property=\"og:description\" content=\"\u00abLa distance \u00e9tait \u00e9norme, les communications difficiles. Dans l&rsquo;ann\u00e9e, je n&rsquo;ai pu t\u00e9l\u00e9phoner que deux fois \u00e0 mes parents (No\u00ebl&hellip;\" \/>\n<meta property=\"og:url\" content=\"https:\/\/www.afs.ch\/fr\/afs-blog-fr\/pierre-edouard-hefti-aux-etats-unis-en-1969-1970\/\" \/>\n<meta property=\"og:site_name\" content=\"Intercultural Programs\" \/>\n<meta property=\"article:publisher\" content=\"https:\/\/www.facebook.com\/afsswitzerland\/\" \/>\n<meta property=\"article:published_time\" content=\"2018-06-03T12:12:29+00:00\" \/>\n<meta property=\"article:modified_time\" content=\"2020-04-26T13:11:08+00:00\" \/>\n<meta property=\"og:image\" content=\"https:\/\/d22dvihj4pfop3.cloudfront.net\/wp-content\/uploads\/sites\/71\/2018\/05\/22194859\/Hefti-Banner.jpg\" \/>\n\t<meta property=\"og:image:width\" content=\"906\" \/>\n\t<meta property=\"og:image:height\" content=\"580\" \/>\n\t<meta property=\"og:image:type\" content=\"image\/jpeg\" \/>\n<meta name=\"author\" content=\"marylene\" \/>\n<meta name=\"twitter:card\" content=\"summary_large_image\" \/>\n<meta name=\"twitter:creator\" content=\"@afs_ch\" \/>\n<meta name=\"twitter:site\" content=\"@afs_ch\" \/>\n<meta name=\"twitter:label1\" content=\"Written by\" \/>\n\t<meta name=\"twitter:data1\" content=\"marylene\" \/>\n\t<meta name=\"twitter:label2\" content=\"Est. reading time\" \/>\n\t<meta name=\"twitter:data2\" content=\"8 minutes\" \/>\n<script type=\"application\/ld+json\" class=\"yoast-schema-graph\">{\"@context\":\"https:\/\/schema.org\",\"@graph\":[{\"@type\":\"WebPage\",\"@id\":\"https:\/\/www.afs.ch\/fr\/afs-blog-fr\/pierre-edouard-hefti-aux-etats-unis-en-1969-1970\/\",\"url\":\"https:\/\/www.afs.ch\/fr\/afs-blog-fr\/pierre-edouard-hefti-aux-etats-unis-en-1969-1970\/\",\"name\":\"Pierre Edouard Hefti, aux \u00c9tats-Unis en 1969-1970 - Intercultural Programs\",\"isPartOf\":{\"@id\":\"https:\/\/www.afs.ch\/fr\/#website\"},\"primaryImageOfPage\":{\"@id\":\"https:\/\/www.afs.ch\/fr\/afs-blog-fr\/pierre-edouard-hefti-aux-etats-unis-en-1969-1970\/#primaryimage\"},\"image\":{\"@id\":\"https:\/\/www.afs.ch\/fr\/afs-blog-fr\/pierre-edouard-hefti-aux-etats-unis-en-1969-1970\/#primaryimage\"},\"thumbnailUrl\":\"https:\/\/d22dvihj4pfop3.cloudfront.net\/wp-content\/uploads\/sites\/71\/2018\/05\/22194859\/Hefti-Banner.jpg\",\"datePublished\":\"2018-06-03T12:12:29+00:00\",\"dateModified\":\"2020-04-26T13:11:08+00:00\",\"author\":{\"@id\":\"https:\/\/www.afs.ch\/fr\/#\/schema\/person\/a611a79cd7e95852b230908aded9484e\"},\"breadcrumb\":{\"@id\":\"https:\/\/www.afs.ch\/fr\/afs-blog-fr\/pierre-edouard-hefti-aux-etats-unis-en-1969-1970\/#breadcrumb\"},\"inLanguage\":\"fr-FR\",\"potentialAction\":[{\"@type\":\"ReadAction\",\"target\":[\"https:\/\/www.afs.ch\/fr\/afs-blog-fr\/pierre-edouard-hefti-aux-etats-unis-en-1969-1970\/\"]}]},{\"@type\":\"ImageObject\",\"inLanguage\":\"fr-FR\",\"@id\":\"https:\/\/www.afs.ch\/fr\/afs-blog-fr\/pierre-edouard-hefti-aux-etats-unis-en-1969-1970\/#primaryimage\",\"url\":\"https:\/\/d22dvihj4pfop3.cloudfront.net\/wp-content\/uploads\/sites\/71\/2018\/05\/22194859\/Hefti-Banner.jpg\",\"contentUrl\":\"https:\/\/d22dvihj4pfop3.cloudfront.net\/wp-content\/uploads\/sites\/71\/2018\/05\/22194859\/Hefti-Banner.jpg\",\"width\":906,\"height\":580},{\"@type\":\"BreadcrumbList\",\"@id\":\"https:\/\/www.afs.ch\/fr\/afs-blog-fr\/pierre-edouard-hefti-aux-etats-unis-en-1969-1970\/#breadcrumb\",\"itemListElement\":[{\"@type\":\"ListItem\",\"position\":1,\"name\":\"Home\",\"item\":\"https:\/\/switzerland.afssite.afs.org\/fr\/\"},{\"@type\":\"ListItem\",\"position\":2,\"name\":\"Pierre Edouard Hefti, aux \u00c9tats-Unis en 1969-1970\"}]},{\"@type\":\"WebSite\",\"@id\":\"https:\/\/www.afs.ch\/fr\/#website\",\"url\":\"https:\/\/www.afs.ch\/fr\/\",\"name\":\"Interkulturelle Programme\",\"description\":\"Switzerland\",\"potentialAction\":[{\"@type\":\"SearchAction\",\"target\":{\"@type\":\"EntryPoint\",\"urlTemplate\":\"https:\/\/www.afs.ch\/fr\/?s={search_term_string}\"},\"query-input\":{\"@type\":\"PropertyValueSpecification\",\"valueRequired\":true,\"valueName\":\"search_term_string\"}}],\"inLanguage\":\"fr-FR\"},{\"@type\":\"Person\",\"@id\":\"https:\/\/www.afs.ch\/fr\/#\/schema\/person\/a611a79cd7e95852b230908aded9484e\",\"name\":\"marylene\",\"image\":{\"@type\":\"ImageObject\",\"inLanguage\":\"fr-FR\",\"@id\":\"https:\/\/www.afs.ch\/fr\/#\/schema\/person\/image\/\",\"url\":\"https:\/\/secure.gravatar.com\/avatar\/20b14f9dd565c580814cfb257cb053323fc7c7ec262a99a0a3b233369eae767a?s=96&d=mm&r=g\",\"contentUrl\":\"https:\/\/secure.gravatar.com\/avatar\/20b14f9dd565c580814cfb257cb053323fc7c7ec262a99a0a3b233369eae767a?s=96&d=mm&r=g\",\"caption\":\"marylene\"},\"url\":\"https:\/\/www.afs.ch\/fr\/author\/marylene\/\"}]}<\/script>\n<!-- \/ Yoast SEO plugin. -->","yoast_head_json":{"title":"Pierre Edouard Hefti, aux \u00c9tats-Unis en 1969-1970 - Intercultural Programs","robots":{"index":"index","follow":"follow","max-snippet":"max-snippet:-1","max-image-preview":"max-image-preview:large","max-video-preview":"max-video-preview:-1"},"canonical":"https:\/\/www.afs.ch\/fr\/afs-blog-fr\/pierre-edouard-hefti-aux-etats-unis-en-1969-1970\/","og_locale":"fr_FR","og_type":"article","og_title":"Pierre Edouard Hefti, aux \u00c9tats-Unis en 1969-1970 - Intercultural Programs","og_description":"\u00abLa distance \u00e9tait \u00e9norme, les communications difficiles. Dans l&rsquo;ann\u00e9e, je n&rsquo;ai pu t\u00e9l\u00e9phoner que deux fois \u00e0 mes parents (No\u00ebl&hellip;","og_url":"https:\/\/www.afs.ch\/fr\/afs-blog-fr\/pierre-edouard-hefti-aux-etats-unis-en-1969-1970\/","og_site_name":"Intercultural Programs","article_publisher":"https:\/\/www.facebook.com\/afsswitzerland\/","article_published_time":"2018-06-03T12:12:29+00:00","article_modified_time":"2020-04-26T13:11:08+00:00","og_image":[{"url":"https:\/\/d22dvihj4pfop3.cloudfront.net\/wp-content\/uploads\/sites\/71\/2018\/05\/22194859\/Hefti-Banner.jpg","width":906,"height":580,"type":"image\/jpeg"}],"author":"marylene","twitter_card":"summary_large_image","twitter_creator":"@afs_ch","twitter_site":"@afs_ch","twitter_misc":{"Written by":"marylene","Est. reading time":"8 minutes"},"schema":{"@context":"https:\/\/schema.org","@graph":[{"@type":"WebPage","@id":"https:\/\/www.afs.ch\/fr\/afs-blog-fr\/pierre-edouard-hefti-aux-etats-unis-en-1969-1970\/","url":"https:\/\/www.afs.ch\/fr\/afs-blog-fr\/pierre-edouard-hefti-aux-etats-unis-en-1969-1970\/","name":"Pierre Edouard Hefti, aux \u00c9tats-Unis en 1969-1970 - Intercultural Programs","isPartOf":{"@id":"https:\/\/www.afs.ch\/fr\/#website"},"primaryImageOfPage":{"@id":"https:\/\/www.afs.ch\/fr\/afs-blog-fr\/pierre-edouard-hefti-aux-etats-unis-en-1969-1970\/#primaryimage"},"image":{"@id":"https:\/\/www.afs.ch\/fr\/afs-blog-fr\/pierre-edouard-hefti-aux-etats-unis-en-1969-1970\/#primaryimage"},"thumbnailUrl":"https:\/\/d22dvihj4pfop3.cloudfront.net\/wp-content\/uploads\/sites\/71\/2018\/05\/22194859\/Hefti-Banner.jpg","datePublished":"2018-06-03T12:12:29+00:00","dateModified":"2020-04-26T13:11:08+00:00","author":{"@id":"https:\/\/www.afs.ch\/fr\/#\/schema\/person\/a611a79cd7e95852b230908aded9484e"},"breadcrumb":{"@id":"https:\/\/www.afs.ch\/fr\/afs-blog-fr\/pierre-edouard-hefti-aux-etats-unis-en-1969-1970\/#breadcrumb"},"inLanguage":"fr-FR","potentialAction":[{"@type":"ReadAction","target":["https:\/\/www.afs.ch\/fr\/afs-blog-fr\/pierre-edouard-hefti-aux-etats-unis-en-1969-1970\/"]}]},{"@type":"ImageObject","inLanguage":"fr-FR","@id":"https:\/\/www.afs.ch\/fr\/afs-blog-fr\/pierre-edouard-hefti-aux-etats-unis-en-1969-1970\/#primaryimage","url":"https:\/\/d22dvihj4pfop3.cloudfront.net\/wp-content\/uploads\/sites\/71\/2018\/05\/22194859\/Hefti-Banner.jpg","contentUrl":"https:\/\/d22dvihj4pfop3.cloudfront.net\/wp-content\/uploads\/sites\/71\/2018\/05\/22194859\/Hefti-Banner.jpg","width":906,"height":580},{"@type":"BreadcrumbList","@id":"https:\/\/www.afs.ch\/fr\/afs-blog-fr\/pierre-edouard-hefti-aux-etats-unis-en-1969-1970\/#breadcrumb","itemListElement":[{"@type":"ListItem","position":1,"name":"Home","item":"https:\/\/switzerland.afssite.afs.org\/fr\/"},{"@type":"ListItem","position":2,"name":"Pierre Edouard Hefti, aux \u00c9tats-Unis en 1969-1970"}]},{"@type":"WebSite","@id":"https:\/\/www.afs.ch\/fr\/#website","url":"https:\/\/www.afs.ch\/fr\/","name":"Interkulturelle Programme","description":"Switzerland","potentialAction":[{"@type":"SearchAction","target":{"@type":"EntryPoint","urlTemplate":"https:\/\/www.afs.ch\/fr\/?s={search_term_string}"},"query-input":{"@type":"PropertyValueSpecification","valueRequired":true,"valueName":"search_term_string"}}],"inLanguage":"fr-FR"},{"@type":"Person","@id":"https:\/\/www.afs.ch\/fr\/#\/schema\/person\/a611a79cd7e95852b230908aded9484e","name":"marylene","image":{"@type":"ImageObject","inLanguage":"fr-FR","@id":"https:\/\/www.afs.ch\/fr\/#\/schema\/person\/image\/","url":"https:\/\/secure.gravatar.com\/avatar\/20b14f9dd565c580814cfb257cb053323fc7c7ec262a99a0a3b233369eae767a?s=96&d=mm&r=g","contentUrl":"https:\/\/secure.gravatar.com\/avatar\/20b14f9dd565c580814cfb257cb053323fc7c7ec262a99a0a3b233369eae767a?s=96&d=mm&r=g","caption":"marylene"},"url":"https:\/\/www.afs.ch\/fr\/author\/marylene\/"}]}},"_links":{"self":[{"href":"https:\/\/www.afs.ch\/fr\/wp-json\/wp\/v2\/posts\/26087","targetHints":{"allow":["GET"]}}],"collection":[{"href":"https:\/\/www.afs.ch\/fr\/wp-json\/wp\/v2\/posts"}],"about":[{"href":"https:\/\/www.afs.ch\/fr\/wp-json\/wp\/v2\/types\/post"}],"author":[{"embeddable":true,"href":"https:\/\/www.afs.ch\/fr\/wp-json\/wp\/v2\/users\/239"}],"replies":[{"embeddable":true,"href":"https:\/\/www.afs.ch\/fr\/wp-json\/wp\/v2\/comments?post=26087"}],"version-history":[{"count":5,"href":"https:\/\/www.afs.ch\/fr\/wp-json\/wp\/v2\/posts\/26087\/revisions"}],"predecessor-version":[{"id":42966,"href":"https:\/\/www.afs.ch\/fr\/wp-json\/wp\/v2\/posts\/26087\/revisions\/42966"}],"wp:featuredmedia":[{"embeddable":true,"href":"https:\/\/www.afs.ch\/fr\/wp-json\/wp\/v2\/media\/25826"}],"wp:attachment":[{"href":"https:\/\/www.afs.ch\/fr\/wp-json\/wp\/v2\/media?parent=26087"}],"wp:term":[{"taxonomy":"category","embeddable":true,"href":"https:\/\/www.afs.ch\/fr\/wp-json\/wp\/v2\/categories?post=26087"},{"taxonomy":"post_tag","embeddable":true,"href":"https:\/\/www.afs.ch\/fr\/wp-json\/wp\/v2\/tags?post=26087"}],"curies":[{"name":"wp","href":"https:\/\/api.w.org\/{rel}","templated":true}]}}