{"id":26252,"date":"2018-06-06T15:32:09","date_gmt":"2018-06-06T14:32:09","guid":{"rendered":"http:\/\/switzerland.afssite.afs.org\/fr\/?p=26252"},"modified":"2020-04-26T14:10:51","modified_gmt":"2020-04-26T13:10:51","slug":"5-bonnes-raisons-de-partir-en-programme-dechange-afs","status":"publish","type":"post","link":"https:\/\/www.afs.ch\/fr\/afs-blog-fr\/5-bonnes-raisons-de-partir-en-programme-dechange-afs\/","title":{"rendered":"5 bonnes raisons de partir en programme d\u2019\u00e9change AFS"},"content":{"rendered":"<h3><strong>Tu apprends une nouvelle langue et\/ou tu perfectionnes tes connaissances linguistiques<\/strong><\/h3>\n<p>En Suisse, on apprend d\u00e9j\u00e0 beaucoup de langues \u00e0 l\u2019\u00e9cole: le fran\u00e7ais, l\u2019anglais, l\u2019allemand\u2026 sans compter toutes les autres langues propos\u00e9es en option: l\u2019italien, le russe, le chinois\u2026 Te sens-tu pour autant \u00e0 l\u2019aise quand tu parles avec quelqu\u2019un dans l\u2019une de ces langues? Apr\u00e8s un s\u00e9jour \u00e0 l\u2019\u00e9tranger avec AFS, non seulement tu t\u2019exprimeras sans effort dans la langue de ton pays d\u2019accueil, mais en plus tu te surprendras \u00e0 r\u00eaver dans cette langue!<\/p>\n<p>La plupart de nos participants qui choisissent des pays tels que le Japon, la Finlande, le Br\u00e9sil ou la Croatie ne parlent pas du tout ou tr\u00e8s peu la langue locale \u00e0 leur arriv\u00e9e l\u00e0-bas. \u00c0 leur retour en Suisse, ils sont capables de s\u2019exprimer couramment sur tout plein de sujets. Partir avec AFS, c\u2019est vivre dans une famille d\u2019accueil, fr\u00e9quenter un \u00e9tablissement scolaire local, passer ton temps libre avec tes nouveaux amis, bref c\u2019est faire le choix d\u2019une formule d\u2019apprentissage renforc\u00e9, car contrairement \u00e0 un s\u00e9jour linguistique classique dans une \u00e9cole de langue, les participants AFS sont en permanence en immersion dans la langue et en apprennent ainsi toutes les nuances culturelles. Quelle que soit la destination choisie, tu am\u00e9liores \u00e0 c\u00f4t\u00e9 de \u00e7a ton anglais. Il est en effet fort probable que la langue de Shakespeare, en tant que langue internationale, te sois bien utile au d\u00e9but pour communiquer.<\/p>\n<h3><strong>Tu fais plein de nouvelles rencontres<\/strong><\/h3>\n<p>Un s\u00e9jour \u00e0 l\u2019\u00e9tranger t\u2019am\u00e8ne \u00e0 rencontrer plein de nouvelles personnes et \u00e0 cr\u00e9er de nouveaux liens d\u2019amiti\u00e9. Nous recevons r\u00e9guli\u00e8rement des photos et des t\u00e9moignages d\u2019\u00e9tudiants et de leurs familles d\u2019accueil, qui se retrouvent plusieurs ann\u00e9es apr\u00e8s et prennent plaisir \u00e0 se rappeler leur exp\u00e9rience AFS. Les autres \u00e9tudiants en programme d\u2019\u00e9change que tu vas rencontrer pendant ton s\u00e9jour feront eux aussi partie de ta vie. Tu vas ainsi te construire un r\u00e9seau d\u2019amis et de connaissances aux quatre coins du monde!<\/p>\n<p><figure class=\"wp-image-wrap\"><img loading=\"lazy\" decoding=\"async\" class=\"alignnone wp-image-26245\" src=\"https:\/\/d22dvihj4pfop3.cloudfront.net\/wp-content\/uploads\/sites\/71\/2018\/06\/06152511\/IMG_20170911_133425_028.jpg\" alt=\"\" width=\"350\" height=\"350\" \/><\/figure><\/p>\n<h3><strong>Tu es en immersion dans une autre culture<\/strong><\/h3>\n<p>Quand tu pars en vacances dans un autre pays en tant que touriste, tu n\u2019as pas toujours l\u2019occasion d\u2019apprendre \u00e0 conna\u00eetre vraiment la culture locale. Souvent, tu la d\u00e9couvres seulement de fa\u00e7on superficielle. En partant en programme d\u2019\u00e9change, tu as assez de temps pour t\u2019impr\u00e9gner de la culture du pays et en appr\u00e9cier toutes ses subtilit\u00e9s. Tu testes toutes les sp\u00e9cialit\u00e9s culinaires, tu participes aux \u00e9v\u00e9nements et aux f\u00eates traditionnelles aux c\u00f4t\u00e9s des autochtones, tu apprends \u00e0 conna\u00eetre l\u2019histoire et les enjeux actuels du pays, etc. En quelques mots, tu d\u00e9couvres tous les aspects positifs et n\u00e9gatifs de la culture de ton pays d\u2019accueil. Les b\u00e9n\u00e9voles AFS et ta famille d\u2019accueil se feront un plaisir de t\u2019introduire dans la culture de leur pays et de t\u2019en faire conna\u00eetre les diff\u00e9rentes facettes. Tu seras s\u00fbrement amen\u00e9 lors de ton s\u00e9jour \u00e0 comparer la culture de ton pays d\u2019accueil \u00e0 la tienne et \u00e0 questionner ton syst\u00e8me de valeurs en le confrontant \u00e0 d\u2019autres perspectives. Ce faisant, tu red\u00e9couvriras ta propre culture et tu \u00e9largiras \u00e9galement ton horizon sur le monde!<\/p>\n<h3><strong>Tu apprends \u00e0 mieux te conna\u00eetre<\/strong><\/h3>\n<p>Tu as l\u2019impression ici de savoir qui tu es. Toutefois, cette image repose souvent sur des conventions et des habitudes qui ne sont pas l\u00e0 lors de ton programme d\u2019\u00e9change. Pendant ton s\u00e9jour, tu te lanceras peut-\u00eatre dans des activit\u00e9s que tu n\u2019aurais jamais essay\u00e9es en Suisse, tu t\u2019\u00e9tonneras dans certaines situations d\u2019avoir plus de courage que tu n\u2019aurais imagin\u00e9, tu apprendras des choses sur toi et tu d\u00e9couvriras de nouveaux traits de ta personnalit\u00e9. Quand on se retrouve dans un environnement nouveau, entour\u00e9 de nouvelles personnes, on se sent libre de poser un nouveau regard sur soi et de se r\u00e9v\u00e9ler \u00e0 soi-m\u00eame. C\u2019est non seulement tr\u00e8s enrichissant du point de vue personnel, mais cela t\u2019aidera aussi plus tard dans ta vie professionnelle et dans ta carri\u00e8re.<\/p>\n<h3><strong>Tu vis l\u2019ann\u00e9e de ta vie<\/strong><\/h3>\n<p>Pendant ton s\u00e9jour \u00e0 l\u2019\u00e9tranger, tu vas d\u00e9couvrir, voir et vivre plus de choses que certaines personnes ne le font dans toute une vie. Partir en programme d\u2019\u00e9change, c\u2019est une occasion unique de voyager dans un autre pays, de tester de nouvelles choses, de vivre des exp\u00e9riences incroyables. Qui sait quand une telle opportunit\u00e9 se pr\u00e9sentera \u00e0 nouveau? Ne te focalise pas sur l\u2019ann\u00e9e scolaire ou le semestre \u00abperdu\u00bb en Suisse &#8211; que tu rattraperas tr\u00e8s certainement sans probl\u00e8me \u2013 \u00a0mais saisis ta chance et n\u2019attends pas que L\u2019aventure de ta vie te passe sous le nez! \ud83d\ude42<\/p>\n","protected":false},"excerpt":{"rendered":"<p>Tu apprends une nouvelle langue et\/ou tu perfectionnes tes connaissances linguistiques En Suisse, on apprend d\u00e9j\u00e0 beaucoup de langues \u00e0&hellip;<\/p>\n","protected":false},"author":488,"featured_media":0,"comment_status":"open","ping_status":"open","sticky":false,"template":"","format":"standard","meta":{"footnotes":""},"categories":[743],"tags":[],"class_list":["post-26252","post","type-post","status-publish","format-standard","hentry","category-afs-blog-fr"],"yoast_head":"<!-- This site is optimized with the Yoast SEO plugin v26.6 - https:\/\/yoast.com\/wordpress\/plugins\/seo\/ -->\n<title>5 bonnes raisons de partir en programme d\u2019\u00e9change AFS - Intercultural Programs<\/title>\n<meta name=\"robots\" content=\"index, follow, max-snippet:-1, max-image-preview:large, max-video-preview:-1\" \/>\n<link rel=\"canonical\" href=\"https:\/\/www.afs.ch\/fr\/afs-blog-fr\/5-bonnes-raisons-de-partir-en-programme-dechange-afs\/\" \/>\n<meta property=\"og:locale\" content=\"fr_FR\" \/>\n<meta property=\"og:type\" content=\"article\" \/>\n<meta property=\"og:title\" content=\"5 bonnes raisons de partir en programme d\u2019\u00e9change AFS - Intercultural Programs\" \/>\n<meta property=\"og:description\" content=\"Tu apprends une nouvelle langue et\/ou tu perfectionnes tes connaissances linguistiques En Suisse, on apprend d\u00e9j\u00e0 beaucoup de langues \u00e0&hellip;\" \/>\n<meta property=\"og:url\" content=\"https:\/\/www.afs.ch\/fr\/afs-blog-fr\/5-bonnes-raisons-de-partir-en-programme-dechange-afs\/\" \/>\n<meta property=\"og:site_name\" content=\"Intercultural Programs\" \/>\n<meta property=\"article:publisher\" content=\"https:\/\/www.facebook.com\/afsswitzerland\/\" \/>\n<meta property=\"article:published_time\" content=\"2018-06-06T14:32:09+00:00\" \/>\n<meta property=\"article:modified_time\" content=\"2020-04-26T13:10:51+00:00\" \/>\n<meta property=\"og:image\" content=\"https:\/\/www.afs.ch\/wp-content\/uploads\/sites\/71\/2018\/06\/IMG_20170911_133425_028-650x650.jpg\" \/>\n<meta name=\"author\" content=\"elinefontannaz\" \/>\n<meta name=\"twitter:card\" content=\"summary_large_image\" \/>\n<meta name=\"twitter:creator\" content=\"@afs_ch\" \/>\n<meta name=\"twitter:site\" content=\"@afs_ch\" \/>\n<meta name=\"twitter:label1\" content=\"Written by\" \/>\n\t<meta name=\"twitter:data1\" content=\"elinefontannaz\" \/>\n\t<meta name=\"twitter:label2\" content=\"Est. reading time\" \/>\n\t<meta name=\"twitter:data2\" content=\"4 minutes\" \/>\n<script type=\"application\/ld+json\" class=\"yoast-schema-graph\">{\"@context\":\"https:\/\/schema.org\",\"@graph\":[{\"@type\":\"WebPage\",\"@id\":\"https:\/\/www.afs.ch\/fr\/afs-blog-fr\/5-bonnes-raisons-de-partir-en-programme-dechange-afs\/\",\"url\":\"https:\/\/www.afs.ch\/fr\/afs-blog-fr\/5-bonnes-raisons-de-partir-en-programme-dechange-afs\/\",\"name\":\"5 bonnes raisons de partir en programme d\u2019\u00e9change AFS - Intercultural Programs\",\"isPartOf\":{\"@id\":\"https:\/\/www.afs.ch\/fr\/#website\"},\"primaryImageOfPage\":{\"@id\":\"https:\/\/www.afs.ch\/fr\/afs-blog-fr\/5-bonnes-raisons-de-partir-en-programme-dechange-afs\/#primaryimage\"},\"image\":{\"@id\":\"https:\/\/www.afs.ch\/fr\/afs-blog-fr\/5-bonnes-raisons-de-partir-en-programme-dechange-afs\/#primaryimage\"},\"thumbnailUrl\":\"https:\/\/www.afs.ch\/wp-content\/uploads\/sites\/71\/2018\/06\/IMG_20170911_133425_028-650x650.jpg\",\"datePublished\":\"2018-06-06T14:32:09+00:00\",\"dateModified\":\"2020-04-26T13:10:51+00:00\",\"author\":{\"@id\":\"https:\/\/www.afs.ch\/fr\/#\/schema\/person\/828fea04e6ea73c5f26d0796ed641c0e\"},\"breadcrumb\":{\"@id\":\"https:\/\/www.afs.ch\/fr\/afs-blog-fr\/5-bonnes-raisons-de-partir-en-programme-dechange-afs\/#breadcrumb\"},\"inLanguage\":\"fr-FR\",\"potentialAction\":[{\"@type\":\"ReadAction\",\"target\":[\"https:\/\/www.afs.ch\/fr\/afs-blog-fr\/5-bonnes-raisons-de-partir-en-programme-dechange-afs\/\"]}]},{\"@type\":\"ImageObject\",\"inLanguage\":\"fr-FR\",\"@id\":\"https:\/\/www.afs.ch\/fr\/afs-blog-fr\/5-bonnes-raisons-de-partir-en-programme-dechange-afs\/#primaryimage\",\"url\":\"https:\/\/www.afs.ch\/wp-content\/uploads\/sites\/71\/2018\/06\/IMG_20170911_133425_028-650x650.jpg\",\"contentUrl\":\"https:\/\/www.afs.ch\/wp-content\/uploads\/sites\/71\/2018\/06\/IMG_20170911_133425_028-650x650.jpg\"},{\"@type\":\"BreadcrumbList\",\"@id\":\"https:\/\/www.afs.ch\/fr\/afs-blog-fr\/5-bonnes-raisons-de-partir-en-programme-dechange-afs\/#breadcrumb\",\"itemListElement\":[{\"@type\":\"ListItem\",\"position\":1,\"name\":\"Home\",\"item\":\"https:\/\/switzerland.afssite.afs.org\/fr\/\"},{\"@type\":\"ListItem\",\"position\":2,\"name\":\"5 bonnes raisons de partir en programme d\u2019\u00e9change AFS\"}]},{\"@type\":\"WebSite\",\"@id\":\"https:\/\/www.afs.ch\/fr\/#website\",\"url\":\"https:\/\/www.afs.ch\/fr\/\",\"name\":\"Interkulturelle Programme\",\"description\":\"Switzerland\",\"potentialAction\":[{\"@type\":\"SearchAction\",\"target\":{\"@type\":\"EntryPoint\",\"urlTemplate\":\"https:\/\/www.afs.ch\/fr\/?s={search_term_string}\"},\"query-input\":{\"@type\":\"PropertyValueSpecification\",\"valueRequired\":true,\"valueName\":\"search_term_string\"}}],\"inLanguage\":\"fr-FR\"},{\"@type\":\"Person\",\"@id\":\"https:\/\/www.afs.ch\/fr\/#\/schema\/person\/828fea04e6ea73c5f26d0796ed641c0e\",\"name\":\"elinefontannaz\",\"image\":{\"@type\":\"ImageObject\",\"inLanguage\":\"fr-FR\",\"@id\":\"https:\/\/www.afs.ch\/fr\/#\/schema\/person\/image\/\",\"url\":\"https:\/\/secure.gravatar.com\/avatar\/ca8bcde4226c78e4ab63ec7a197ab58e5150d5917a3f6386d4ce5424d061c13f?s=96&d=mm&r=g\",\"contentUrl\":\"https:\/\/secure.gravatar.com\/avatar\/ca8bcde4226c78e4ab63ec7a197ab58e5150d5917a3f6386d4ce5424d061c13f?s=96&d=mm&r=g\",\"caption\":\"elinefontannaz\"},\"url\":\"https:\/\/www.afs.ch\/fr\/author\/elinefontannaz\/\"}]}<\/script>\n<!-- \/ Yoast SEO plugin. -->","yoast_head_json":{"title":"5 bonnes raisons de partir en programme d\u2019\u00e9change AFS - Intercultural Programs","robots":{"index":"index","follow":"follow","max-snippet":"max-snippet:-1","max-image-preview":"max-image-preview:large","max-video-preview":"max-video-preview:-1"},"canonical":"https:\/\/www.afs.ch\/fr\/afs-blog-fr\/5-bonnes-raisons-de-partir-en-programme-dechange-afs\/","og_locale":"fr_FR","og_type":"article","og_title":"5 bonnes raisons de partir en programme d\u2019\u00e9change AFS - Intercultural Programs","og_description":"Tu apprends une nouvelle langue et\/ou tu perfectionnes tes connaissances linguistiques En Suisse, on apprend d\u00e9j\u00e0 beaucoup de langues \u00e0&hellip;","og_url":"https:\/\/www.afs.ch\/fr\/afs-blog-fr\/5-bonnes-raisons-de-partir-en-programme-dechange-afs\/","og_site_name":"Intercultural Programs","article_publisher":"https:\/\/www.facebook.com\/afsswitzerland\/","article_published_time":"2018-06-06T14:32:09+00:00","article_modified_time":"2020-04-26T13:10:51+00:00","og_image":[{"url":"https:\/\/www.afs.ch\/wp-content\/uploads\/sites\/71\/2018\/06\/IMG_20170911_133425_028-650x650.jpg","type":"","width":"","height":""}],"author":"elinefontannaz","twitter_card":"summary_large_image","twitter_creator":"@afs_ch","twitter_site":"@afs_ch","twitter_misc":{"Written by":"elinefontannaz","Est. reading time":"4 minutes"},"schema":{"@context":"https:\/\/schema.org","@graph":[{"@type":"WebPage","@id":"https:\/\/www.afs.ch\/fr\/afs-blog-fr\/5-bonnes-raisons-de-partir-en-programme-dechange-afs\/","url":"https:\/\/www.afs.ch\/fr\/afs-blog-fr\/5-bonnes-raisons-de-partir-en-programme-dechange-afs\/","name":"5 bonnes raisons de partir en programme d\u2019\u00e9change AFS - Intercultural Programs","isPartOf":{"@id":"https:\/\/www.afs.ch\/fr\/#website"},"primaryImageOfPage":{"@id":"https:\/\/www.afs.ch\/fr\/afs-blog-fr\/5-bonnes-raisons-de-partir-en-programme-dechange-afs\/#primaryimage"},"image":{"@id":"https:\/\/www.afs.ch\/fr\/afs-blog-fr\/5-bonnes-raisons-de-partir-en-programme-dechange-afs\/#primaryimage"},"thumbnailUrl":"https:\/\/www.afs.ch\/wp-content\/uploads\/sites\/71\/2018\/06\/IMG_20170911_133425_028-650x650.jpg","datePublished":"2018-06-06T14:32:09+00:00","dateModified":"2020-04-26T13:10:51+00:00","author":{"@id":"https:\/\/www.afs.ch\/fr\/#\/schema\/person\/828fea04e6ea73c5f26d0796ed641c0e"},"breadcrumb":{"@id":"https:\/\/www.afs.ch\/fr\/afs-blog-fr\/5-bonnes-raisons-de-partir-en-programme-dechange-afs\/#breadcrumb"},"inLanguage":"fr-FR","potentialAction":[{"@type":"ReadAction","target":["https:\/\/www.afs.ch\/fr\/afs-blog-fr\/5-bonnes-raisons-de-partir-en-programme-dechange-afs\/"]}]},{"@type":"ImageObject","inLanguage":"fr-FR","@id":"https:\/\/www.afs.ch\/fr\/afs-blog-fr\/5-bonnes-raisons-de-partir-en-programme-dechange-afs\/#primaryimage","url":"https:\/\/www.afs.ch\/wp-content\/uploads\/sites\/71\/2018\/06\/IMG_20170911_133425_028-650x650.jpg","contentUrl":"https:\/\/www.afs.ch\/wp-content\/uploads\/sites\/71\/2018\/06\/IMG_20170911_133425_028-650x650.jpg"},{"@type":"BreadcrumbList","@id":"https:\/\/www.afs.ch\/fr\/afs-blog-fr\/5-bonnes-raisons-de-partir-en-programme-dechange-afs\/#breadcrumb","itemListElement":[{"@type":"ListItem","position":1,"name":"Home","item":"https:\/\/switzerland.afssite.afs.org\/fr\/"},{"@type":"ListItem","position":2,"name":"5 bonnes raisons de partir en programme d\u2019\u00e9change AFS"}]},{"@type":"WebSite","@id":"https:\/\/www.afs.ch\/fr\/#website","url":"https:\/\/www.afs.ch\/fr\/","name":"Interkulturelle Programme","description":"Switzerland","potentialAction":[{"@type":"SearchAction","target":{"@type":"EntryPoint","urlTemplate":"https:\/\/www.afs.ch\/fr\/?s={search_term_string}"},"query-input":{"@type":"PropertyValueSpecification","valueRequired":true,"valueName":"search_term_string"}}],"inLanguage":"fr-FR"},{"@type":"Person","@id":"https:\/\/www.afs.ch\/fr\/#\/schema\/person\/828fea04e6ea73c5f26d0796ed641c0e","name":"elinefontannaz","image":{"@type":"ImageObject","inLanguage":"fr-FR","@id":"https:\/\/www.afs.ch\/fr\/#\/schema\/person\/image\/","url":"https:\/\/secure.gravatar.com\/avatar\/ca8bcde4226c78e4ab63ec7a197ab58e5150d5917a3f6386d4ce5424d061c13f?s=96&d=mm&r=g","contentUrl":"https:\/\/secure.gravatar.com\/avatar\/ca8bcde4226c78e4ab63ec7a197ab58e5150d5917a3f6386d4ce5424d061c13f?s=96&d=mm&r=g","caption":"elinefontannaz"},"url":"https:\/\/www.afs.ch\/fr\/author\/elinefontannaz\/"}]}},"_links":{"self":[{"href":"https:\/\/www.afs.ch\/fr\/wp-json\/wp\/v2\/posts\/26252","targetHints":{"allow":["GET"]}}],"collection":[{"href":"https:\/\/www.afs.ch\/fr\/wp-json\/wp\/v2\/posts"}],"about":[{"href":"https:\/\/www.afs.ch\/fr\/wp-json\/wp\/v2\/types\/post"}],"author":[{"embeddable":true,"href":"https:\/\/www.afs.ch\/fr\/wp-json\/wp\/v2\/users\/488"}],"replies":[{"embeddable":true,"href":"https:\/\/www.afs.ch\/fr\/wp-json\/wp\/v2\/comments?post=26252"}],"version-history":[{"count":4,"href":"https:\/\/www.afs.ch\/fr\/wp-json\/wp\/v2\/posts\/26252\/revisions"}],"predecessor-version":[{"id":42965,"href":"https:\/\/www.afs.ch\/fr\/wp-json\/wp\/v2\/posts\/26252\/revisions\/42965"}],"wp:attachment":[{"href":"https:\/\/www.afs.ch\/fr\/wp-json\/wp\/v2\/media?parent=26252"}],"wp:term":[{"taxonomy":"category","embeddable":true,"href":"https:\/\/www.afs.ch\/fr\/wp-json\/wp\/v2\/categories?post=26252"},{"taxonomy":"post_tag","embeddable":true,"href":"https:\/\/www.afs.ch\/fr\/wp-json\/wp\/v2\/tags?post=26252"}],"curies":[{"name":"wp","href":"https:\/\/api.w.org\/{rel}","templated":true}]}}