{"id":26721,"date":"2018-06-27T15:21:08","date_gmt":"2018-06-27T14:21:08","guid":{"rendered":"http:\/\/switzerland.afssite.afs.org\/fr\/?p=26721"},"modified":"2020-04-26T14:10:36","modified_gmt":"2020-04-26T13:10:36","slug":"souvrir-au-monde","status":"publish","type":"post","link":"https:\/\/www.afs.ch\/fr\/afs-blog-fr\/souvrir-au-monde\/","title":{"rendered":"Des programmes d&rsquo;\u00e9changes pour s&rsquo;ouvrir au monde"},"content":{"rendered":"<p>Lundi 18 septembre, Rihab, notre \u00e9tudiante tunisienne en programme d&rsquo;\u00e9change en Suisse, et sa s\u0153ur d&rsquo;accueil, Fanny, se sont rendues dans les studios de la RTN \u00e0 Neuch\u00e2tel pour parler de leur inoubliable aventure interculturelle. Malgr\u00e9 l&rsquo;heure matinale, ces deux jeunes filles \u00e9taient \u00abau taquet\u00bb, comme l&rsquo;on dit par chez nous, et nous ont livr\u00e9 leurs anecdotes, leurs appr\u00e9hensions, leurs exp\u00e9riences culinaires et autres d\u00e9couvertes \u2026 bref \u00e0 quoi ressemble une aventure AFS!<\/p>\n<p>Sit\u00f4t leur passage \u00e0 la radio termin\u00e9, elles sont reparties en direction de chez elles \u00e0 Cressier o\u00f9 elles ont accueilli, un peu plus tard, en famille, une journaliste d&rsquo;Arcinfo.<\/p>\n<p>Mais on ne vous en dira pas plus! On vous laisse d\u00e9couvrir par vous-m\u00eame ces attendrissants t\u00e9moignages!<\/p>\n<p><figure class=\"wp-image-wrap\"><img loading=\"lazy\" decoding=\"async\" class=\"alignnone size-full wp-image-26725\" src=\"https:\/\/d22dvihj4pfop3.cloudfront.net\/wp-content\/uploads\/sites\/71\/2018\/06\/27152256\/arc_20180626_0_0_7.jpg\" alt=\"\" width=\"558\" height=\"367\" \/><\/figure><\/p>\n<p>\u00c9mission \u00e0 retrouver sur le site de la RTN: <a href=\"https:\/\/www.rtn.ch\/rtn\/Programmes\/emissions\/Format-A3\/Des-echanges-pour-s-ouvrir-au-monde.html\">www.rtn.ch\/rtn\/Programmes\/emissions\/Format-A3\/Des-echanges-pour-s-ouvrir-au-monde.html<\/a><\/p>\n<p>Article en PDF paru le 26.6.18 dans Arcinfo \u00e0 retrouver <a href=\"https:\/\/www.afs.ch\/wp-content\/uploads\/sites\/71\/2018\/06\/arc_20180626_0_0_7.pdf\">ici<\/a><\/p>\n<p>&nbsp;<\/p>\n<p>Et si, \u00e0 la suite de ces t\u00e9moignages, vous souhaitez vivre, vous aussi, une magnifique aventure interculturelle, que ce soit en tant que familles d&rsquo;accueil ou en tant qu&rsquo;\u00e9tudiant en programme d&rsquo;\u00e9change, n&rsquo;h\u00e9sitez pas \u00e0 nous contacter \u00e0 <a href=\"mailto:bonjour@afs.ch\">bonjour@afs.ch<\/a> ou au 021 323 19 19. On se r\u00e9jouit d\u00e9j\u00e0 de votre contact!<\/p>\n","protected":false},"excerpt":{"rendered":"<p>Lundi 18 septembre, Rihab, notre \u00e9tudiante tunisienne en programme d&rsquo;\u00e9change en Suisse, et sa s\u0153ur d&rsquo;accueil, Fanny, se sont rendues&hellip;<\/p>\n","protected":false},"author":488,"featured_media":26727,"comment_status":"open","ping_status":"open","sticky":false,"template":"","format":"standard","meta":{"footnotes":""},"categories":[743],"tags":[],"class_list":["post-26721","post","type-post","status-publish","format-standard","has-post-thumbnail","hentry","category-afs-blog-fr"],"yoast_head":"<!-- This site is optimized with the Yoast SEO plugin v26.6 - https:\/\/yoast.com\/wordpress\/plugins\/seo\/ -->\n<title>Des programmes d&#039;\u00e9changes pour s&#039;ouvrir au monde - Intercultural Programs<\/title>\n<meta name=\"robots\" content=\"index, follow, max-snippet:-1, max-image-preview:large, max-video-preview:-1\" \/>\n<link rel=\"canonical\" href=\"https:\/\/www.afs.ch\/fr\/afs-blog-fr\/souvrir-au-monde\/\" \/>\n<meta property=\"og:locale\" content=\"fr_FR\" \/>\n<meta property=\"og:type\" content=\"article\" \/>\n<meta property=\"og:title\" content=\"Des programmes d&#039;\u00e9changes pour s&#039;ouvrir au monde - Intercultural Programs\" \/>\n<meta property=\"og:description\" content=\"Lundi 18 septembre, Rihab, notre \u00e9tudiante tunisienne en programme d&rsquo;\u00e9change en Suisse, et sa s\u0153ur d&rsquo;accueil, Fanny, se sont rendues&hellip;\" \/>\n<meta property=\"og:url\" content=\"https:\/\/www.afs.ch\/fr\/afs-blog-fr\/souvrir-au-monde\/\" \/>\n<meta property=\"og:site_name\" content=\"Intercultural Programs\" \/>\n<meta property=\"article:publisher\" content=\"https:\/\/www.facebook.com\/afsswitzerland\/\" \/>\n<meta property=\"article:published_time\" content=\"2018-06-27T14:21:08+00:00\" \/>\n<meta property=\"article:modified_time\" content=\"2020-04-26T13:10:36+00:00\" \/>\n<meta property=\"og:image\" content=\"https:\/\/d22dvihj4pfop3.cloudfront.net\/wp-content\/uploads\/sites\/71\/2018\/06\/27152613\/FB_IMG_1525876264162-3-1200x630.jpg\" \/>\n\t<meta property=\"og:image:width\" content=\"1200\" \/>\n\t<meta property=\"og:image:height\" content=\"630\" \/>\n\t<meta property=\"og:image:type\" content=\"image\/jpeg\" \/>\n<meta name=\"author\" content=\"elinefontannaz\" \/>\n<meta name=\"twitter:card\" content=\"summary_large_image\" \/>\n<meta name=\"twitter:creator\" content=\"@afs_ch\" \/>\n<meta name=\"twitter:site\" content=\"@afs_ch\" \/>\n<meta name=\"twitter:label1\" content=\"Written by\" \/>\n\t<meta name=\"twitter:data1\" content=\"elinefontannaz\" \/>\n\t<meta name=\"twitter:label2\" content=\"Est. reading time\" \/>\n\t<meta name=\"twitter:data2\" content=\"1 minute\" \/>\n<script type=\"application\/ld+json\" class=\"yoast-schema-graph\">{\"@context\":\"https:\/\/schema.org\",\"@graph\":[{\"@type\":\"WebPage\",\"@id\":\"https:\/\/www.afs.ch\/fr\/afs-blog-fr\/souvrir-au-monde\/\",\"url\":\"https:\/\/www.afs.ch\/fr\/afs-blog-fr\/souvrir-au-monde\/\",\"name\":\"Des programmes d'\u00e9changes pour s'ouvrir au monde - Intercultural Programs\",\"isPartOf\":{\"@id\":\"https:\/\/www.afs.ch\/fr\/#website\"},\"primaryImageOfPage\":{\"@id\":\"https:\/\/www.afs.ch\/fr\/afs-blog-fr\/souvrir-au-monde\/#primaryimage\"},\"image\":{\"@id\":\"https:\/\/www.afs.ch\/fr\/afs-blog-fr\/souvrir-au-monde\/#primaryimage\"},\"thumbnailUrl\":\"https:\/\/d22dvihj4pfop3.cloudfront.net\/wp-content\/uploads\/sites\/71\/2018\/06\/27152613\/FB_IMG_1525876264162-3.jpg\",\"datePublished\":\"2018-06-27T14:21:08+00:00\",\"dateModified\":\"2020-04-26T13:10:36+00:00\",\"author\":{\"@id\":\"https:\/\/www.afs.ch\/fr\/#\/schema\/person\/828fea04e6ea73c5f26d0796ed641c0e\"},\"breadcrumb\":{\"@id\":\"https:\/\/www.afs.ch\/fr\/afs-blog-fr\/souvrir-au-monde\/#breadcrumb\"},\"inLanguage\":\"fr-FR\",\"potentialAction\":[{\"@type\":\"ReadAction\",\"target\":[\"https:\/\/www.afs.ch\/fr\/afs-blog-fr\/souvrir-au-monde\/\"]}]},{\"@type\":\"ImageObject\",\"inLanguage\":\"fr-FR\",\"@id\":\"https:\/\/www.afs.ch\/fr\/afs-blog-fr\/souvrir-au-monde\/#primaryimage\",\"url\":\"https:\/\/d22dvihj4pfop3.cloudfront.net\/wp-content\/uploads\/sites\/71\/2018\/06\/27152613\/FB_IMG_1525876264162-3.jpg\",\"contentUrl\":\"https:\/\/d22dvihj4pfop3.cloudfront.net\/wp-content\/uploads\/sites\/71\/2018\/06\/27152613\/FB_IMG_1525876264162-3.jpg\",\"width\":1414,\"height\":1200},{\"@type\":\"BreadcrumbList\",\"@id\":\"https:\/\/www.afs.ch\/fr\/afs-blog-fr\/souvrir-au-monde\/#breadcrumb\",\"itemListElement\":[{\"@type\":\"ListItem\",\"position\":1,\"name\":\"Home\",\"item\":\"https:\/\/switzerland.afssite.afs.org\/fr\/\"},{\"@type\":\"ListItem\",\"position\":2,\"name\":\"Des programmes d&rsquo;\u00e9changes pour s&rsquo;ouvrir au monde\"}]},{\"@type\":\"WebSite\",\"@id\":\"https:\/\/www.afs.ch\/fr\/#website\",\"url\":\"https:\/\/www.afs.ch\/fr\/\",\"name\":\"Interkulturelle Programme\",\"description\":\"Switzerland\",\"potentialAction\":[{\"@type\":\"SearchAction\",\"target\":{\"@type\":\"EntryPoint\",\"urlTemplate\":\"https:\/\/www.afs.ch\/fr\/?s={search_term_string}\"},\"query-input\":{\"@type\":\"PropertyValueSpecification\",\"valueRequired\":true,\"valueName\":\"search_term_string\"}}],\"inLanguage\":\"fr-FR\"},{\"@type\":\"Person\",\"@id\":\"https:\/\/www.afs.ch\/fr\/#\/schema\/person\/828fea04e6ea73c5f26d0796ed641c0e\",\"name\":\"elinefontannaz\",\"image\":{\"@type\":\"ImageObject\",\"inLanguage\":\"fr-FR\",\"@id\":\"https:\/\/www.afs.ch\/fr\/#\/schema\/person\/image\/\",\"url\":\"https:\/\/secure.gravatar.com\/avatar\/ca8bcde4226c78e4ab63ec7a197ab58e5150d5917a3f6386d4ce5424d061c13f?s=96&d=mm&r=g\",\"contentUrl\":\"https:\/\/secure.gravatar.com\/avatar\/ca8bcde4226c78e4ab63ec7a197ab58e5150d5917a3f6386d4ce5424d061c13f?s=96&d=mm&r=g\",\"caption\":\"elinefontannaz\"},\"url\":\"https:\/\/www.afs.ch\/fr\/author\/elinefontannaz\/\"}]}<\/script>\n<!-- \/ Yoast SEO plugin. -->","yoast_head_json":{"title":"Des programmes d'\u00e9changes pour s'ouvrir au monde - Intercultural Programs","robots":{"index":"index","follow":"follow","max-snippet":"max-snippet:-1","max-image-preview":"max-image-preview:large","max-video-preview":"max-video-preview:-1"},"canonical":"https:\/\/www.afs.ch\/fr\/afs-blog-fr\/souvrir-au-monde\/","og_locale":"fr_FR","og_type":"article","og_title":"Des programmes d'\u00e9changes pour s'ouvrir au monde - Intercultural Programs","og_description":"Lundi 18 septembre, Rihab, notre \u00e9tudiante tunisienne en programme d&rsquo;\u00e9change en Suisse, et sa s\u0153ur d&rsquo;accueil, Fanny, se sont rendues&hellip;","og_url":"https:\/\/www.afs.ch\/fr\/afs-blog-fr\/souvrir-au-monde\/","og_site_name":"Intercultural Programs","article_publisher":"https:\/\/www.facebook.com\/afsswitzerland\/","article_published_time":"2018-06-27T14:21:08+00:00","article_modified_time":"2020-04-26T13:10:36+00:00","og_image":[{"width":1200,"height":630,"url":"https:\/\/d22dvihj4pfop3.cloudfront.net\/wp-content\/uploads\/sites\/71\/2018\/06\/27152613\/FB_IMG_1525876264162-3-1200x630.jpg","type":"image\/jpeg"}],"author":"elinefontannaz","twitter_card":"summary_large_image","twitter_creator":"@afs_ch","twitter_site":"@afs_ch","twitter_misc":{"Written by":"elinefontannaz","Est. reading time":"1 minute"},"schema":{"@context":"https:\/\/schema.org","@graph":[{"@type":"WebPage","@id":"https:\/\/www.afs.ch\/fr\/afs-blog-fr\/souvrir-au-monde\/","url":"https:\/\/www.afs.ch\/fr\/afs-blog-fr\/souvrir-au-monde\/","name":"Des programmes d'\u00e9changes pour s'ouvrir au monde - Intercultural Programs","isPartOf":{"@id":"https:\/\/www.afs.ch\/fr\/#website"},"primaryImageOfPage":{"@id":"https:\/\/www.afs.ch\/fr\/afs-blog-fr\/souvrir-au-monde\/#primaryimage"},"image":{"@id":"https:\/\/www.afs.ch\/fr\/afs-blog-fr\/souvrir-au-monde\/#primaryimage"},"thumbnailUrl":"https:\/\/d22dvihj4pfop3.cloudfront.net\/wp-content\/uploads\/sites\/71\/2018\/06\/27152613\/FB_IMG_1525876264162-3.jpg","datePublished":"2018-06-27T14:21:08+00:00","dateModified":"2020-04-26T13:10:36+00:00","author":{"@id":"https:\/\/www.afs.ch\/fr\/#\/schema\/person\/828fea04e6ea73c5f26d0796ed641c0e"},"breadcrumb":{"@id":"https:\/\/www.afs.ch\/fr\/afs-blog-fr\/souvrir-au-monde\/#breadcrumb"},"inLanguage":"fr-FR","potentialAction":[{"@type":"ReadAction","target":["https:\/\/www.afs.ch\/fr\/afs-blog-fr\/souvrir-au-monde\/"]}]},{"@type":"ImageObject","inLanguage":"fr-FR","@id":"https:\/\/www.afs.ch\/fr\/afs-blog-fr\/souvrir-au-monde\/#primaryimage","url":"https:\/\/d22dvihj4pfop3.cloudfront.net\/wp-content\/uploads\/sites\/71\/2018\/06\/27152613\/FB_IMG_1525876264162-3.jpg","contentUrl":"https:\/\/d22dvihj4pfop3.cloudfront.net\/wp-content\/uploads\/sites\/71\/2018\/06\/27152613\/FB_IMG_1525876264162-3.jpg","width":1414,"height":1200},{"@type":"BreadcrumbList","@id":"https:\/\/www.afs.ch\/fr\/afs-blog-fr\/souvrir-au-monde\/#breadcrumb","itemListElement":[{"@type":"ListItem","position":1,"name":"Home","item":"https:\/\/switzerland.afssite.afs.org\/fr\/"},{"@type":"ListItem","position":2,"name":"Des programmes d&rsquo;\u00e9changes pour s&rsquo;ouvrir au monde"}]},{"@type":"WebSite","@id":"https:\/\/www.afs.ch\/fr\/#website","url":"https:\/\/www.afs.ch\/fr\/","name":"Interkulturelle Programme","description":"Switzerland","potentialAction":[{"@type":"SearchAction","target":{"@type":"EntryPoint","urlTemplate":"https:\/\/www.afs.ch\/fr\/?s={search_term_string}"},"query-input":{"@type":"PropertyValueSpecification","valueRequired":true,"valueName":"search_term_string"}}],"inLanguage":"fr-FR"},{"@type":"Person","@id":"https:\/\/www.afs.ch\/fr\/#\/schema\/person\/828fea04e6ea73c5f26d0796ed641c0e","name":"elinefontannaz","image":{"@type":"ImageObject","inLanguage":"fr-FR","@id":"https:\/\/www.afs.ch\/fr\/#\/schema\/person\/image\/","url":"https:\/\/secure.gravatar.com\/avatar\/ca8bcde4226c78e4ab63ec7a197ab58e5150d5917a3f6386d4ce5424d061c13f?s=96&d=mm&r=g","contentUrl":"https:\/\/secure.gravatar.com\/avatar\/ca8bcde4226c78e4ab63ec7a197ab58e5150d5917a3f6386d4ce5424d061c13f?s=96&d=mm&r=g","caption":"elinefontannaz"},"url":"https:\/\/www.afs.ch\/fr\/author\/elinefontannaz\/"}]}},"_links":{"self":[{"href":"https:\/\/www.afs.ch\/fr\/wp-json\/wp\/v2\/posts\/26721","targetHints":{"allow":["GET"]}}],"collection":[{"href":"https:\/\/www.afs.ch\/fr\/wp-json\/wp\/v2\/posts"}],"about":[{"href":"https:\/\/www.afs.ch\/fr\/wp-json\/wp\/v2\/types\/post"}],"author":[{"embeddable":true,"href":"https:\/\/www.afs.ch\/fr\/wp-json\/wp\/v2\/users\/488"}],"replies":[{"embeddable":true,"href":"https:\/\/www.afs.ch\/fr\/wp-json\/wp\/v2\/comments?post=26721"}],"version-history":[{"count":8,"href":"https:\/\/www.afs.ch\/fr\/wp-json\/wp\/v2\/posts\/26721\/revisions"}],"predecessor-version":[{"id":42964,"href":"https:\/\/www.afs.ch\/fr\/wp-json\/wp\/v2\/posts\/26721\/revisions\/42964"}],"wp:featuredmedia":[{"embeddable":true,"href":"https:\/\/www.afs.ch\/fr\/wp-json\/wp\/v2\/media\/26727"}],"wp:attachment":[{"href":"https:\/\/www.afs.ch\/fr\/wp-json\/wp\/v2\/media?parent=26721"}],"wp:term":[{"taxonomy":"category","embeddable":true,"href":"https:\/\/www.afs.ch\/fr\/wp-json\/wp\/v2\/categories?post=26721"},{"taxonomy":"post_tag","embeddable":true,"href":"https:\/\/www.afs.ch\/fr\/wp-json\/wp\/v2\/tags?post=26721"}],"curies":[{"name":"wp","href":"https:\/\/api.w.org\/{rel}","templated":true}]}}