{"id":26848,"date":"2018-07-13T16:08:16","date_gmt":"2018-07-13T15:08:16","guid":{"rendered":"http:\/\/switzerland.afssite.afs.org\/fr\/?p=26848"},"modified":"2018-07-13T16:08:16","modified_gmt":"2018-07-13T15:08:16","slug":"check-list-de-voyage-pour-programme-dechange-afs","status":"publish","type":"post","link":"https:\/\/www.afs.ch\/fr\/afs-blog-fr\/check-list-de-voyage-pour-programme-dechange-afs\/","title":{"rendered":"Check-list de voyage pour programme d&rsquo;\u00e9change AFS"},"content":{"rendered":"<h5>\u00c0 qui n&rsquo;est-ce jamais arriv\u00e9? Tu pars en vacances, la valise pleine \u00e0 craquer, certain d&rsquo;avoir <em>TOUT<\/em> pris et pourtant, une fois sur place, horreur: il te manque <em>L&rsquo;ARTICLE<\/em> essentiel \u00e0 ton s\u00e9jour! Et oui, apr\u00e8s coup, on est toujours plus intelligent!\u00a0Alors pour t&rsquo;\u00e9viter une situation d\u00e9sagr\u00e9able de ce type, nous t&rsquo;avons fait une liste des 10 choses indispensables \u00e0 ton s\u00e9jour AFS! A ne pas oublier de glisser dans tes bagages du coup\u2026;-)<\/h5>\n<p><figure class=\"wp-image-wrap\"><img loading=\"lazy\" decoding=\"async\" class=\"alignnone size-medium wp-image-26843\" src=\"https:\/\/d22dvihj4pfop3.cloudfront.net\/wp-content\/uploads\/sites\/71\/2018\/07\/13152040\/10-Dinge_F-650x650.jpg\" alt=\"\" width=\"650\" height=\"650\" \/><\/figure><\/p>\n<ol>\n<li><strong>Un dictionnaire<\/strong>. Avec la fatigue, le d\u00e9calage horaire, sans compter la timidit\u00e9 des d\u00e9buts, tu seras bien content de pouvoir compter sur ton nouvel ami lorsqu&rsquo;il s&rsquo;agira de demander ton chemin ou commander le plat typique du pays dans un restaurant local!<\/li>\n<li><strong>Un t-shirt de l&rsquo;\u00e9quipe de foot nationale ou tout autre t-shirt avec le drapeau suisse dessus<\/strong> (oui parce que notre \u00e9quipe de foot n&rsquo;est peut-\u00eatre quand m\u00eame pas aussi connue que celle du Br\u00e9sil par exemple). Sur place, tu vas prendre tonnes de photos. Gr\u00e2ce \u00e0 ton t-shirt, le petit Suisse que tu es sera rep\u00e9rable au premier coup d&rsquo;\u0153il et ce, m\u00eame au milieu de 50 autres participants!<\/li>\n<li><strong>Des photos de tes proches<\/strong>. Un t\u00e9l\u00e9phone portable, certes, c&rsquo;est utile pour voyager mais pas tr\u00e8s pratique quand il s&rsquo;agira de le coller au mur de ta chambre pour la d\u00e9corer, alors que des photos imprim\u00e9es\u2026<\/li>\n<li><strong>Un appareil photo<\/strong>. M\u00eame si aujourd&rsquo;hui, nos portables sont dot\u00e9s d&rsquo;excellents appareils photos, en avoir un vrai te permettra de ne pas utiliser tout l&rsquo;espace de stockage de ton t\u00e9l\u00e9phone et de ne pas avoir \u00e0 choisir entre recevoir tes messages ou garder tes photos.<\/li>\n<li><strong>Un adaptateur<\/strong>. Et oui, toujours ces diff\u00e9rentes prises\u2026 N&rsquo;oublie pas d&#8217;emporter un adaptateur si tu ne veux pas \u00e0 avoir \u00e0 courir dans le premier magasin venu sit\u00f4t arriv\u00e9. Au fait: tu n&rsquo;as besoin d&rsquo;un adaptateur que si tu as des prises, si tu n&rsquo;as que des c\u00e2bles, ce n&rsquo;est pas forc\u00e9ment utile.<\/li>\n<li><strong>Ton t\u00e9l\u00e9phone portable<\/strong>. M\u00eame si cela semble parfaitement inutile d&rsquo;avoir \u00e0 le pr\u00e9ciser \ud83d\ude09 N&rsquo;oublie pas, par contre, de r\u00e9silier ou suspendre ton abonnement mobile suisse pour \u00e9viter de payer des frais inutiles durant ton s\u00e9jour. Tu pourras certainement acheter une carte SIM dans ton pays d&rsquo;accueil peu de temps apr\u00e8s ton arriv\u00e9e.<\/li>\n<li><strong>Un journal de bord\/de voyage<\/strong>. Imagine-toi, dans quelques ann\u00e9es, quand tu retomberas sur celui-ci et que tu pourras te rem\u00e9morer ces magnifiques moments comme si c&rsquo;\u00e9tait hier. Afin de le rendre encore plus vivant, colles-y tes tickets de cin\u00e9ma ou de mus\u00e9es, tes photos les plus dr\u00f4les, fais-le d\u00e9dicacer par tes amis, etc.<\/li>\n<li><strong>Des \u00e9couteurs\/ un casque audio<\/strong>. Cela a \u00e9t\u00e9 prouv\u00e9 \u00e0 de nombreuses reprises, la musique adoucit les m\u0153urs et calme les esprits. En cas de mauvaise humeur ou si tu as le mal du pays, une chanson appropri\u00e9e fera certainement son petit effet.<\/li>\n<li><strong>Des friandises suisses<\/strong>. Si ton chocolat pr\u00e9f\u00e9r\u00e9 n&rsquo;est pas le chocolat au lait de Lindt, tu risques d&rsquo;avoir du mal \u00e0 le trouver \u00e0 l&rsquo;\u00e9tranger. La solution? Emporte avec toi une petite r\u00e9serve de tes sucreries pr\u00e9f\u00e9r\u00e9es pour les coups de mou passagers ou pour les partager avec ta famille et tes camarades.<\/li>\n<li><strong>Une petite attention pour ta famille d&rsquo;accueil<\/strong>. Tu auras certainement tiss\u00e9 quelques premiers contacts avec ta famille d&rsquo;accueil avant le d\u00e9part et ils seront certainement ravis que tu leur apportes un petit quelque chose de Suisse. Que dirais-tu d&rsquo;une clochette de vache, un couteau suisse original ou de l&rsquo;Aromat?<\/li>\n<\/ol>\n<p>Et bien s\u00fbr, n&rsquo;oublie pas le plus important: un esprit ouvert et curieux! Tu seras confront\u00e9 \u00e0 beaucoup de nouvelles situations inconnues et certaines coutumes te para\u00eetront peut-\u00eatre un peu bizarres au d\u00e9but: c&rsquo;est normal! Tu constateras par contre qu&rsquo;en les appr\u00e9hendant avec curiosit\u00e9 et sans pr\u00e9jug\u00e9s, tout se passera au mieux!<\/p>\n","protected":false},"excerpt":{"rendered":"<p>\u00c0 qui n&rsquo;est-ce jamais arriv\u00e9? Tu pars en vacances, la valise pleine \u00e0 craquer, certain d&rsquo;avoir TOUT pris et pourtant,&hellip;<\/p>\n","protected":false},"author":488,"featured_media":0,"comment_status":"closed","ping_status":"open","sticky":false,"template":"","format":"standard","meta":{"footnotes":""},"categories":[743],"tags":[],"class_list":["post-26848","post","type-post","status-publish","format-standard","hentry","category-afs-blog-fr"],"yoast_head":"<!-- This site is optimized with the Yoast SEO plugin v26.6 - https:\/\/yoast.com\/wordpress\/plugins\/seo\/ -->\n<title>Check-list de voyage pour programme d&#039;\u00e9change AFS - Intercultural Programs<\/title>\n<meta name=\"robots\" content=\"index, follow, max-snippet:-1, max-image-preview:large, max-video-preview:-1\" \/>\n<link rel=\"canonical\" href=\"https:\/\/www.afs.ch\/fr\/afs-blog-fr\/check-list-de-voyage-pour-programme-dechange-afs\/\" \/>\n<meta property=\"og:locale\" content=\"fr_FR\" \/>\n<meta property=\"og:type\" content=\"article\" \/>\n<meta property=\"og:title\" content=\"Check-list de voyage pour programme d&#039;\u00e9change AFS - Intercultural Programs\" \/>\n<meta property=\"og:description\" content=\"\u00c0 qui n&rsquo;est-ce jamais arriv\u00e9? Tu pars en vacances, la valise pleine \u00e0 craquer, certain d&rsquo;avoir TOUT pris et pourtant,&hellip;\" \/>\n<meta property=\"og:url\" content=\"https:\/\/www.afs.ch\/fr\/afs-blog-fr\/check-list-de-voyage-pour-programme-dechange-afs\/\" \/>\n<meta property=\"og:site_name\" content=\"Intercultural Programs\" \/>\n<meta property=\"article:publisher\" content=\"https:\/\/www.facebook.com\/afsswitzerland\/\" \/>\n<meta property=\"article:published_time\" content=\"2018-07-13T15:08:16+00:00\" \/>\n<meta property=\"og:image\" content=\"https:\/\/d22dvihj4pfop3.cloudfront.net\/wp-content\/uploads\/sites\/71\/2018\/07\/13152040\/10-Dinge_F-650x650.jpg\" \/>\n<meta name=\"author\" content=\"elinefontannaz\" \/>\n<meta name=\"twitter:card\" content=\"summary_large_image\" \/>\n<meta name=\"twitter:creator\" content=\"@afs_ch\" \/>\n<meta name=\"twitter:site\" content=\"@afs_ch\" \/>\n<meta name=\"twitter:label1\" content=\"Written by\" \/>\n\t<meta name=\"twitter:data1\" content=\"elinefontannaz\" \/>\n\t<meta name=\"twitter:label2\" content=\"Est. reading time\" \/>\n\t<meta name=\"twitter:data2\" content=\"3 minutes\" \/>\n<script type=\"application\/ld+json\" class=\"yoast-schema-graph\">{\"@context\":\"https:\/\/schema.org\",\"@graph\":[{\"@type\":\"WebPage\",\"@id\":\"https:\/\/www.afs.ch\/fr\/afs-blog-fr\/check-list-de-voyage-pour-programme-dechange-afs\/\",\"url\":\"https:\/\/www.afs.ch\/fr\/afs-blog-fr\/check-list-de-voyage-pour-programme-dechange-afs\/\",\"name\":\"Check-list de voyage pour programme d'\u00e9change AFS - Intercultural Programs\",\"isPartOf\":{\"@id\":\"https:\/\/www.afs.ch\/fr\/#website\"},\"primaryImageOfPage\":{\"@id\":\"https:\/\/www.afs.ch\/fr\/afs-blog-fr\/check-list-de-voyage-pour-programme-dechange-afs\/#primaryimage\"},\"image\":{\"@id\":\"https:\/\/www.afs.ch\/fr\/afs-blog-fr\/check-list-de-voyage-pour-programme-dechange-afs\/#primaryimage\"},\"thumbnailUrl\":\"https:\/\/d22dvihj4pfop3.cloudfront.net\/wp-content\/uploads\/sites\/71\/2018\/07\/13152040\/10-Dinge_F-650x650.jpg\",\"datePublished\":\"2018-07-13T15:08:16+00:00\",\"author\":{\"@id\":\"https:\/\/www.afs.ch\/fr\/#\/schema\/person\/828fea04e6ea73c5f26d0796ed641c0e\"},\"breadcrumb\":{\"@id\":\"https:\/\/www.afs.ch\/fr\/afs-blog-fr\/check-list-de-voyage-pour-programme-dechange-afs\/#breadcrumb\"},\"inLanguage\":\"fr-FR\",\"potentialAction\":[{\"@type\":\"ReadAction\",\"target\":[\"https:\/\/www.afs.ch\/fr\/afs-blog-fr\/check-list-de-voyage-pour-programme-dechange-afs\/\"]}]},{\"@type\":\"ImageObject\",\"inLanguage\":\"fr-FR\",\"@id\":\"https:\/\/www.afs.ch\/fr\/afs-blog-fr\/check-list-de-voyage-pour-programme-dechange-afs\/#primaryimage\",\"url\":\"https:\/\/d22dvihj4pfop3.cloudfront.net\/wp-content\/uploads\/sites\/71\/2018\/07\/13152040\/10-Dinge_F-650x650.jpg\",\"contentUrl\":\"https:\/\/d22dvihj4pfop3.cloudfront.net\/wp-content\/uploads\/sites\/71\/2018\/07\/13152040\/10-Dinge_F-650x650.jpg\"},{\"@type\":\"BreadcrumbList\",\"@id\":\"https:\/\/www.afs.ch\/fr\/afs-blog-fr\/check-list-de-voyage-pour-programme-dechange-afs\/#breadcrumb\",\"itemListElement\":[{\"@type\":\"ListItem\",\"position\":1,\"name\":\"Home\",\"item\":\"https:\/\/switzerland.afssite.afs.org\/fr\/\"},{\"@type\":\"ListItem\",\"position\":2,\"name\":\"Check-list de voyage pour programme d&rsquo;\u00e9change AFS\"}]},{\"@type\":\"WebSite\",\"@id\":\"https:\/\/www.afs.ch\/fr\/#website\",\"url\":\"https:\/\/www.afs.ch\/fr\/\",\"name\":\"Interkulturelle Programme\",\"description\":\"Switzerland\",\"potentialAction\":[{\"@type\":\"SearchAction\",\"target\":{\"@type\":\"EntryPoint\",\"urlTemplate\":\"https:\/\/www.afs.ch\/fr\/?s={search_term_string}\"},\"query-input\":{\"@type\":\"PropertyValueSpecification\",\"valueRequired\":true,\"valueName\":\"search_term_string\"}}],\"inLanguage\":\"fr-FR\"},{\"@type\":\"Person\",\"@id\":\"https:\/\/www.afs.ch\/fr\/#\/schema\/person\/828fea04e6ea73c5f26d0796ed641c0e\",\"name\":\"elinefontannaz\",\"image\":{\"@type\":\"ImageObject\",\"inLanguage\":\"fr-FR\",\"@id\":\"https:\/\/www.afs.ch\/fr\/#\/schema\/person\/image\/\",\"url\":\"https:\/\/secure.gravatar.com\/avatar\/ca8bcde4226c78e4ab63ec7a197ab58e5150d5917a3f6386d4ce5424d061c13f?s=96&d=mm&r=g\",\"contentUrl\":\"https:\/\/secure.gravatar.com\/avatar\/ca8bcde4226c78e4ab63ec7a197ab58e5150d5917a3f6386d4ce5424d061c13f?s=96&d=mm&r=g\",\"caption\":\"elinefontannaz\"},\"url\":\"https:\/\/www.afs.ch\/fr\/author\/elinefontannaz\/\"}]}<\/script>\n<!-- \/ Yoast SEO plugin. -->","yoast_head_json":{"title":"Check-list de voyage pour programme d'\u00e9change AFS - Intercultural Programs","robots":{"index":"index","follow":"follow","max-snippet":"max-snippet:-1","max-image-preview":"max-image-preview:large","max-video-preview":"max-video-preview:-1"},"canonical":"https:\/\/www.afs.ch\/fr\/afs-blog-fr\/check-list-de-voyage-pour-programme-dechange-afs\/","og_locale":"fr_FR","og_type":"article","og_title":"Check-list de voyage pour programme d'\u00e9change AFS - Intercultural Programs","og_description":"\u00c0 qui n&rsquo;est-ce jamais arriv\u00e9? Tu pars en vacances, la valise pleine \u00e0 craquer, certain d&rsquo;avoir TOUT pris et pourtant,&hellip;","og_url":"https:\/\/www.afs.ch\/fr\/afs-blog-fr\/check-list-de-voyage-pour-programme-dechange-afs\/","og_site_name":"Intercultural Programs","article_publisher":"https:\/\/www.facebook.com\/afsswitzerland\/","article_published_time":"2018-07-13T15:08:16+00:00","og_image":[{"url":"https:\/\/d22dvihj4pfop3.cloudfront.net\/wp-content\/uploads\/sites\/71\/2018\/07\/13152040\/10-Dinge_F-650x650.jpg","type":"","width":"","height":""}],"author":"elinefontannaz","twitter_card":"summary_large_image","twitter_creator":"@afs_ch","twitter_site":"@afs_ch","twitter_misc":{"Written by":"elinefontannaz","Est. reading time":"3 minutes"},"schema":{"@context":"https:\/\/schema.org","@graph":[{"@type":"WebPage","@id":"https:\/\/www.afs.ch\/fr\/afs-blog-fr\/check-list-de-voyage-pour-programme-dechange-afs\/","url":"https:\/\/www.afs.ch\/fr\/afs-blog-fr\/check-list-de-voyage-pour-programme-dechange-afs\/","name":"Check-list de voyage pour programme d'\u00e9change AFS - Intercultural Programs","isPartOf":{"@id":"https:\/\/www.afs.ch\/fr\/#website"},"primaryImageOfPage":{"@id":"https:\/\/www.afs.ch\/fr\/afs-blog-fr\/check-list-de-voyage-pour-programme-dechange-afs\/#primaryimage"},"image":{"@id":"https:\/\/www.afs.ch\/fr\/afs-blog-fr\/check-list-de-voyage-pour-programme-dechange-afs\/#primaryimage"},"thumbnailUrl":"https:\/\/d22dvihj4pfop3.cloudfront.net\/wp-content\/uploads\/sites\/71\/2018\/07\/13152040\/10-Dinge_F-650x650.jpg","datePublished":"2018-07-13T15:08:16+00:00","author":{"@id":"https:\/\/www.afs.ch\/fr\/#\/schema\/person\/828fea04e6ea73c5f26d0796ed641c0e"},"breadcrumb":{"@id":"https:\/\/www.afs.ch\/fr\/afs-blog-fr\/check-list-de-voyage-pour-programme-dechange-afs\/#breadcrumb"},"inLanguage":"fr-FR","potentialAction":[{"@type":"ReadAction","target":["https:\/\/www.afs.ch\/fr\/afs-blog-fr\/check-list-de-voyage-pour-programme-dechange-afs\/"]}]},{"@type":"ImageObject","inLanguage":"fr-FR","@id":"https:\/\/www.afs.ch\/fr\/afs-blog-fr\/check-list-de-voyage-pour-programme-dechange-afs\/#primaryimage","url":"https:\/\/d22dvihj4pfop3.cloudfront.net\/wp-content\/uploads\/sites\/71\/2018\/07\/13152040\/10-Dinge_F-650x650.jpg","contentUrl":"https:\/\/d22dvihj4pfop3.cloudfront.net\/wp-content\/uploads\/sites\/71\/2018\/07\/13152040\/10-Dinge_F-650x650.jpg"},{"@type":"BreadcrumbList","@id":"https:\/\/www.afs.ch\/fr\/afs-blog-fr\/check-list-de-voyage-pour-programme-dechange-afs\/#breadcrumb","itemListElement":[{"@type":"ListItem","position":1,"name":"Home","item":"https:\/\/switzerland.afssite.afs.org\/fr\/"},{"@type":"ListItem","position":2,"name":"Check-list de voyage pour programme d&rsquo;\u00e9change AFS"}]},{"@type":"WebSite","@id":"https:\/\/www.afs.ch\/fr\/#website","url":"https:\/\/www.afs.ch\/fr\/","name":"Interkulturelle Programme","description":"Switzerland","potentialAction":[{"@type":"SearchAction","target":{"@type":"EntryPoint","urlTemplate":"https:\/\/www.afs.ch\/fr\/?s={search_term_string}"},"query-input":{"@type":"PropertyValueSpecification","valueRequired":true,"valueName":"search_term_string"}}],"inLanguage":"fr-FR"},{"@type":"Person","@id":"https:\/\/www.afs.ch\/fr\/#\/schema\/person\/828fea04e6ea73c5f26d0796ed641c0e","name":"elinefontannaz","image":{"@type":"ImageObject","inLanguage":"fr-FR","@id":"https:\/\/www.afs.ch\/fr\/#\/schema\/person\/image\/","url":"https:\/\/secure.gravatar.com\/avatar\/ca8bcde4226c78e4ab63ec7a197ab58e5150d5917a3f6386d4ce5424d061c13f?s=96&d=mm&r=g","contentUrl":"https:\/\/secure.gravatar.com\/avatar\/ca8bcde4226c78e4ab63ec7a197ab58e5150d5917a3f6386d4ce5424d061c13f?s=96&d=mm&r=g","caption":"elinefontannaz"},"url":"https:\/\/www.afs.ch\/fr\/author\/elinefontannaz\/"}]}},"_links":{"self":[{"href":"https:\/\/www.afs.ch\/fr\/wp-json\/wp\/v2\/posts\/26848","targetHints":{"allow":["GET"]}}],"collection":[{"href":"https:\/\/www.afs.ch\/fr\/wp-json\/wp\/v2\/posts"}],"about":[{"href":"https:\/\/www.afs.ch\/fr\/wp-json\/wp\/v2\/types\/post"}],"author":[{"embeddable":true,"href":"https:\/\/www.afs.ch\/fr\/wp-json\/wp\/v2\/users\/488"}],"replies":[{"embeddable":true,"href":"https:\/\/www.afs.ch\/fr\/wp-json\/wp\/v2\/comments?post=26848"}],"version-history":[{"count":2,"href":"https:\/\/www.afs.ch\/fr\/wp-json\/wp\/v2\/posts\/26848\/revisions"}],"predecessor-version":[{"id":26850,"href":"https:\/\/www.afs.ch\/fr\/wp-json\/wp\/v2\/posts\/26848\/revisions\/26850"}],"wp:attachment":[{"href":"https:\/\/www.afs.ch\/fr\/wp-json\/wp\/v2\/media?parent=26848"}],"wp:term":[{"taxonomy":"category","embeddable":true,"href":"https:\/\/www.afs.ch\/fr\/wp-json\/wp\/v2\/categories?post=26848"},{"taxonomy":"post_tag","embeddable":true,"href":"https:\/\/www.afs.ch\/fr\/wp-json\/wp\/v2\/tags?post=26848"}],"curies":[{"name":"wp","href":"https:\/\/api.w.org\/{rel}","templated":true}]}}