{"id":27296,"date":"2018-08-13T14:44:12","date_gmt":"2018-08-13T13:44:12","guid":{"rendered":"http:\/\/switzerland.afssite.afs.org\/fr\/?p=27296"},"modified":"2020-04-26T14:10:01","modified_gmt":"2020-04-26T13:10:01","slug":"6-conseils-pour-demarrer-en-beaute-ton-sejour-a-l-etranger","status":"publish","type":"post","link":"https:\/\/www.afs.ch\/fr\/afs-blog-fr\/6-conseils-pour-demarrer-en-beaute-ton-sejour-a-l-etranger\/","title":{"rendered":"6 conseils pour d\u00e9marrer en beaut\u00e9 ton s\u00e9jour \u00e0 l&rsquo;\u00e9tranger"},"content":{"rendered":"<p><span style=\"font-weight: 400\">Laisse-nous deviner\u2026tu es excit\u00e9 \u00e0 l\u2019id\u00e9e de voir le jour J arriver et tu n\u2019en peux plus d\u2019attendre? Des milliers de questions te traversent l\u2019esprit? Tu ne sais toujours pas<\/span><a href=\"https:\/\/www.afs.ch\/fr\/2018\/07\/13\/check-list-de-voyage-pour-programme-dechange-afs\/\"><span style=\"font-weight: 400\"> quoi emporter dans ta valise<\/span><\/a><span style=\"font-weight: 400\">, bien que ta To-Do list de voyage soit presque aussi dense qu\u2019une page de dictionnaire? Et tu h\u00e9sites encore \u00e0 tenir un blog ou une page instagram pour partager tes exp\u00e9riences?<\/span><\/p>\n<p><span style=\"font-weight: 400\">Pas de panique! Comme le dit si bien la citation, \u00abrien ne sert de courir, il faut partir \u00e0 point\u00bb. Voici donc 6 conseils pour te pr\u00e9parer et t\u2019aider \u00e0 faire de ton s\u00e9jour une aventure inoubliable.<\/span><\/p>\n<p><figure class=\"wp-image-wrap\"><img loading=\"lazy\" decoding=\"async\" class=\"alignnone size-medium wp-image-27277\" src=\"https:\/\/d22dvihj4pfop3.cloudfront.net\/wp-content\/uploads\/sites\/71\/2018\/08\/13135300\/Blog1.jpg\" alt=\"\" width=\"650\" height=\"486\" \/><\/figure><b><\/b><b><\/b><\/p>\n<p><b>1. Planifie \u00e0 l\u2019avance les lieux \u00e0 visiter et \u00e9v\u00e9nements \u00e0 ne pas manquer\u00a0<\/b><\/p>\n<p>Prendre note de la date des \u00e9v\u00e8nements culturels de ton pays d\u2019accueil t\u2019aidera \u00e0 mieux organiser ta To-Do list. Par exemple, pr\u00e9f\u00e9reras-tu explorer la Cit\u00e9 perdue en ruine dans la densit\u00e9 de la jungle colombienne ou te rendre \u00e0 la f\u00eate des cerisiers en fleurs \u00e0 Kyoto, au Japon? Oseras-tu t\u2019aventurer dans le parc national le plus chaud et le plus sec des \u00c9tats-Unis, appel\u00e9 \u00abla Vall\u00e9e de la Mort\u00bb?<\/p>\n<p><b>2. Ne laisse aucune question en suspens et renseigne-toi aupr\u00e8s des b\u00e9n\u00e9voles AFS<br \/>\n<\/b><span style=\"font-weight: 400\"><br \/>\nCela ne fait aucun doute que les b\u00e9n\u00e9voles AFS sont les mieux plac\u00e9s pour comprendre tes peurs et t\u2019aider \u00e0 te d\u00e9barrasser de tes inqui\u00e9tudes. La majorit\u00e9 d\u2019entre eux ont v\u00e9cu la m\u00eame aventure que toi il y a quelques ann\u00e9es, voir quelques mois! C&rsquo;est pourquoi ils sont les interlocuteurs id\u00e9aux pour r\u00e9pondre \u00e0 tes questions avant, pendant et m\u00eame apr\u00e8s ton s\u00e9jour \u00e0 l&rsquo;\u00e9tranger.<\/span><\/p>\n<p><b>3. Boucle tes valises avant m\u00eame qu\u2019elles soient remplies<br \/>\n<\/b><span style=\"font-weight: 400\"><br \/>\nM\u00eame si la tentation est redoutable, un pull, une tablette tactile ou une peluche f\u00e9tiche en moins peut lib\u00e9rer une place pr\u00e9cieuse pour toutes sortes de souvenirs que tu recueilleras au long de ton s\u00e9jour. \u00c0 ton retour, ils te permettront non seulement de te rappeler de nombreux moments inoubliables, mais aussi de faire plaisir \u00e0 ta famille et tes amis, qui seront certainement heureux de recevoir un petit cadeau.<\/span><\/p>\n<p><span style=\"font-weight: 400\">Il faut \u00eatre toutefois prudent lors de l&rsquo;achat de souvenirs et de cadeaux \u00e0 l&rsquo;\u00e9tranger. Certains objets ne peuvent pas \u00eatre import\u00e9s en Suisse depuis l\u2019\u00e9tranger (pour plus d&rsquo;informations: <\/span><a href=\"https:\/\/www.ch.ch\/fr\/douane-suisse\/\"><span style=\"font-weight: 400\">https:\/\/www.ch.ch\/fr\/douane-suisse\/<\/span><\/a><span style=\"font-weight: 400\">).<br \/>\n<\/span><b><br \/>\n4. \u00c9quipe-toi d\u2019un bel appareil photo<\/b><\/p>\n<p><span style=\"font-weight: 400\">Il est certain que ton c\u0153ur se souviendra \u00e0 jamais des plus beaux moments de ton aventure. Cependant, rien n\u2019est plus \u00e9mouvant que de les revivre sous forme de photos, qu\u2019elles soient instantan\u00e9es ou plut\u00f4t artistiques. Qu\u2019attends-tu pour t\u2019\u00e9quiper d\u2019un appareil photo et pour partager tes exp\u00e9riences avec tes propres cr\u00e9ations visuelles?<\/span><\/p>\n<p><b>5. Reporte tes plus belles exp\u00e9riences dans un journal de bord<\/b><\/p>\n<p><span style=\"font-weight: 400\">Que ce soit sur papier \u00e0 l\u2019encre de Chine ou sur un blog, tenir un journal de bord t\u2019aidera \u00e0 exprimer et \u00e9vacuer les mille et une \u00e9motions ressenties lors de ton s\u00e9jour. C\u2019est aussi un excellent moyen de partager tes exp\u00e9riences et de donner de pr\u00e9cieux conseils aupr\u00e8s d\u2019autres \u00e9tudiants en programme d\u2019\u00e9change. Tu peux, par exemple, y \u00e9crire les expressions ou coutumes surprenantes que tu as d\u00e9couvertes dans ton pays d\u2019accueil. Mais surtout, n\u2019oublie pas\u00a0que ce journal t\u2019appartient avant tout: prends en bien soin et sois en fier, car il te permettra de revivre ton aventure rien qu\u2019en le relisant apr\u00e8s ton s\u00e9jour.<\/span><\/p>\n<p><b>6. Reporte tes plus belles exp\u00e9riences dans un journal de bord<\/b><\/p>\n<p><span style=\"font-weight: 400\">Que ce soit sur papier \u00e0 l\u2019encre de Chine ou sur un blog, tenir un journal de bord t\u2019aidera \u00e0 exprimer et \u00e9vacuer les mille et une \u00e9motions ressenties lors de ton s\u00e9jour. C\u2019est aussi un excellent moyen de partager tes exp\u00e9riences et de donner de pr\u00e9cieux conseils aupr\u00e8s d\u2019autres \u00e9tudiants en programme d\u2019\u00e9change. Tu peux, par exemple, y \u00e9crire les expressions ou coutumes surprenantes que tu as d\u00e9couvertes dans ton pays d\u2019accueil. Mais surtout, n\u2019oublie pas\u00a0que ce journal t\u2019appartient avant tout: prends en bien soin et sois en fier, car il te permettra de revivre ton aventure rien qu\u2019en le relisant apr\u00e8s ton s\u00e9jour!<\/span><\/p>\n<p><span style=\"font-weight: 400\"><b><br \/>\nEt pour finir&#8230;<\/b><\/span><\/p>\n<p><span style=\"font-weight: 400\">\u00c7<\/span><span style=\"font-weight: 400\">a y est, la grande aventure est sur le point de commencer. Tu t\u2019appr\u00eates \u00e0 quitter ta zone de confort et \u00e0 vivre des exp\u00e9riences plus cool les unes que les autres, pendant quelques mois voir une ann\u00e9e. Tu es aussi conscient que ce s\u00e9jour sera riche en \u00e9motions: tu ressentiras certainement des hauts et des bas.<\/span><span style=\"font-weight: 400\"><br \/>\n<\/span><span style=\"font-weight: 400\">Alors pr\u00e9pare-toi bien, boucle ta valise grosse comme une maison et surtout profite de t\u2019amuser et de rires avec ta famille et tes amis avant le d\u00e9part. C\u2019est s\u00fbr, on ne va pas se le cacher, ils vont te manquer\u00a0autant que tu leur manqueras! <\/span><\/p>\n<p><span style=\"font-weight: 400\">Ah, et pour finir, n\u2019oublie pas l\u2019ingr\u00e9dient principal pour un s\u00e9jour inoubliable! TON plus beau sourire.\u00a0\u263a<\/span><\/p>\n","protected":false},"excerpt":{"rendered":"<p>Laisse-nous deviner\u2026tu es excit\u00e9 \u00e0 l\u2019id\u00e9e de voir le jour J arriver et tu n\u2019en peux plus d\u2019attendre? Des milliers&hellip;<\/p>\n","protected":false},"author":675,"featured_media":0,"comment_status":"closed","ping_status":"open","sticky":false,"template":"","format":"standard","meta":{"footnotes":""},"categories":[743],"tags":[],"class_list":["post-27296","post","type-post","status-publish","format-standard","hentry","category-afs-blog-fr"],"yoast_head":"<!-- This site is optimized with the Yoast SEO plugin v26.6 - https:\/\/yoast.com\/wordpress\/plugins\/seo\/ -->\n<title>6 conseils pour d\u00e9marrer en beaut\u00e9 ton s\u00e9jour \u00e0 l&#039;\u00e9tranger - Intercultural Programs<\/title>\n<meta name=\"robots\" content=\"index, follow, max-snippet:-1, max-image-preview:large, max-video-preview:-1\" \/>\n<link rel=\"canonical\" href=\"https:\/\/www.afs.ch\/fr\/afs-blog-fr\/6-conseils-pour-demarrer-en-beaute-ton-sejour-a-l-etranger\/\" \/>\n<meta property=\"og:locale\" content=\"fr_FR\" \/>\n<meta property=\"og:type\" content=\"article\" \/>\n<meta property=\"og:title\" content=\"6 conseils pour d\u00e9marrer en beaut\u00e9 ton s\u00e9jour \u00e0 l&#039;\u00e9tranger - Intercultural Programs\" \/>\n<meta property=\"og:description\" content=\"Laisse-nous deviner\u2026tu es excit\u00e9 \u00e0 l\u2019id\u00e9e de voir le jour J arriver et tu n\u2019en peux plus d\u2019attendre? Des milliers&hellip;\" \/>\n<meta property=\"og:url\" content=\"https:\/\/www.afs.ch\/fr\/afs-blog-fr\/6-conseils-pour-demarrer-en-beaute-ton-sejour-a-l-etranger\/\" \/>\n<meta property=\"og:site_name\" content=\"Intercultural Programs\" \/>\n<meta property=\"article:publisher\" content=\"https:\/\/www.facebook.com\/afsswitzerland\/\" \/>\n<meta property=\"article:published_time\" content=\"2018-08-13T13:44:12+00:00\" \/>\n<meta property=\"article:modified_time\" content=\"2020-04-26T13:10:01+00:00\" \/>\n<meta property=\"og:image\" content=\"https:\/\/d22dvihj4pfop3.cloudfront.net\/wp-content\/uploads\/sites\/71\/2018\/08\/13135300\/Blog1-1200x630.jpg\" \/>\n\t<meta property=\"og:image:width\" content=\"1200\" \/>\n\t<meta property=\"og:image:height\" content=\"630\" \/>\n\t<meta property=\"og:image:type\" content=\"image\/jpeg\" \/>\n<meta name=\"author\" content=\"leagloor\" \/>\n<meta name=\"twitter:card\" content=\"summary_large_image\" \/>\n<meta name=\"twitter:creator\" content=\"@afs_ch\" \/>\n<meta name=\"twitter:site\" content=\"@afs_ch\" \/>\n<meta name=\"twitter:label1\" content=\"Written by\" \/>\n\t<meta name=\"twitter:data1\" content=\"leagloor\" \/>\n\t<meta name=\"twitter:label2\" content=\"Est. reading time\" \/>\n\t<meta name=\"twitter:data2\" content=\"4 minutes\" \/>\n<script type=\"application\/ld+json\" class=\"yoast-schema-graph\">{\"@context\":\"https:\/\/schema.org\",\"@graph\":[{\"@type\":\"WebPage\",\"@id\":\"https:\/\/www.afs.ch\/fr\/afs-blog-fr\/6-conseils-pour-demarrer-en-beaute-ton-sejour-a-l-etranger\/\",\"url\":\"https:\/\/www.afs.ch\/fr\/afs-blog-fr\/6-conseils-pour-demarrer-en-beaute-ton-sejour-a-l-etranger\/\",\"name\":\"6 conseils pour d\u00e9marrer en beaut\u00e9 ton s\u00e9jour \u00e0 l'\u00e9tranger - Intercultural Programs\",\"isPartOf\":{\"@id\":\"https:\/\/www.afs.ch\/fr\/#website\"},\"primaryImageOfPage\":{\"@id\":\"https:\/\/www.afs.ch\/fr\/afs-blog-fr\/6-conseils-pour-demarrer-en-beaute-ton-sejour-a-l-etranger\/#primaryimage\"},\"image\":{\"@id\":\"https:\/\/www.afs.ch\/fr\/afs-blog-fr\/6-conseils-pour-demarrer-en-beaute-ton-sejour-a-l-etranger\/#primaryimage\"},\"thumbnailUrl\":\"https:\/\/www.afs.ch\/wp-content\/uploads\/sites\/71\/2018\/08\/Blog1-650x486.jpg\",\"datePublished\":\"2018-08-13T13:44:12+00:00\",\"dateModified\":\"2020-04-26T13:10:01+00:00\",\"author\":{\"@id\":\"https:\/\/www.afs.ch\/fr\/#\/schema\/person\/341a6d91233817e176d9b9d72abf2741\"},\"breadcrumb\":{\"@id\":\"https:\/\/www.afs.ch\/fr\/afs-blog-fr\/6-conseils-pour-demarrer-en-beaute-ton-sejour-a-l-etranger\/#breadcrumb\"},\"inLanguage\":\"fr-FR\",\"potentialAction\":[{\"@type\":\"ReadAction\",\"target\":[\"https:\/\/www.afs.ch\/fr\/afs-blog-fr\/6-conseils-pour-demarrer-en-beaute-ton-sejour-a-l-etranger\/\"]}]},{\"@type\":\"ImageObject\",\"inLanguage\":\"fr-FR\",\"@id\":\"https:\/\/www.afs.ch\/fr\/afs-blog-fr\/6-conseils-pour-demarrer-en-beaute-ton-sejour-a-l-etranger\/#primaryimage\",\"url\":\"https:\/\/www.afs.ch\/wp-content\/uploads\/sites\/71\/2018\/08\/Blog1-650x486.jpg\",\"contentUrl\":\"https:\/\/www.afs.ch\/wp-content\/uploads\/sites\/71\/2018\/08\/Blog1-650x486.jpg\"},{\"@type\":\"BreadcrumbList\",\"@id\":\"https:\/\/www.afs.ch\/fr\/afs-blog-fr\/6-conseils-pour-demarrer-en-beaute-ton-sejour-a-l-etranger\/#breadcrumb\",\"itemListElement\":[{\"@type\":\"ListItem\",\"position\":1,\"name\":\"Home\",\"item\":\"https:\/\/switzerland.afssite.afs.org\/fr\/\"},{\"@type\":\"ListItem\",\"position\":2,\"name\":\"6 conseils pour d\u00e9marrer en beaut\u00e9 ton s\u00e9jour \u00e0 l&#8217;\u00e9tranger\"}]},{\"@type\":\"WebSite\",\"@id\":\"https:\/\/www.afs.ch\/fr\/#website\",\"url\":\"https:\/\/www.afs.ch\/fr\/\",\"name\":\"Interkulturelle Programme\",\"description\":\"Switzerland\",\"potentialAction\":[{\"@type\":\"SearchAction\",\"target\":{\"@type\":\"EntryPoint\",\"urlTemplate\":\"https:\/\/www.afs.ch\/fr\/?s={search_term_string}\"},\"query-input\":{\"@type\":\"PropertyValueSpecification\",\"valueRequired\":true,\"valueName\":\"search_term_string\"}}],\"inLanguage\":\"fr-FR\"},{\"@type\":\"Person\",\"@id\":\"https:\/\/www.afs.ch\/fr\/#\/schema\/person\/341a6d91233817e176d9b9d72abf2741\",\"name\":\"leagloor\",\"image\":{\"@type\":\"ImageObject\",\"inLanguage\":\"fr-FR\",\"@id\":\"https:\/\/www.afs.ch\/fr\/#\/schema\/person\/image\/\",\"url\":\"https:\/\/secure.gravatar.com\/avatar\/3b24046e6848dcf0c4dc085ab0757d2d98cd9d0ff7f951231869a1ee066d2941?s=96&d=mm&r=g\",\"contentUrl\":\"https:\/\/secure.gravatar.com\/avatar\/3b24046e6848dcf0c4dc085ab0757d2d98cd9d0ff7f951231869a1ee066d2941?s=96&d=mm&r=g\",\"caption\":\"leagloor\"},\"url\":\"https:\/\/www.afs.ch\/fr\/author\/leagloor\/\"}]}<\/script>\n<!-- \/ Yoast SEO plugin. -->","yoast_head_json":{"title":"6 conseils pour d\u00e9marrer en beaut\u00e9 ton s\u00e9jour \u00e0 l'\u00e9tranger - Intercultural Programs","robots":{"index":"index","follow":"follow","max-snippet":"max-snippet:-1","max-image-preview":"max-image-preview:large","max-video-preview":"max-video-preview:-1"},"canonical":"https:\/\/www.afs.ch\/fr\/afs-blog-fr\/6-conseils-pour-demarrer-en-beaute-ton-sejour-a-l-etranger\/","og_locale":"fr_FR","og_type":"article","og_title":"6 conseils pour d\u00e9marrer en beaut\u00e9 ton s\u00e9jour \u00e0 l'\u00e9tranger - Intercultural Programs","og_description":"Laisse-nous deviner\u2026tu es excit\u00e9 \u00e0 l\u2019id\u00e9e de voir le jour J arriver et tu n\u2019en peux plus d\u2019attendre? Des milliers&hellip;","og_url":"https:\/\/www.afs.ch\/fr\/afs-blog-fr\/6-conseils-pour-demarrer-en-beaute-ton-sejour-a-l-etranger\/","og_site_name":"Intercultural Programs","article_publisher":"https:\/\/www.facebook.com\/afsswitzerland\/","article_published_time":"2018-08-13T13:44:12+00:00","article_modified_time":"2020-04-26T13:10:01+00:00","og_image":[{"width":1200,"height":630,"url":"https:\/\/d22dvihj4pfop3.cloudfront.net\/wp-content\/uploads\/sites\/71\/2018\/08\/13135300\/Blog1-1200x630.jpg","type":"image\/jpeg"}],"author":"leagloor","twitter_card":"summary_large_image","twitter_creator":"@afs_ch","twitter_site":"@afs_ch","twitter_misc":{"Written by":"leagloor","Est. reading time":"4 minutes"},"schema":{"@context":"https:\/\/schema.org","@graph":[{"@type":"WebPage","@id":"https:\/\/www.afs.ch\/fr\/afs-blog-fr\/6-conseils-pour-demarrer-en-beaute-ton-sejour-a-l-etranger\/","url":"https:\/\/www.afs.ch\/fr\/afs-blog-fr\/6-conseils-pour-demarrer-en-beaute-ton-sejour-a-l-etranger\/","name":"6 conseils pour d\u00e9marrer en beaut\u00e9 ton s\u00e9jour \u00e0 l'\u00e9tranger - Intercultural Programs","isPartOf":{"@id":"https:\/\/www.afs.ch\/fr\/#website"},"primaryImageOfPage":{"@id":"https:\/\/www.afs.ch\/fr\/afs-blog-fr\/6-conseils-pour-demarrer-en-beaute-ton-sejour-a-l-etranger\/#primaryimage"},"image":{"@id":"https:\/\/www.afs.ch\/fr\/afs-blog-fr\/6-conseils-pour-demarrer-en-beaute-ton-sejour-a-l-etranger\/#primaryimage"},"thumbnailUrl":"https:\/\/www.afs.ch\/wp-content\/uploads\/sites\/71\/2018\/08\/Blog1-650x486.jpg","datePublished":"2018-08-13T13:44:12+00:00","dateModified":"2020-04-26T13:10:01+00:00","author":{"@id":"https:\/\/www.afs.ch\/fr\/#\/schema\/person\/341a6d91233817e176d9b9d72abf2741"},"breadcrumb":{"@id":"https:\/\/www.afs.ch\/fr\/afs-blog-fr\/6-conseils-pour-demarrer-en-beaute-ton-sejour-a-l-etranger\/#breadcrumb"},"inLanguage":"fr-FR","potentialAction":[{"@type":"ReadAction","target":["https:\/\/www.afs.ch\/fr\/afs-blog-fr\/6-conseils-pour-demarrer-en-beaute-ton-sejour-a-l-etranger\/"]}]},{"@type":"ImageObject","inLanguage":"fr-FR","@id":"https:\/\/www.afs.ch\/fr\/afs-blog-fr\/6-conseils-pour-demarrer-en-beaute-ton-sejour-a-l-etranger\/#primaryimage","url":"https:\/\/www.afs.ch\/wp-content\/uploads\/sites\/71\/2018\/08\/Blog1-650x486.jpg","contentUrl":"https:\/\/www.afs.ch\/wp-content\/uploads\/sites\/71\/2018\/08\/Blog1-650x486.jpg"},{"@type":"BreadcrumbList","@id":"https:\/\/www.afs.ch\/fr\/afs-blog-fr\/6-conseils-pour-demarrer-en-beaute-ton-sejour-a-l-etranger\/#breadcrumb","itemListElement":[{"@type":"ListItem","position":1,"name":"Home","item":"https:\/\/switzerland.afssite.afs.org\/fr\/"},{"@type":"ListItem","position":2,"name":"6 conseils pour d\u00e9marrer en beaut\u00e9 ton s\u00e9jour \u00e0 l&#8217;\u00e9tranger"}]},{"@type":"WebSite","@id":"https:\/\/www.afs.ch\/fr\/#website","url":"https:\/\/www.afs.ch\/fr\/","name":"Interkulturelle Programme","description":"Switzerland","potentialAction":[{"@type":"SearchAction","target":{"@type":"EntryPoint","urlTemplate":"https:\/\/www.afs.ch\/fr\/?s={search_term_string}"},"query-input":{"@type":"PropertyValueSpecification","valueRequired":true,"valueName":"search_term_string"}}],"inLanguage":"fr-FR"},{"@type":"Person","@id":"https:\/\/www.afs.ch\/fr\/#\/schema\/person\/341a6d91233817e176d9b9d72abf2741","name":"leagloor","image":{"@type":"ImageObject","inLanguage":"fr-FR","@id":"https:\/\/www.afs.ch\/fr\/#\/schema\/person\/image\/","url":"https:\/\/secure.gravatar.com\/avatar\/3b24046e6848dcf0c4dc085ab0757d2d98cd9d0ff7f951231869a1ee066d2941?s=96&d=mm&r=g","contentUrl":"https:\/\/secure.gravatar.com\/avatar\/3b24046e6848dcf0c4dc085ab0757d2d98cd9d0ff7f951231869a1ee066d2941?s=96&d=mm&r=g","caption":"leagloor"},"url":"https:\/\/www.afs.ch\/fr\/author\/leagloor\/"}]}},"_links":{"self":[{"href":"https:\/\/www.afs.ch\/fr\/wp-json\/wp\/v2\/posts\/27296","targetHints":{"allow":["GET"]}}],"collection":[{"href":"https:\/\/www.afs.ch\/fr\/wp-json\/wp\/v2\/posts"}],"about":[{"href":"https:\/\/www.afs.ch\/fr\/wp-json\/wp\/v2\/types\/post"}],"author":[{"embeddable":true,"href":"https:\/\/www.afs.ch\/fr\/wp-json\/wp\/v2\/users\/675"}],"replies":[{"embeddable":true,"href":"https:\/\/www.afs.ch\/fr\/wp-json\/wp\/v2\/comments?post=27296"}],"version-history":[{"count":26,"href":"https:\/\/www.afs.ch\/fr\/wp-json\/wp\/v2\/posts\/27296\/revisions"}],"predecessor-version":[{"id":42963,"href":"https:\/\/www.afs.ch\/fr\/wp-json\/wp\/v2\/posts\/27296\/revisions\/42963"}],"wp:attachment":[{"href":"https:\/\/www.afs.ch\/fr\/wp-json\/wp\/v2\/media?parent=27296"}],"wp:term":[{"taxonomy":"category","embeddable":true,"href":"https:\/\/www.afs.ch\/fr\/wp-json\/wp\/v2\/categories?post=27296"},{"taxonomy":"post_tag","embeddable":true,"href":"https:\/\/www.afs.ch\/fr\/wp-json\/wp\/v2\/tags?post=27296"}],"curies":[{"name":"wp","href":"https:\/\/api.w.org\/{rel}","templated":true}]}}