{"id":27897,"date":"2018-10-01T17:30:14","date_gmt":"2018-10-01T16:30:14","guid":{"rendered":"https:\/\/www.afs.ch\/fr\/?p=27897"},"modified":"2018-10-02T08:17:30","modified_gmt":"2018-10-02T07:17:30","slug":"ca-sonne-espagnol","status":"publish","type":"post","link":"https:\/\/www.afs.ch\/fr\/afs-blog-fr\/ca-sonne-espagnol\/","title":{"rendered":"\u00c7a sonne espagnol\u2026 La Torta \u2013 g\u00e2teau, sandwich ou gifle?"},"content":{"rendered":"<p>Haaa l&rsquo;espagnol\u2026 m\u00e9lodieuse langue latine que l&rsquo;on aimerait tous ma\u00eetriser, \u00e0 moins que cela ne soit d\u00e9j\u00e0 ton cas!<br \/>\nQue tu sois d\u00e9j\u00e0 ou non un adepte de la langue de Pablo Neruda, tu n&rsquo;es pas sans savoir que certains mots peuvent rev\u00eatir des significations tr\u00e8s diff\u00e9rentes d&rsquo;un pays \u00e0 l&rsquo;autre. Aussi, rien de tel que ce petit lexique pour te familiariser avec six mots d&rsquo;espagnol avant peut-\u00eatre de partir en programme d&rsquo;\u00e9change avec AFS!<\/p>\n<p><figure class=\"wp-image-wrap\"><img loading=\"lazy\" decoding=\"async\" class=\"size-medium wp-image-27898\" src=\"https:\/\/d22dvihj4pfop3.cloudfront.net\/wp-content\/uploads\/sites\/71\/2018\/09\/24112104\/Bild_Blog2_Hablas-espanol1-650x296.jpg\" alt=\"\" width=\"650\" height=\"296\" \/><\/figure><\/p>\n<p>&nbsp;<\/p>\n<p><b>1. La torta<\/b><\/p>\n<p>Commander une <em>torta<\/em> dans un restaurant c&rsquo;est accepter de s&rsquo;exposer \u00e0 quelques surprises! En effet, ce qui te sera servi peut \u00eatre tr\u00e8s diff\u00e9rent d&rsquo;un pays \u00e0 un autre, voire d&rsquo;une r\u00e9gion \u00e0 une autre. Certes, en Espagne et en Argentine, on te servira une d\u00e9licieuse p\u00e2tisserie mais <em>torta<\/em> signifie aussi gifle! A\u00efe!<br \/>\nDans certaines r\u00e9gions d&rsquo;Espagne ce mot d\u00e9signe tous les types de pains ronds et plats produits sans levure. Et au Mexique? Tu recevras un succulent sandwich croustillant rempli d\u2019avocat, \u0153ufs, l\u00e9gumes et jambon.<\/p>\n<p><b>2. La chucha<\/b><\/p>\n<p>Si pendant ton s\u00e9jour en Colombie, tu entends le mot <em>chucha<\/em>, cours te remettre un coup de d\u00e9o! Ce mot d\u00e9signe en effet le fait de transpirer des aisselles.<br \/>\nEn Argentine, ce mot se r\u00e9f\u00e8re \u00e0 l\u2019organe sexuel f\u00e9minin et il est aussi utilis\u00e9 comme insulte dans d\u2019autres pays d\u2019Am\u00e9rique latine.<br \/>\nEnfin, au Chili, l&rsquo;expression <em>est\u00e1 a la chucha <\/em>d\u00e9signe un endroit extr\u00eamement \u00e9loign\u00e9, petaouchnok quoi!<\/p>\n<p><b>3. La fresa<\/b><\/p>\n<p>Pour la plupart des hispanophones, ce mot signifie fraise. En Argentine cependant, ce fruit est connu sous le terme de <em>frutilla.<\/em> Rien \u00e0 voir avec la connotation n\u00e9gative que rev\u00eat ce mot au Mexique o\u00f9 il d\u00e9signe des jeunes superficiels et vaniteux.<\/p>\n<p><b>4. La banqueta<\/b><\/p>\n<p>Tr\u00e8s proche de son \u00e9quivalent banquette en fran\u00e7ais, le mot <em>banqueta<\/em> d\u00e9signe en effet un si\u00e8ge dans de nombreux pays hispanophones. A part au Mexique et au Guatemala o\u00f9 il signifie trottoir. On risque de trouver bizarre que tu cherches \u00e0 t&rsquo;y installer \ud83d\ude09<\/p>\n<p><b>5. El coche<\/b><\/p>\n<p>L\u00e0, il y a vraiment de quoi donner lieu \u00e0 des situations cocasses puisque ce terme d\u00e9signe une voiture en Espagne et au Mexique, un landau au Chili mais l&rsquo;\u00e9quivalent en argot du mot cochon (<em>cerdo<\/em>) au Guatemala!<\/p>\n<p><b>6. El chucho<\/b><\/p>\n<p>Dans la plupart des pays hispanophones, <em>chucho<\/em> d\u00e9crit un chien ou encore la sensation de frissons caus\u00e9e lorsque tu as de la fi\u00e8vre ou que tu es anxieux. Dans certains pays, il rev\u00eat en plus d&rsquo;autres significations. C\u2019est ainsi qu\u2019en Am\u00e9rique centrale, ce mot d\u00e9crit une personne mesquine, avare, criminelle ou encore peu fiable. Ce terme est aussi souvent utilis\u00e9 pour parler d&rsquo;articulation, en Argentine, du froid, au Chili, d&rsquo;une prison, en Colombie, d&rsquo;un fouet et au Mexique, d&rsquo;une personne sage et comp\u00e9tente. Et pour finir, <em>chucho<\/em> est aussi le surnom que l&rsquo;on donne aux personnes qui portent le pr\u00e9nom de J\u00e9sus! De quoi en perdre son latin!<\/p>\n<p><span style=\"font-weight: 400\"><b>Et pour finir&#8230;<\/b><\/span><\/p>\n<p>Maintenant que tu connais les diverses significations de ces six mots d&rsquo;espagnol, tu seras certainement en mesure de t\u2019\u00e9viter certaines situations embarrassantes. Et si n\u00e9anmoins tu fais des erreurs, ce n&rsquo;est pas bien grave, cela fera ton charme! \ud83d\ude09<\/p>\n","protected":false},"excerpt":{"rendered":"<p>Haaa l&rsquo;espagnol\u2026 m\u00e9lodieuse langue latine que l&rsquo;on aimerait tous ma\u00eetriser, \u00e0 moins que cela ne soit d\u00e9j\u00e0 ton cas! Que&hellip;<\/p>\n","protected":false},"author":675,"featured_media":0,"comment_status":"open","ping_status":"open","sticky":false,"template":"","format":"standard","meta":{"footnotes":""},"categories":[743],"tags":[],"class_list":["post-27897","post","type-post","status-publish","format-standard","hentry","category-afs-blog-fr"],"yoast_head":"<!-- This site is optimized with the Yoast SEO plugin v26.6 - https:\/\/yoast.com\/wordpress\/plugins\/seo\/ -->\n<title>\u00c7a sonne espagnol\u2026 La Torta \u2013 g\u00e2teau, sandwich ou gifle?<\/title>\n<meta name=\"description\" content=\"Haaa l&#039;espagnol\u2026 m\u00e9lodieuse langue latine que l&#039;on aimerait tous ma\u00eetriser, \u00e0 moins que cela ne soit d\u00e9j\u00e0 ton cas! Que tu sois d\u00e9j\u00e0 ou non un adepte de la langue de...\" \/>\n<meta name=\"robots\" content=\"index, follow, max-snippet:-1, max-image-preview:large, max-video-preview:-1\" \/>\n<link rel=\"canonical\" href=\"https:\/\/www.afs.ch\/fr\/afs-blog-fr\/ca-sonne-espagnol\/\" \/>\n<meta property=\"og:locale\" content=\"fr_FR\" \/>\n<meta property=\"og:type\" content=\"article\" \/>\n<meta property=\"og:title\" content=\"\u00c7a sonne espagnol\u2026 La Torta \u2013 g\u00e2teau, sandwich ou gifle?\" \/>\n<meta property=\"og:description\" content=\"Haaa l&#039;espagnol\u2026 m\u00e9lodieuse langue latine que l&#039;on aimerait tous ma\u00eetriser, \u00e0 moins que cela ne soit d\u00e9j\u00e0 ton cas! Que tu sois d\u00e9j\u00e0 ou non un adepte de la langue de...\" \/>\n<meta property=\"og:url\" content=\"https:\/\/www.afs.ch\/fr\/afs-blog-fr\/ca-sonne-espagnol\/\" \/>\n<meta property=\"og:site_name\" content=\"Intercultural Programs\" \/>\n<meta property=\"article:publisher\" content=\"https:\/\/www.facebook.com\/afsswitzerland\/\" \/>\n<meta property=\"article:published_time\" content=\"2018-10-01T16:30:14+00:00\" \/>\n<meta property=\"article:modified_time\" content=\"2018-10-02T07:17:30+00:00\" \/>\n<meta property=\"og:image\" content=\"https:\/\/d22dvihj4pfop3.cloudfront.net\/wp-content\/uploads\/sites\/71\/2018\/09\/24112104\/Bild_Blog2_Hablas-espanol1-650x296.jpg\" \/>\n<meta name=\"author\" content=\"leagloor\" \/>\n<meta name=\"twitter:card\" content=\"summary_large_image\" \/>\n<meta name=\"twitter:creator\" content=\"@afs_ch\" \/>\n<meta name=\"twitter:site\" content=\"@afs_ch\" \/>\n<meta name=\"twitter:label1\" content=\"Written by\" \/>\n\t<meta name=\"twitter:data1\" content=\"leagloor\" \/>\n\t<meta name=\"twitter:label2\" content=\"Est. reading time\" \/>\n\t<meta name=\"twitter:data2\" content=\"3 minutes\" \/>\n<script type=\"application\/ld+json\" class=\"yoast-schema-graph\">{\"@context\":\"https:\/\/schema.org\",\"@graph\":[{\"@type\":\"WebPage\",\"@id\":\"https:\/\/www.afs.ch\/fr\/afs-blog-fr\/ca-sonne-espagnol\/\",\"url\":\"https:\/\/www.afs.ch\/fr\/afs-blog-fr\/ca-sonne-espagnol\/\",\"name\":\"\u00c7a sonne espagnol\u2026 La Torta \u2013 g\u00e2teau, sandwich ou gifle?\",\"isPartOf\":{\"@id\":\"https:\/\/www.afs.ch\/fr\/#website\"},\"primaryImageOfPage\":{\"@id\":\"https:\/\/www.afs.ch\/fr\/afs-blog-fr\/ca-sonne-espagnol\/#primaryimage\"},\"image\":{\"@id\":\"https:\/\/www.afs.ch\/fr\/afs-blog-fr\/ca-sonne-espagnol\/#primaryimage\"},\"thumbnailUrl\":\"https:\/\/d22dvihj4pfop3.cloudfront.net\/wp-content\/uploads\/sites\/71\/2018\/09\/24112104\/Bild_Blog2_Hablas-espanol1-650x296.jpg\",\"datePublished\":\"2018-10-01T16:30:14+00:00\",\"dateModified\":\"2018-10-02T07:17:30+00:00\",\"author\":{\"@id\":\"https:\/\/www.afs.ch\/fr\/#\/schema\/person\/341a6d91233817e176d9b9d72abf2741\"},\"description\":\"Haaa l'espagnol\u2026 m\u00e9lodieuse langue latine que l'on aimerait tous ma\u00eetriser, \u00e0 moins que cela ne soit d\u00e9j\u00e0 ton cas! Que tu sois d\u00e9j\u00e0 ou non un adepte de la langue de...\",\"breadcrumb\":{\"@id\":\"https:\/\/www.afs.ch\/fr\/afs-blog-fr\/ca-sonne-espagnol\/#breadcrumb\"},\"inLanguage\":\"fr-FR\",\"potentialAction\":[{\"@type\":\"ReadAction\",\"target\":[\"https:\/\/www.afs.ch\/fr\/afs-blog-fr\/ca-sonne-espagnol\/\"]}]},{\"@type\":\"ImageObject\",\"inLanguage\":\"fr-FR\",\"@id\":\"https:\/\/www.afs.ch\/fr\/afs-blog-fr\/ca-sonne-espagnol\/#primaryimage\",\"url\":\"https:\/\/d22dvihj4pfop3.cloudfront.net\/wp-content\/uploads\/sites\/71\/2018\/09\/24112104\/Bild_Blog2_Hablas-espanol1-650x296.jpg\",\"contentUrl\":\"https:\/\/d22dvihj4pfop3.cloudfront.net\/wp-content\/uploads\/sites\/71\/2018\/09\/24112104\/Bild_Blog2_Hablas-espanol1-650x296.jpg\"},{\"@type\":\"BreadcrumbList\",\"@id\":\"https:\/\/www.afs.ch\/fr\/afs-blog-fr\/ca-sonne-espagnol\/#breadcrumb\",\"itemListElement\":[{\"@type\":\"ListItem\",\"position\":1,\"name\":\"Home\",\"item\":\"https:\/\/switzerland.afssite.afs.org\/fr\/\"},{\"@type\":\"ListItem\",\"position\":2,\"name\":\"\u00c7a sonne espagnol\u2026 La Torta \u2013 g\u00e2teau, sandwich ou gifle?\"}]},{\"@type\":\"WebSite\",\"@id\":\"https:\/\/www.afs.ch\/fr\/#website\",\"url\":\"https:\/\/www.afs.ch\/fr\/\",\"name\":\"Interkulturelle Programme\",\"description\":\"Switzerland\",\"potentialAction\":[{\"@type\":\"SearchAction\",\"target\":{\"@type\":\"EntryPoint\",\"urlTemplate\":\"https:\/\/www.afs.ch\/fr\/?s={search_term_string}\"},\"query-input\":{\"@type\":\"PropertyValueSpecification\",\"valueRequired\":true,\"valueName\":\"search_term_string\"}}],\"inLanguage\":\"fr-FR\"},{\"@type\":\"Person\",\"@id\":\"https:\/\/www.afs.ch\/fr\/#\/schema\/person\/341a6d91233817e176d9b9d72abf2741\",\"name\":\"leagloor\",\"image\":{\"@type\":\"ImageObject\",\"inLanguage\":\"fr-FR\",\"@id\":\"https:\/\/www.afs.ch\/fr\/#\/schema\/person\/image\/\",\"url\":\"https:\/\/secure.gravatar.com\/avatar\/3b24046e6848dcf0c4dc085ab0757d2d98cd9d0ff7f951231869a1ee066d2941?s=96&d=mm&r=g\",\"contentUrl\":\"https:\/\/secure.gravatar.com\/avatar\/3b24046e6848dcf0c4dc085ab0757d2d98cd9d0ff7f951231869a1ee066d2941?s=96&d=mm&r=g\",\"caption\":\"leagloor\"},\"url\":\"https:\/\/www.afs.ch\/fr\/author\/leagloor\/\"}]}<\/script>\n<!-- \/ Yoast SEO plugin. -->","yoast_head_json":{"title":"\u00c7a sonne espagnol\u2026 La Torta \u2013 g\u00e2teau, sandwich ou gifle?","description":"Haaa l'espagnol\u2026 m\u00e9lodieuse langue latine que l'on aimerait tous ma\u00eetriser, \u00e0 moins que cela ne soit d\u00e9j\u00e0 ton cas! Que tu sois d\u00e9j\u00e0 ou non un adepte de la langue de...","robots":{"index":"index","follow":"follow","max-snippet":"max-snippet:-1","max-image-preview":"max-image-preview:large","max-video-preview":"max-video-preview:-1"},"canonical":"https:\/\/www.afs.ch\/fr\/afs-blog-fr\/ca-sonne-espagnol\/","og_locale":"fr_FR","og_type":"article","og_title":"\u00c7a sonne espagnol\u2026 La Torta \u2013 g\u00e2teau, sandwich ou gifle?","og_description":"Haaa l'espagnol\u2026 m\u00e9lodieuse langue latine que l'on aimerait tous ma\u00eetriser, \u00e0 moins que cela ne soit d\u00e9j\u00e0 ton cas! Que tu sois d\u00e9j\u00e0 ou non un adepte de la langue de...","og_url":"https:\/\/www.afs.ch\/fr\/afs-blog-fr\/ca-sonne-espagnol\/","og_site_name":"Intercultural Programs","article_publisher":"https:\/\/www.facebook.com\/afsswitzerland\/","article_published_time":"2018-10-01T16:30:14+00:00","article_modified_time":"2018-10-02T07:17:30+00:00","og_image":[{"url":"https:\/\/d22dvihj4pfop3.cloudfront.net\/wp-content\/uploads\/sites\/71\/2018\/09\/24112104\/Bild_Blog2_Hablas-espanol1-650x296.jpg","type":"","width":"","height":""}],"author":"leagloor","twitter_card":"summary_large_image","twitter_creator":"@afs_ch","twitter_site":"@afs_ch","twitter_misc":{"Written by":"leagloor","Est. reading time":"3 minutes"},"schema":{"@context":"https:\/\/schema.org","@graph":[{"@type":"WebPage","@id":"https:\/\/www.afs.ch\/fr\/afs-blog-fr\/ca-sonne-espagnol\/","url":"https:\/\/www.afs.ch\/fr\/afs-blog-fr\/ca-sonne-espagnol\/","name":"\u00c7a sonne espagnol\u2026 La Torta \u2013 g\u00e2teau, sandwich ou gifle?","isPartOf":{"@id":"https:\/\/www.afs.ch\/fr\/#website"},"primaryImageOfPage":{"@id":"https:\/\/www.afs.ch\/fr\/afs-blog-fr\/ca-sonne-espagnol\/#primaryimage"},"image":{"@id":"https:\/\/www.afs.ch\/fr\/afs-blog-fr\/ca-sonne-espagnol\/#primaryimage"},"thumbnailUrl":"https:\/\/d22dvihj4pfop3.cloudfront.net\/wp-content\/uploads\/sites\/71\/2018\/09\/24112104\/Bild_Blog2_Hablas-espanol1-650x296.jpg","datePublished":"2018-10-01T16:30:14+00:00","dateModified":"2018-10-02T07:17:30+00:00","author":{"@id":"https:\/\/www.afs.ch\/fr\/#\/schema\/person\/341a6d91233817e176d9b9d72abf2741"},"description":"Haaa l'espagnol\u2026 m\u00e9lodieuse langue latine que l'on aimerait tous ma\u00eetriser, \u00e0 moins que cela ne soit d\u00e9j\u00e0 ton cas! Que tu sois d\u00e9j\u00e0 ou non un adepte de la langue de...","breadcrumb":{"@id":"https:\/\/www.afs.ch\/fr\/afs-blog-fr\/ca-sonne-espagnol\/#breadcrumb"},"inLanguage":"fr-FR","potentialAction":[{"@type":"ReadAction","target":["https:\/\/www.afs.ch\/fr\/afs-blog-fr\/ca-sonne-espagnol\/"]}]},{"@type":"ImageObject","inLanguage":"fr-FR","@id":"https:\/\/www.afs.ch\/fr\/afs-blog-fr\/ca-sonne-espagnol\/#primaryimage","url":"https:\/\/d22dvihj4pfop3.cloudfront.net\/wp-content\/uploads\/sites\/71\/2018\/09\/24112104\/Bild_Blog2_Hablas-espanol1-650x296.jpg","contentUrl":"https:\/\/d22dvihj4pfop3.cloudfront.net\/wp-content\/uploads\/sites\/71\/2018\/09\/24112104\/Bild_Blog2_Hablas-espanol1-650x296.jpg"},{"@type":"BreadcrumbList","@id":"https:\/\/www.afs.ch\/fr\/afs-blog-fr\/ca-sonne-espagnol\/#breadcrumb","itemListElement":[{"@type":"ListItem","position":1,"name":"Home","item":"https:\/\/switzerland.afssite.afs.org\/fr\/"},{"@type":"ListItem","position":2,"name":"\u00c7a sonne espagnol\u2026 La Torta \u2013 g\u00e2teau, sandwich ou gifle?"}]},{"@type":"WebSite","@id":"https:\/\/www.afs.ch\/fr\/#website","url":"https:\/\/www.afs.ch\/fr\/","name":"Interkulturelle Programme","description":"Switzerland","potentialAction":[{"@type":"SearchAction","target":{"@type":"EntryPoint","urlTemplate":"https:\/\/www.afs.ch\/fr\/?s={search_term_string}"},"query-input":{"@type":"PropertyValueSpecification","valueRequired":true,"valueName":"search_term_string"}}],"inLanguage":"fr-FR"},{"@type":"Person","@id":"https:\/\/www.afs.ch\/fr\/#\/schema\/person\/341a6d91233817e176d9b9d72abf2741","name":"leagloor","image":{"@type":"ImageObject","inLanguage":"fr-FR","@id":"https:\/\/www.afs.ch\/fr\/#\/schema\/person\/image\/","url":"https:\/\/secure.gravatar.com\/avatar\/3b24046e6848dcf0c4dc085ab0757d2d98cd9d0ff7f951231869a1ee066d2941?s=96&d=mm&r=g","contentUrl":"https:\/\/secure.gravatar.com\/avatar\/3b24046e6848dcf0c4dc085ab0757d2d98cd9d0ff7f951231869a1ee066d2941?s=96&d=mm&r=g","caption":"leagloor"},"url":"https:\/\/www.afs.ch\/fr\/author\/leagloor\/"}]}},"_links":{"self":[{"href":"https:\/\/www.afs.ch\/fr\/wp-json\/wp\/v2\/posts\/27897","targetHints":{"allow":["GET"]}}],"collection":[{"href":"https:\/\/www.afs.ch\/fr\/wp-json\/wp\/v2\/posts"}],"about":[{"href":"https:\/\/www.afs.ch\/fr\/wp-json\/wp\/v2\/types\/post"}],"author":[{"embeddable":true,"href":"https:\/\/www.afs.ch\/fr\/wp-json\/wp\/v2\/users\/675"}],"replies":[{"embeddable":true,"href":"https:\/\/www.afs.ch\/fr\/wp-json\/wp\/v2\/comments?post=27897"}],"version-history":[{"count":7,"href":"https:\/\/www.afs.ch\/fr\/wp-json\/wp\/v2\/posts\/27897\/revisions"}],"predecessor-version":[{"id":27909,"href":"https:\/\/www.afs.ch\/fr\/wp-json\/wp\/v2\/posts\/27897\/revisions\/27909"}],"wp:attachment":[{"href":"https:\/\/www.afs.ch\/fr\/wp-json\/wp\/v2\/media?parent=27897"}],"wp:term":[{"taxonomy":"category","embeddable":true,"href":"https:\/\/www.afs.ch\/fr\/wp-json\/wp\/v2\/categories?post=27897"},{"taxonomy":"post_tag","embeddable":true,"href":"https:\/\/www.afs.ch\/fr\/wp-json\/wp\/v2\/tags?post=27897"}],"curies":[{"name":"wp","href":"https:\/\/api.w.org\/{rel}","templated":true}]}}