{"id":30323,"date":"2019-03-08T14:59:39","date_gmt":"2019-03-08T13:59:39","guid":{"rendered":"https:\/\/www.afs.ch\/fr\/?p=30323"},"modified":"2019-03-08T15:01:09","modified_gmt":"2019-03-08T14:01:09","slug":"high-school-ou-sarrete-la-realite-et-ou-commence-la-fiction","status":"publish","type":"post","link":"https:\/\/www.afs.ch\/fr\/afs-blog-fr\/high-school-ou-sarrete-la-realite-et-ou-commence-la-fiction\/","title":{"rendered":"High school: O\u00f9 s&rsquo;arr\u00eate la r\u00e9alit\u00e9 et o\u00f9 commence la fiction?"},"content":{"rendered":"<p>Qui d&rsquo;entre nous n&rsquo;a jamais fait une soir\u00e9e film &amp; popcorn avec des amis \u00e0 s&rsquo;imaginer dans la peau de l&rsquo;un des acteurs de \u00ab<em>High School Musical<\/em>\u00bb ou \u00ab<em>Fast Times At Ridgemont high<\/em>\u00bb? Vous \u00eates-vous d\u00e9j\u00e0 demand\u00e9s si les vraies <em>High schools<\/em> ressemblent vraiment \u00e0 ce qu&rsquo;on en voit \u00e0 la t\u00e9l\u00e9vision? La vie \u00e9tudiante d&rsquo;un am\u00e9ricain est-elle vraiment si diff\u00e9rente de celle d&rsquo;un suisse ou d&rsquo;un europ\u00e9en? C&rsquo;est probablement l&rsquo;une des questions que l&rsquo;on se pose le plus lorsqu&rsquo;on se d\u00e9cide \u00e0 partir une ann\u00e9e en programme d&rsquo;\u00e9change aux <em>\u00c9<\/em>tats-Unis. Je m&rsquo;appelle C\u00e9dric, j&rsquo;ai 17 ans et je suis actuellement en s\u00e9jour AFS, dans l&rsquo;\u00e9tat de New-York o\u00f9 j&rsquo;y fr\u00e9quente une vraie <em>high school<\/em>. Dans ce blog, je vous expose les r\u00e9elles diff\u00e9rences entre les \u00e9coles suisses et am\u00e9ricaines. Nul doute que ce sujet devrait vous int\u00e9resser car m\u00e9langer plaisir et apprentissage est aussi ce que l&rsquo;on recherche en programme d&rsquo;\u00e9change; et c&rsquo;est bien normal vu que l&rsquo;\u00e9cole est, \u00e0 nos \u00e2ges, l&rsquo;endroit o\u00f9 l&rsquo;on y passe le plus de temps.<\/p>\n<p><figure class=\"wp-image-wrap\"><img loading=\"lazy\" decoding=\"async\" class=\"size-medium wp-image-30319 aligncenter\" src=\"https:\/\/d22dvihj4pfop3.cloudfront.net\/wp-content\/uploads\/sites\/71\/2019\/03\/08142548\/20180920_224450-650x406.jpg\" alt=\"\" width=\"650\" height=\"406\" \/><\/figure><\/p>\n<p><strong>1. Le sport \u00e0 l&rsquo;\u00e9cole<\/strong><\/p>\n<p>Il faut savoir que le sport fait partie int\u00e9grante de la vie des \u00e9tudiants am\u00e9ricains et c&rsquo;est tant mieux pour nous! Contrairement \u00e0 chez nous, pas besoin de faire partie d&rsquo;un club ou d&rsquo;une association locale pour faire du sport. Aux \u00c9tats-Unis, il y a trois \u00absaisons\u00bb sportives. La premi\u00e8re \u00ab<em>fall season<\/em>\u00bb, en automne, met les sports tels que le football, le football am\u00e9ricain et la natation (plut\u00f4t pour les filles) en avant. Puis, viennent la saison d&rsquo;hiver et du printemps, o\u00f9 les sports en t\u00eate de classement d\u00e9pendent de la r\u00e9gion. L&rsquo;avantage aux \u00c9tats-Unis, c&rsquo;est que l&rsquo;\u00e9cole se termine vers 15 heures, ce qui nous laisse beaucoup de temps pour nous entra\u00eener et nous faire des amis qui partagent les m\u00eames centres d&rsquo;int\u00e9r\u00eat que nous.<\/p>\n<p><strong>2. Mati\u00e8res scolaires <\/strong><\/p>\n<p>Aux \u00c9tats-Unis, ce qui est g\u00e9nial, c&rsquo;est que chaque \u00e9tudiant peut \u00e9tablir son propre emploi du temps! En d\u00e9but d&rsquo;ann\u00e9e, tu rencontres le directeur pour lui faire part des diff\u00e9rentes mati\u00e8res que tu souhaites \u00e9tudier et il te pr\u00e9sente l&rsquo;\u00e9ventail des branches propos\u00e9es, en sachant par contre que celles-ci varient d&rsquo;une \u00e9cole \u00e0 une autre. Par exemple, un \u00e9tablissement localis\u00e9 dans une r\u00e9gion plus rurale proposera des cours type \u00ab<em>Agriculture<\/em>\u00bb o\u00f9 l&rsquo;on peut apprendre comment g\u00e9rer une ferme, quel \u00e9quipement est n\u00e9cessaire, etc. Il y a aussi des cours comme \u00ab<em>Senior Survival<\/em>\u00bb ou \u00ab<em>Bakeshop<\/em>\u00bb o\u00f9 on apprend \u00e0 cuisiner, \u00ab<em>US History<\/em>\u00bb le nom parle de lui-m\u00eame, \u00ab<em>Small Engines<\/em>\u00bb o\u00f9 tu apprends \u00e0 manier les moteurs, \u00e0 c\u00f4t\u00e9 bien \u00e9videmment de mati\u00e8res plus classiques telles que les math\u00e9matiques, la biologie, la physique\u2026 Le choix est \u00e9norme. Enfin le cours \u00ab<em>Study Hall<\/em>\u00bb donne des pistes utiles pour rendre l&rsquo;apprentissage plus efficace.<\/p>\n<p><strong>3. Syst\u00e8me scolaire <\/strong><\/p>\n<p>Le syst\u00e8me scolaire am\u00e9ricain est tr\u00e8s diff\u00e9rent de celui auquel nous sommes habitu\u00e9s en Suisse. L&rsquo;\u00e9cole obligatoire se compose de 3 cycles: On parle de l&rsquo;\u00ab<em>elementary school<\/em>\u00bb qui dure 4 ans. De la 5<sup>\u00e8me<\/sup> \u00e0 la 8<sup>\u00e8me<\/sup> ann\u00e9e la \u00ab<em>middle school<\/em>\u00bb et pour finir, les 4 ans de la <em>High school<\/em>. C&rsquo;est \u00e0 ce moment-l\u00e0, que la plupart des jeunes, alors \u00e2g\u00e9s de 18 ans, entrent dans un \u00ab<em>college<\/em>\u00bb ou dans une universit\u00e9. \u00catre titulaire d&rsquo;un dipl\u00f4me d&rsquo;\u00e9tudes sup\u00e9rieures aux \u00c9tats-Unis est presque une condition pour s&rsquo;assurer d&rsquo;un bon emploi et d&rsquo;une certaine aisance financi\u00e8re. Une autre diff\u00e9rence r\u00e9side dans le fait qu&rsquo;aux \u00c9tats-Unis, tous les \u00e9l\u00e8ves d&rsquo;une m\u00eame r\u00e9gion fr\u00e9quentent la m\u00eame \u00e9cole, il n&rsquo;y a pas la possibilit\u00e9 d&rsquo;aller dans un autre lyc\u00e9e ou dans des niveaux de classes diff\u00e9rents.<\/p>\n<p>G\u00e9n\u00e9ralement en tant qu&rsquo;\u00e9tudiant en programme d&rsquo;\u00e9change AFS aux \u00c9tats-Unis, tu int\u00e8gres la derni\u00e8re ann\u00e9e scolaire et tu participes donc au fameux bal de fin d&rsquo;ann\u00e9e \u00ab<em>Prom<\/em>\u00bb ainsi qu&rsquo;au \u00ab<em>Senior Trip<\/em>\u00bb (voyage de fin d&rsquo;\u00e9tudes qui peut avoir lieu n&rsquo;importe o\u00f9 aux \u00c9tats-Unis, qui se d\u00e9roule dans diff\u00e9rents endroits d&rsquo;Am\u00e9rique, comme par exemple, en Floride).<\/p>\n<p>Dans l&rsquo;ensemble la plupart des clich\u00e9s des films am\u00e9ricains sont vrais. Les Am\u00e9ricains passent beaucoup de temps \u00e0 l&rsquo;\u00e9cole, en partie en raison des activit\u00e9s sportives. La semaine, il peut arriver que tu restes \u00e0 l&rsquo;\u00e9cole jusqu&rsquo;\u00e0 21h pour assister \u00e0 un match de basket ou de football. Dans tous les cas, c&rsquo;est une exp\u00e9rience bien diff\u00e9rente de celle que tu connais en Suisse et si tu es fan des com\u00e9dies am\u00e9ricaines, les \u00c9tats-Unis sont faits pour toi, crois-moi!<\/p>\n","protected":false},"excerpt":{"rendered":"<p>Qui d&rsquo;entre nous n&rsquo;a jamais fait une soir\u00e9e film &amp; popcorn avec des amis \u00e0 s&rsquo;imaginer dans la peau de&hellip;<\/p>\n","protected":false},"author":673,"featured_media":0,"comment_status":"open","ping_status":"open","sticky":false,"template":"","format":"standard","meta":{"footnotes":""},"categories":[743],"tags":[],"class_list":["post-30323","post","type-post","status-publish","format-standard","hentry","category-afs-blog-fr"],"yoast_head":"<!-- This site is optimized with the Yoast SEO plugin v26.6 - https:\/\/yoast.com\/wordpress\/plugins\/seo\/ -->\n<title>High school: O\u00f9 s&#039;arr\u00eate la r\u00e9alit\u00e9 et o\u00f9 commence la fiction?<\/title>\n<meta name=\"description\" content=\"Qui d&#039;entre nous n&#039;a jamais fait une soir\u00e9e film &amp; popcorn avec des amis \u00e0 s&#039;imaginer dans la peau de l&#039;un des acteurs de \u00abHigh School Musical\u00bb ou...\" \/>\n<meta name=\"robots\" content=\"index, follow, max-snippet:-1, max-image-preview:large, max-video-preview:-1\" \/>\n<link rel=\"canonical\" href=\"https:\/\/www.afs.ch\/fr\/afs-blog-fr\/high-school-ou-sarrete-la-realite-et-ou-commence-la-fiction\/\" \/>\n<meta property=\"og:locale\" content=\"fr_FR\" \/>\n<meta property=\"og:type\" content=\"article\" \/>\n<meta property=\"og:title\" content=\"High school: O\u00f9 s&#039;arr\u00eate la r\u00e9alit\u00e9 et o\u00f9 commence la fiction?\" \/>\n<meta property=\"og:description\" content=\"Qui d&#039;entre nous n&#039;a jamais fait une soir\u00e9e film &amp; popcorn avec des amis \u00e0 s&#039;imaginer dans la peau de l&#039;un des acteurs de \u00abHigh School Musical\u00bb ou...\" \/>\n<meta property=\"og:url\" content=\"https:\/\/www.afs.ch\/fr\/afs-blog-fr\/high-school-ou-sarrete-la-realite-et-ou-commence-la-fiction\/\" \/>\n<meta property=\"og:site_name\" content=\"Intercultural Programs\" \/>\n<meta property=\"article:publisher\" content=\"https:\/\/www.facebook.com\/afsswitzerland\/\" \/>\n<meta property=\"article:published_time\" content=\"2019-03-08T13:59:39+00:00\" \/>\n<meta property=\"article:modified_time\" content=\"2019-03-08T14:01:09+00:00\" \/>\n<meta property=\"og:image\" content=\"https:\/\/d22dvihj4pfop3.cloudfront.net\/wp-content\/uploads\/sites\/71\/2019\/03\/08142548\/20180920_224450-650x406.jpg\" \/>\n<meta name=\"author\" content=\"laureanne\" \/>\n<meta name=\"twitter:card\" content=\"summary_large_image\" \/>\n<meta name=\"twitter:creator\" content=\"@afs_ch\" \/>\n<meta name=\"twitter:site\" content=\"@afs_ch\" \/>\n<meta name=\"twitter:label1\" content=\"Written by\" \/>\n\t<meta name=\"twitter:data1\" content=\"laureanne\" \/>\n\t<meta name=\"twitter:label2\" content=\"Est. reading time\" \/>\n\t<meta name=\"twitter:data2\" content=\"4 minutes\" \/>\n<script type=\"application\/ld+json\" class=\"yoast-schema-graph\">{\"@context\":\"https:\/\/schema.org\",\"@graph\":[{\"@type\":\"WebPage\",\"@id\":\"https:\/\/www.afs.ch\/fr\/afs-blog-fr\/high-school-ou-sarrete-la-realite-et-ou-commence-la-fiction\/\",\"url\":\"https:\/\/www.afs.ch\/fr\/afs-blog-fr\/high-school-ou-sarrete-la-realite-et-ou-commence-la-fiction\/\",\"name\":\"High school: O\u00f9 s'arr\u00eate la r\u00e9alit\u00e9 et o\u00f9 commence la fiction?\",\"isPartOf\":{\"@id\":\"https:\/\/www.afs.ch\/fr\/#website\"},\"primaryImageOfPage\":{\"@id\":\"https:\/\/www.afs.ch\/fr\/afs-blog-fr\/high-school-ou-sarrete-la-realite-et-ou-commence-la-fiction\/#primaryimage\"},\"image\":{\"@id\":\"https:\/\/www.afs.ch\/fr\/afs-blog-fr\/high-school-ou-sarrete-la-realite-et-ou-commence-la-fiction\/#primaryimage\"},\"thumbnailUrl\":\"https:\/\/d22dvihj4pfop3.cloudfront.net\/wp-content\/uploads\/sites\/71\/2019\/03\/08142548\/20180920_224450-650x406.jpg\",\"datePublished\":\"2019-03-08T13:59:39+00:00\",\"dateModified\":\"2019-03-08T14:01:09+00:00\",\"author\":{\"@id\":\"https:\/\/www.afs.ch\/fr\/#\/schema\/person\/3f28fb52ca3f5d4990af965ada5140b3\"},\"description\":\"Qui d'entre nous n'a jamais fait une soir\u00e9e film & popcorn avec des amis \u00e0 s'imaginer dans la peau de l'un des acteurs de \u00abHigh School Musical\u00bb ou...\",\"breadcrumb\":{\"@id\":\"https:\/\/www.afs.ch\/fr\/afs-blog-fr\/high-school-ou-sarrete-la-realite-et-ou-commence-la-fiction\/#breadcrumb\"},\"inLanguage\":\"fr-FR\",\"potentialAction\":[{\"@type\":\"ReadAction\",\"target\":[\"https:\/\/www.afs.ch\/fr\/afs-blog-fr\/high-school-ou-sarrete-la-realite-et-ou-commence-la-fiction\/\"]}]},{\"@type\":\"ImageObject\",\"inLanguage\":\"fr-FR\",\"@id\":\"https:\/\/www.afs.ch\/fr\/afs-blog-fr\/high-school-ou-sarrete-la-realite-et-ou-commence-la-fiction\/#primaryimage\",\"url\":\"https:\/\/d22dvihj4pfop3.cloudfront.net\/wp-content\/uploads\/sites\/71\/2019\/03\/08142548\/20180920_224450-650x406.jpg\",\"contentUrl\":\"https:\/\/d22dvihj4pfop3.cloudfront.net\/wp-content\/uploads\/sites\/71\/2019\/03\/08142548\/20180920_224450-650x406.jpg\"},{\"@type\":\"BreadcrumbList\",\"@id\":\"https:\/\/www.afs.ch\/fr\/afs-blog-fr\/high-school-ou-sarrete-la-realite-et-ou-commence-la-fiction\/#breadcrumb\",\"itemListElement\":[{\"@type\":\"ListItem\",\"position\":1,\"name\":\"Home\",\"item\":\"https:\/\/switzerland.afssite.afs.org\/fr\/\"},{\"@type\":\"ListItem\",\"position\":2,\"name\":\"High school: O\u00f9 s&rsquo;arr\u00eate la r\u00e9alit\u00e9 et o\u00f9 commence la fiction?\"}]},{\"@type\":\"WebSite\",\"@id\":\"https:\/\/www.afs.ch\/fr\/#website\",\"url\":\"https:\/\/www.afs.ch\/fr\/\",\"name\":\"Interkulturelle Programme\",\"description\":\"Switzerland\",\"potentialAction\":[{\"@type\":\"SearchAction\",\"target\":{\"@type\":\"EntryPoint\",\"urlTemplate\":\"https:\/\/www.afs.ch\/fr\/?s={search_term_string}\"},\"query-input\":{\"@type\":\"PropertyValueSpecification\",\"valueRequired\":true,\"valueName\":\"search_term_string\"}}],\"inLanguage\":\"fr-FR\"},{\"@type\":\"Person\",\"@id\":\"https:\/\/www.afs.ch\/fr\/#\/schema\/person\/3f28fb52ca3f5d4990af965ada5140b3\",\"name\":\"laureanne\",\"image\":{\"@type\":\"ImageObject\",\"inLanguage\":\"fr-FR\",\"@id\":\"https:\/\/www.afs.ch\/fr\/#\/schema\/person\/image\/\",\"url\":\"https:\/\/secure.gravatar.com\/avatar\/5f8ea8b1c6bf17181d1f7bdc4cc51fa8bd5793abe232f5376c76d96a95c3f9d3?s=96&d=mm&r=g\",\"contentUrl\":\"https:\/\/secure.gravatar.com\/avatar\/5f8ea8b1c6bf17181d1f7bdc4cc51fa8bd5793abe232f5376c76d96a95c3f9d3?s=96&d=mm&r=g\",\"caption\":\"laureanne\"},\"url\":\"https:\/\/www.afs.ch\/fr\/author\/laureanne\/\"}]}<\/script>\n<!-- \/ Yoast SEO plugin. -->","yoast_head_json":{"title":"High school: O\u00f9 s'arr\u00eate la r\u00e9alit\u00e9 et o\u00f9 commence la fiction?","description":"Qui d'entre nous n'a jamais fait une soir\u00e9e film & popcorn avec des amis \u00e0 s'imaginer dans la peau de l'un des acteurs de \u00abHigh School Musical\u00bb ou...","robots":{"index":"index","follow":"follow","max-snippet":"max-snippet:-1","max-image-preview":"max-image-preview:large","max-video-preview":"max-video-preview:-1"},"canonical":"https:\/\/www.afs.ch\/fr\/afs-blog-fr\/high-school-ou-sarrete-la-realite-et-ou-commence-la-fiction\/","og_locale":"fr_FR","og_type":"article","og_title":"High school: O\u00f9 s'arr\u00eate la r\u00e9alit\u00e9 et o\u00f9 commence la fiction?","og_description":"Qui d'entre nous n'a jamais fait une soir\u00e9e film & popcorn avec des amis \u00e0 s'imaginer dans la peau de l'un des acteurs de \u00abHigh School Musical\u00bb ou...","og_url":"https:\/\/www.afs.ch\/fr\/afs-blog-fr\/high-school-ou-sarrete-la-realite-et-ou-commence-la-fiction\/","og_site_name":"Intercultural Programs","article_publisher":"https:\/\/www.facebook.com\/afsswitzerland\/","article_published_time":"2019-03-08T13:59:39+00:00","article_modified_time":"2019-03-08T14:01:09+00:00","og_image":[{"url":"https:\/\/d22dvihj4pfop3.cloudfront.net\/wp-content\/uploads\/sites\/71\/2019\/03\/08142548\/20180920_224450-650x406.jpg","type":"","width":"","height":""}],"author":"laureanne","twitter_card":"summary_large_image","twitter_creator":"@afs_ch","twitter_site":"@afs_ch","twitter_misc":{"Written by":"laureanne","Est. reading time":"4 minutes"},"schema":{"@context":"https:\/\/schema.org","@graph":[{"@type":"WebPage","@id":"https:\/\/www.afs.ch\/fr\/afs-blog-fr\/high-school-ou-sarrete-la-realite-et-ou-commence-la-fiction\/","url":"https:\/\/www.afs.ch\/fr\/afs-blog-fr\/high-school-ou-sarrete-la-realite-et-ou-commence-la-fiction\/","name":"High school: O\u00f9 s'arr\u00eate la r\u00e9alit\u00e9 et o\u00f9 commence la fiction?","isPartOf":{"@id":"https:\/\/www.afs.ch\/fr\/#website"},"primaryImageOfPage":{"@id":"https:\/\/www.afs.ch\/fr\/afs-blog-fr\/high-school-ou-sarrete-la-realite-et-ou-commence-la-fiction\/#primaryimage"},"image":{"@id":"https:\/\/www.afs.ch\/fr\/afs-blog-fr\/high-school-ou-sarrete-la-realite-et-ou-commence-la-fiction\/#primaryimage"},"thumbnailUrl":"https:\/\/d22dvihj4pfop3.cloudfront.net\/wp-content\/uploads\/sites\/71\/2019\/03\/08142548\/20180920_224450-650x406.jpg","datePublished":"2019-03-08T13:59:39+00:00","dateModified":"2019-03-08T14:01:09+00:00","author":{"@id":"https:\/\/www.afs.ch\/fr\/#\/schema\/person\/3f28fb52ca3f5d4990af965ada5140b3"},"description":"Qui d'entre nous n'a jamais fait une soir\u00e9e film & popcorn avec des amis \u00e0 s'imaginer dans la peau de l'un des acteurs de \u00abHigh School Musical\u00bb ou...","breadcrumb":{"@id":"https:\/\/www.afs.ch\/fr\/afs-blog-fr\/high-school-ou-sarrete-la-realite-et-ou-commence-la-fiction\/#breadcrumb"},"inLanguage":"fr-FR","potentialAction":[{"@type":"ReadAction","target":["https:\/\/www.afs.ch\/fr\/afs-blog-fr\/high-school-ou-sarrete-la-realite-et-ou-commence-la-fiction\/"]}]},{"@type":"ImageObject","inLanguage":"fr-FR","@id":"https:\/\/www.afs.ch\/fr\/afs-blog-fr\/high-school-ou-sarrete-la-realite-et-ou-commence-la-fiction\/#primaryimage","url":"https:\/\/d22dvihj4pfop3.cloudfront.net\/wp-content\/uploads\/sites\/71\/2019\/03\/08142548\/20180920_224450-650x406.jpg","contentUrl":"https:\/\/d22dvihj4pfop3.cloudfront.net\/wp-content\/uploads\/sites\/71\/2019\/03\/08142548\/20180920_224450-650x406.jpg"},{"@type":"BreadcrumbList","@id":"https:\/\/www.afs.ch\/fr\/afs-blog-fr\/high-school-ou-sarrete-la-realite-et-ou-commence-la-fiction\/#breadcrumb","itemListElement":[{"@type":"ListItem","position":1,"name":"Home","item":"https:\/\/switzerland.afssite.afs.org\/fr\/"},{"@type":"ListItem","position":2,"name":"High school: O\u00f9 s&rsquo;arr\u00eate la r\u00e9alit\u00e9 et o\u00f9 commence la fiction?"}]},{"@type":"WebSite","@id":"https:\/\/www.afs.ch\/fr\/#website","url":"https:\/\/www.afs.ch\/fr\/","name":"Interkulturelle Programme","description":"Switzerland","potentialAction":[{"@type":"SearchAction","target":{"@type":"EntryPoint","urlTemplate":"https:\/\/www.afs.ch\/fr\/?s={search_term_string}"},"query-input":{"@type":"PropertyValueSpecification","valueRequired":true,"valueName":"search_term_string"}}],"inLanguage":"fr-FR"},{"@type":"Person","@id":"https:\/\/www.afs.ch\/fr\/#\/schema\/person\/3f28fb52ca3f5d4990af965ada5140b3","name":"laureanne","image":{"@type":"ImageObject","inLanguage":"fr-FR","@id":"https:\/\/www.afs.ch\/fr\/#\/schema\/person\/image\/","url":"https:\/\/secure.gravatar.com\/avatar\/5f8ea8b1c6bf17181d1f7bdc4cc51fa8bd5793abe232f5376c76d96a95c3f9d3?s=96&d=mm&r=g","contentUrl":"https:\/\/secure.gravatar.com\/avatar\/5f8ea8b1c6bf17181d1f7bdc4cc51fa8bd5793abe232f5376c76d96a95c3f9d3?s=96&d=mm&r=g","caption":"laureanne"},"url":"https:\/\/www.afs.ch\/fr\/author\/laureanne\/"}]}},"_links":{"self":[{"href":"https:\/\/www.afs.ch\/fr\/wp-json\/wp\/v2\/posts\/30323","targetHints":{"allow":["GET"]}}],"collection":[{"href":"https:\/\/www.afs.ch\/fr\/wp-json\/wp\/v2\/posts"}],"about":[{"href":"https:\/\/www.afs.ch\/fr\/wp-json\/wp\/v2\/types\/post"}],"author":[{"embeddable":true,"href":"https:\/\/www.afs.ch\/fr\/wp-json\/wp\/v2\/users\/673"}],"replies":[{"embeddable":true,"href":"https:\/\/www.afs.ch\/fr\/wp-json\/wp\/v2\/comments?post=30323"}],"version-history":[{"count":1,"href":"https:\/\/www.afs.ch\/fr\/wp-json\/wp\/v2\/posts\/30323\/revisions"}],"predecessor-version":[{"id":30324,"href":"https:\/\/www.afs.ch\/fr\/wp-json\/wp\/v2\/posts\/30323\/revisions\/30324"}],"wp:attachment":[{"href":"https:\/\/www.afs.ch\/fr\/wp-json\/wp\/v2\/media?parent=30323"}],"wp:term":[{"taxonomy":"category","embeddable":true,"href":"https:\/\/www.afs.ch\/fr\/wp-json\/wp\/v2\/categories?post=30323"},{"taxonomy":"post_tag","embeddable":true,"href":"https:\/\/www.afs.ch\/fr\/wp-json\/wp\/v2\/tags?post=30323"}],"curies":[{"name":"wp","href":"https:\/\/api.w.org\/{rel}","templated":true}]}}