{"id":31136,"date":"2019-05-24T10:55:16","date_gmt":"2019-05-24T09:55:16","guid":{"rendered":"https:\/\/www.afs.ch\/fr\/?p=31136"},"modified":"2019-05-24T10:57:19","modified_gmt":"2019-05-24T09:57:19","slug":"nos-etudiants-afs-du-monde-entier-ont-ete-a-europapark","status":"publish","type":"post","link":"https:\/\/www.afs.ch\/fr\/afs-blog-fr\/nos-etudiants-afs-du-monde-entier-ont-ete-a-europapark\/","title":{"rendered":"Nos \u00e9tudiants AFS du monde entier ont \u00e9t\u00e9 \u00e0 Europapark!"},"content":{"rendered":"<p><span lang=\"FR-CH\">Pour la premi\u00e8re fois dans l&rsquo;histoire d&rsquo;AFS Suisse, un groupe d&rsquo;\u00e9tudiants AFS (venant de plus de 22 pays diff\u00e9rents) s&rsquo;est rendu \u00e0 Europapark!\u00a0<\/span>Cette aventure a d\u00e9but\u00e9e le 11 mai 2019, t\u00f4t le matin, avec une bande d&rsquo;\u00e9tudiants joyeux et euphoriques \u00e0 l&rsquo;id\u00e9e de se retrouver tous ensemble et d&rsquo;aller dans un parc d&rsquo;attractions.\u00a0<span lang=\"FR-CH\">Cette excursion a pu \u00eatre r\u00e9alis\u00e9e gr\u00e2ce \u00e0 un chauffeur de bus passionn\u00e9 et cosmopolite, Monsieur Roy Ferrari! Accompagn\u00e9 de son \u00e9pouse Maja, ils ont d\u00e9j\u00e0 \u00e9t\u00e9 15 fois famille d&rsquo;accueil pour AFS.<\/span><\/p>\n<p><figure class=\"wp-image-wrap\"><img loading=\"lazy\" decoding=\"async\" class=\"alignnone size-medium wp-image-31133\" src=\"https:\/\/d22dvihj4pfop3.cloudfront.net\/wp-content\/uploads\/sites\/71\/2019\/05\/24104115\/IMG_6233-650x488.jpg\" alt=\"\" width=\"650\" height=\"488\" \/><\/figure><\/p>\n<p><span lang=\"FR-CH\">Du Silver Star, en passant par le Blue Fire et l&rsquo;Euro-Mir jusqu&rsquo;\u00e0 la maison hant\u00e9e, 49 AFSers internationaux se sont amus\u00e9s comme des petits fous en passant une journ\u00e9e pleines d&rsquo;\u00e9motions sous un soleil \u00e9clatant.\u00a0<\/span>L&rsquo;ambiance \u00e9tait au rendez-vous pour une excursion parfaite. Nous nous r\u00e9jouissons avec impatience de la prochaine sortie!<\/p>\n<p>Partir avec AFS en programme d&rsquo;\u00e9change est bien plus qu&rsquo;un voyage linguistique ordinaire. C&rsquo;est une exp\u00e9rience interculturelle unique o\u00f9 tu te plonges dans un nouveau pays, une culture diff\u00e9rente, tu d\u00e9couvres ta nouvelle famille d&rsquo;accueil et tu te fais aussi des amis internationaux pour la vie.\u00a0<span lang=\"FR-CH\">C&rsquo;est une ann\u00e9e pleines d&rsquo;amiti\u00e9s et d&rsquo;aventures avec d&rsquo;autres \u00e9tudiants.<\/span><\/p>\n<p class=\"m_-393746370175815652gmail-MsoQuote\"><span lang=\"EN-GB\">Thank you, gracias, obrigado, terimah kasih,\u00a0<\/span>\u8c22\u8c22\u00a0<span lang=\"EN-GB\">!<br \/>\n<\/span><span lang=\"FR-CH\">Nous tenons tout particuli\u00e8rement \u00e0 remercier la famille Ferrari pour leur engagement sans fin envers notre cause! &lt;3<\/span><\/p>\n","protected":false},"excerpt":{"rendered":"<p>Pour la premi\u00e8re fois dans l&rsquo;histoire d&rsquo;AFS Suisse, un groupe d&rsquo;\u00e9tudiants AFS (venant de plus de 22 pays diff\u00e9rents) s&rsquo;est&hellip;<\/p>\n","protected":false},"author":673,"featured_media":0,"comment_status":"open","ping_status":"open","sticky":false,"template":"","format":"standard","meta":{"footnotes":""},"categories":[743],"tags":[],"class_list":["post-31136","post","type-post","status-publish","format-standard","hentry","category-afs-blog-fr"],"yoast_head":"<!-- This site is optimized with the Yoast SEO plugin v26.6 - https:\/\/yoast.com\/wordpress\/plugins\/seo\/ -->\n<title>Nos \u00e9tudiants AFS du monde entier ont \u00e9t\u00e9 \u00e0 Europapark! - Intercultural Programs<\/title>\n<meta name=\"robots\" content=\"index, follow, max-snippet:-1, max-image-preview:large, max-video-preview:-1\" \/>\n<link rel=\"canonical\" href=\"https:\/\/www.afs.ch\/fr\/afs-blog-fr\/nos-etudiants-afs-du-monde-entier-ont-ete-a-europapark\/\" \/>\n<meta property=\"og:locale\" content=\"fr_FR\" \/>\n<meta property=\"og:type\" content=\"article\" \/>\n<meta property=\"og:title\" content=\"Nos \u00e9tudiants AFS du monde entier ont \u00e9t\u00e9 \u00e0 Europapark! - Intercultural Programs\" \/>\n<meta property=\"og:description\" content=\"Pour la premi\u00e8re fois dans l&rsquo;histoire d&rsquo;AFS Suisse, un groupe d&rsquo;\u00e9tudiants AFS (venant de plus de 22 pays diff\u00e9rents) s&rsquo;est&hellip;\" \/>\n<meta property=\"og:url\" content=\"https:\/\/www.afs.ch\/fr\/afs-blog-fr\/nos-etudiants-afs-du-monde-entier-ont-ete-a-europapark\/\" \/>\n<meta property=\"og:site_name\" content=\"Intercultural Programs\" \/>\n<meta property=\"article:publisher\" content=\"https:\/\/www.facebook.com\/afsswitzerland\/\" \/>\n<meta property=\"article:published_time\" content=\"2019-05-24T09:55:16+00:00\" \/>\n<meta property=\"article:modified_time\" content=\"2019-05-24T09:57:19+00:00\" \/>\n<meta property=\"og:image\" content=\"https:\/\/d22dvihj4pfop3.cloudfront.net\/wp-content\/uploads\/sites\/71\/2019\/05\/24104115\/IMG_6233-650x488.jpg\" \/>\n<meta name=\"author\" content=\"laureanne\" \/>\n<meta name=\"twitter:card\" content=\"summary_large_image\" \/>\n<meta name=\"twitter:creator\" content=\"@afs_ch\" \/>\n<meta name=\"twitter:site\" content=\"@afs_ch\" \/>\n<meta name=\"twitter:label1\" content=\"Written by\" \/>\n\t<meta name=\"twitter:data1\" content=\"laureanne\" \/>\n\t<meta name=\"twitter:label2\" content=\"Est. reading time\" \/>\n\t<meta name=\"twitter:data2\" content=\"1 minute\" \/>\n<script type=\"application\/ld+json\" class=\"yoast-schema-graph\">{\"@context\":\"https:\/\/schema.org\",\"@graph\":[{\"@type\":\"WebPage\",\"@id\":\"https:\/\/www.afs.ch\/fr\/afs-blog-fr\/nos-etudiants-afs-du-monde-entier-ont-ete-a-europapark\/\",\"url\":\"https:\/\/www.afs.ch\/fr\/afs-blog-fr\/nos-etudiants-afs-du-monde-entier-ont-ete-a-europapark\/\",\"name\":\"Nos \u00e9tudiants AFS du monde entier ont \u00e9t\u00e9 \u00e0 Europapark! - Intercultural Programs\",\"isPartOf\":{\"@id\":\"https:\/\/www.afs.ch\/fr\/#website\"},\"primaryImageOfPage\":{\"@id\":\"https:\/\/www.afs.ch\/fr\/afs-blog-fr\/nos-etudiants-afs-du-monde-entier-ont-ete-a-europapark\/#primaryimage\"},\"image\":{\"@id\":\"https:\/\/www.afs.ch\/fr\/afs-blog-fr\/nos-etudiants-afs-du-monde-entier-ont-ete-a-europapark\/#primaryimage\"},\"thumbnailUrl\":\"https:\/\/d22dvihj4pfop3.cloudfront.net\/wp-content\/uploads\/sites\/71\/2019\/05\/24104115\/IMG_6233-650x488.jpg\",\"datePublished\":\"2019-05-24T09:55:16+00:00\",\"dateModified\":\"2019-05-24T09:57:19+00:00\",\"author\":{\"@id\":\"https:\/\/www.afs.ch\/fr\/#\/schema\/person\/3f28fb52ca3f5d4990af965ada5140b3\"},\"breadcrumb\":{\"@id\":\"https:\/\/www.afs.ch\/fr\/afs-blog-fr\/nos-etudiants-afs-du-monde-entier-ont-ete-a-europapark\/#breadcrumb\"},\"inLanguage\":\"fr-FR\",\"potentialAction\":[{\"@type\":\"ReadAction\",\"target\":[\"https:\/\/www.afs.ch\/fr\/afs-blog-fr\/nos-etudiants-afs-du-monde-entier-ont-ete-a-europapark\/\"]}]},{\"@type\":\"ImageObject\",\"inLanguage\":\"fr-FR\",\"@id\":\"https:\/\/www.afs.ch\/fr\/afs-blog-fr\/nos-etudiants-afs-du-monde-entier-ont-ete-a-europapark\/#primaryimage\",\"url\":\"https:\/\/d22dvihj4pfop3.cloudfront.net\/wp-content\/uploads\/sites\/71\/2019\/05\/24104115\/IMG_6233-650x488.jpg\",\"contentUrl\":\"https:\/\/d22dvihj4pfop3.cloudfront.net\/wp-content\/uploads\/sites\/71\/2019\/05\/24104115\/IMG_6233-650x488.jpg\"},{\"@type\":\"BreadcrumbList\",\"@id\":\"https:\/\/www.afs.ch\/fr\/afs-blog-fr\/nos-etudiants-afs-du-monde-entier-ont-ete-a-europapark\/#breadcrumb\",\"itemListElement\":[{\"@type\":\"ListItem\",\"position\":1,\"name\":\"Home\",\"item\":\"https:\/\/switzerland.afssite.afs.org\/fr\/\"},{\"@type\":\"ListItem\",\"position\":2,\"name\":\"Nos \u00e9tudiants AFS du monde entier ont \u00e9t\u00e9 \u00e0 Europapark!\"}]},{\"@type\":\"WebSite\",\"@id\":\"https:\/\/www.afs.ch\/fr\/#website\",\"url\":\"https:\/\/www.afs.ch\/fr\/\",\"name\":\"Interkulturelle Programme\",\"description\":\"Switzerland\",\"potentialAction\":[{\"@type\":\"SearchAction\",\"target\":{\"@type\":\"EntryPoint\",\"urlTemplate\":\"https:\/\/www.afs.ch\/fr\/?s={search_term_string}\"},\"query-input\":{\"@type\":\"PropertyValueSpecification\",\"valueRequired\":true,\"valueName\":\"search_term_string\"}}],\"inLanguage\":\"fr-FR\"},{\"@type\":\"Person\",\"@id\":\"https:\/\/www.afs.ch\/fr\/#\/schema\/person\/3f28fb52ca3f5d4990af965ada5140b3\",\"name\":\"laureanne\",\"image\":{\"@type\":\"ImageObject\",\"inLanguage\":\"fr-FR\",\"@id\":\"https:\/\/www.afs.ch\/fr\/#\/schema\/person\/image\/\",\"url\":\"https:\/\/secure.gravatar.com\/avatar\/5f8ea8b1c6bf17181d1f7bdc4cc51fa8bd5793abe232f5376c76d96a95c3f9d3?s=96&d=mm&r=g\",\"contentUrl\":\"https:\/\/secure.gravatar.com\/avatar\/5f8ea8b1c6bf17181d1f7bdc4cc51fa8bd5793abe232f5376c76d96a95c3f9d3?s=96&d=mm&r=g\",\"caption\":\"laureanne\"},\"url\":\"https:\/\/www.afs.ch\/fr\/author\/laureanne\/\"}]}<\/script>\n<!-- \/ Yoast SEO plugin. -->","yoast_head_json":{"title":"Nos \u00e9tudiants AFS du monde entier ont \u00e9t\u00e9 \u00e0 Europapark! - Intercultural Programs","robots":{"index":"index","follow":"follow","max-snippet":"max-snippet:-1","max-image-preview":"max-image-preview:large","max-video-preview":"max-video-preview:-1"},"canonical":"https:\/\/www.afs.ch\/fr\/afs-blog-fr\/nos-etudiants-afs-du-monde-entier-ont-ete-a-europapark\/","og_locale":"fr_FR","og_type":"article","og_title":"Nos \u00e9tudiants AFS du monde entier ont \u00e9t\u00e9 \u00e0 Europapark! - Intercultural Programs","og_description":"Pour la premi\u00e8re fois dans l&rsquo;histoire d&rsquo;AFS Suisse, un groupe d&rsquo;\u00e9tudiants AFS (venant de plus de 22 pays diff\u00e9rents) s&rsquo;est&hellip;","og_url":"https:\/\/www.afs.ch\/fr\/afs-blog-fr\/nos-etudiants-afs-du-monde-entier-ont-ete-a-europapark\/","og_site_name":"Intercultural Programs","article_publisher":"https:\/\/www.facebook.com\/afsswitzerland\/","article_published_time":"2019-05-24T09:55:16+00:00","article_modified_time":"2019-05-24T09:57:19+00:00","og_image":[{"url":"https:\/\/d22dvihj4pfop3.cloudfront.net\/wp-content\/uploads\/sites\/71\/2019\/05\/24104115\/IMG_6233-650x488.jpg","type":"","width":"","height":""}],"author":"laureanne","twitter_card":"summary_large_image","twitter_creator":"@afs_ch","twitter_site":"@afs_ch","twitter_misc":{"Written by":"laureanne","Est. reading time":"1 minute"},"schema":{"@context":"https:\/\/schema.org","@graph":[{"@type":"WebPage","@id":"https:\/\/www.afs.ch\/fr\/afs-blog-fr\/nos-etudiants-afs-du-monde-entier-ont-ete-a-europapark\/","url":"https:\/\/www.afs.ch\/fr\/afs-blog-fr\/nos-etudiants-afs-du-monde-entier-ont-ete-a-europapark\/","name":"Nos \u00e9tudiants AFS du monde entier ont \u00e9t\u00e9 \u00e0 Europapark! - Intercultural Programs","isPartOf":{"@id":"https:\/\/www.afs.ch\/fr\/#website"},"primaryImageOfPage":{"@id":"https:\/\/www.afs.ch\/fr\/afs-blog-fr\/nos-etudiants-afs-du-monde-entier-ont-ete-a-europapark\/#primaryimage"},"image":{"@id":"https:\/\/www.afs.ch\/fr\/afs-blog-fr\/nos-etudiants-afs-du-monde-entier-ont-ete-a-europapark\/#primaryimage"},"thumbnailUrl":"https:\/\/d22dvihj4pfop3.cloudfront.net\/wp-content\/uploads\/sites\/71\/2019\/05\/24104115\/IMG_6233-650x488.jpg","datePublished":"2019-05-24T09:55:16+00:00","dateModified":"2019-05-24T09:57:19+00:00","author":{"@id":"https:\/\/www.afs.ch\/fr\/#\/schema\/person\/3f28fb52ca3f5d4990af965ada5140b3"},"breadcrumb":{"@id":"https:\/\/www.afs.ch\/fr\/afs-blog-fr\/nos-etudiants-afs-du-monde-entier-ont-ete-a-europapark\/#breadcrumb"},"inLanguage":"fr-FR","potentialAction":[{"@type":"ReadAction","target":["https:\/\/www.afs.ch\/fr\/afs-blog-fr\/nos-etudiants-afs-du-monde-entier-ont-ete-a-europapark\/"]}]},{"@type":"ImageObject","inLanguage":"fr-FR","@id":"https:\/\/www.afs.ch\/fr\/afs-blog-fr\/nos-etudiants-afs-du-monde-entier-ont-ete-a-europapark\/#primaryimage","url":"https:\/\/d22dvihj4pfop3.cloudfront.net\/wp-content\/uploads\/sites\/71\/2019\/05\/24104115\/IMG_6233-650x488.jpg","contentUrl":"https:\/\/d22dvihj4pfop3.cloudfront.net\/wp-content\/uploads\/sites\/71\/2019\/05\/24104115\/IMG_6233-650x488.jpg"},{"@type":"BreadcrumbList","@id":"https:\/\/www.afs.ch\/fr\/afs-blog-fr\/nos-etudiants-afs-du-monde-entier-ont-ete-a-europapark\/#breadcrumb","itemListElement":[{"@type":"ListItem","position":1,"name":"Home","item":"https:\/\/switzerland.afssite.afs.org\/fr\/"},{"@type":"ListItem","position":2,"name":"Nos \u00e9tudiants AFS du monde entier ont \u00e9t\u00e9 \u00e0 Europapark!"}]},{"@type":"WebSite","@id":"https:\/\/www.afs.ch\/fr\/#website","url":"https:\/\/www.afs.ch\/fr\/","name":"Interkulturelle Programme","description":"Switzerland","potentialAction":[{"@type":"SearchAction","target":{"@type":"EntryPoint","urlTemplate":"https:\/\/www.afs.ch\/fr\/?s={search_term_string}"},"query-input":{"@type":"PropertyValueSpecification","valueRequired":true,"valueName":"search_term_string"}}],"inLanguage":"fr-FR"},{"@type":"Person","@id":"https:\/\/www.afs.ch\/fr\/#\/schema\/person\/3f28fb52ca3f5d4990af965ada5140b3","name":"laureanne","image":{"@type":"ImageObject","inLanguage":"fr-FR","@id":"https:\/\/www.afs.ch\/fr\/#\/schema\/person\/image\/","url":"https:\/\/secure.gravatar.com\/avatar\/5f8ea8b1c6bf17181d1f7bdc4cc51fa8bd5793abe232f5376c76d96a95c3f9d3?s=96&d=mm&r=g","contentUrl":"https:\/\/secure.gravatar.com\/avatar\/5f8ea8b1c6bf17181d1f7bdc4cc51fa8bd5793abe232f5376c76d96a95c3f9d3?s=96&d=mm&r=g","caption":"laureanne"},"url":"https:\/\/www.afs.ch\/fr\/author\/laureanne\/"}]}},"_links":{"self":[{"href":"https:\/\/www.afs.ch\/fr\/wp-json\/wp\/v2\/posts\/31136","targetHints":{"allow":["GET"]}}],"collection":[{"href":"https:\/\/www.afs.ch\/fr\/wp-json\/wp\/v2\/posts"}],"about":[{"href":"https:\/\/www.afs.ch\/fr\/wp-json\/wp\/v2\/types\/post"}],"author":[{"embeddable":true,"href":"https:\/\/www.afs.ch\/fr\/wp-json\/wp\/v2\/users\/673"}],"replies":[{"embeddable":true,"href":"https:\/\/www.afs.ch\/fr\/wp-json\/wp\/v2\/comments?post=31136"}],"version-history":[{"count":1,"href":"https:\/\/www.afs.ch\/fr\/wp-json\/wp\/v2\/posts\/31136\/revisions"}],"predecessor-version":[{"id":31137,"href":"https:\/\/www.afs.ch\/fr\/wp-json\/wp\/v2\/posts\/31136\/revisions\/31137"}],"wp:attachment":[{"href":"https:\/\/www.afs.ch\/fr\/wp-json\/wp\/v2\/media?parent=31136"}],"wp:term":[{"taxonomy":"category","embeddable":true,"href":"https:\/\/www.afs.ch\/fr\/wp-json\/wp\/v2\/categories?post=31136"},{"taxonomy":"post_tag","embeddable":true,"href":"https:\/\/www.afs.ch\/fr\/wp-json\/wp\/v2\/tags?post=31136"}],"curies":[{"name":"wp","href":"https:\/\/api.w.org\/{rel}","templated":true}]}}