{"id":43565,"date":"2020-05-27T14:02:03","date_gmt":"2020-05-27T13:02:03","guid":{"rendered":"https:\/\/www.afs.ch\/?p=43565"},"modified":"2020-05-27T14:17:07","modified_gmt":"2020-05-27T13:17:07","slug":"ma-dixieme-annee-en-programme-dechange-avec-afs","status":"publish","type":"post","link":"https:\/\/www.afs.ch\/fr\/afs-blog-fr\/ma-dixieme-annee-en-programme-dechange-avec-afs\/","title":{"rendered":"Ma dixi\u00e8me ann\u00e9e en programme d&rsquo;\u00e9change avec AFS"},"content":{"rendered":"<p><strong>Apr\u00e8s avoir termin\u00e9 l&rsquo;\u00e9cole obligatoire, L\u00e9on, 16 ans, de B\u00e2le, a d\u00e9cid\u00e9 de profiter de l&rsquo;offre d&rsquo;AFS et de passer une ann\u00e9e d&rsquo;\u00e9change aux \u00c9tats-Unis dans le cadre d&rsquo;une 10\u00e8me ann\u00e9e scolaire. Ici, il vous raconte ses exp\u00e9riences et vous explique comment trouver un apprentissage depuis l&rsquo;\u00e9tranger.<\/strong><\/p>\n<div>\n<div>\n<p>Apr\u00e8s ma scolarit\u00e9 obligatoire, j&rsquo;avais pr\u00e9vu de commencer un apprentissage. J&rsquo;\u00e9tais m\u00eame sur le point de signer le contrat et tout s&rsquo;est effondr\u00e9 d&rsquo;un coup. J&rsquo;\u00e9tais d\u00e9vast\u00e9. Heureusement, j&rsquo;avais un plan B et je voulais vivre \u00e0 l&rsquo;\u00e9tranger pendant un an avant de commencer \u00e0 travailler en Suisse. Je me suis donc inscrit \u00e0 une ann\u00e9e en programme d&rsquo;\u00e9change avec AFS aux \u00c9tats-Unis.<\/p>\n<div><\/div>\n<div>\n<p>En peu de temps, j&rsquo;ai r\u00e9uni tous les documents n\u00e9cessaires et mon inscription \u00e9tait compl\u00e8te. Deux semaines avant le d\u00e9part, j&rsquo;ai appris que j&rsquo;allais s\u00e9journer dans la folle ville de Las Vegas, dans le Nevada.\u00a0 \u00c0 mon arriv\u00e9e, j&rsquo;ai \u00e9t\u00e9 accueilli chaleureusement par ma nouvelle famille d&rsquo;accueil. Comme j&rsquo;ai \u00e9t\u00e9 plac\u00e9 en \u00ab\u00a0double placement\u00a0\u00bb, j&rsquo;ai imm\u00e9diatement fait la connaissance de l&rsquo;autre \u00e9tudiant d&rsquo;accueil de la famille. Masa venait du Japon et \u00e9tait tr\u00e8s sportif et gentil. Pendant l&rsquo;ann\u00e9e d&rsquo;\u00e9change, j&rsquo;ai presque eu l&rsquo;impression que Masa \u00e9tait mon vrai fr\u00e8re, c&rsquo;est dire \u00e0 quel point nous nous entendions bien. C&rsquo;\u00e9tait une super exp\u00e9rience!<\/p>\n<div>\n<p>Rapidement, je me suis fait de nouveaux amis \u00e0 l&rsquo;\u00e9cole, que j&rsquo;ai pour la plupart appris \u00e0 conna\u00eetre gr\u00e2ce aux \u00e9quipes sportives de mon \u00e9cole. Nous jouions ensemble au basket, au football ou au base-ball et le week-end, nous sortions souvent. C&rsquo;\u00e9tait important pour moi de me faire de nouveaux amis assez vite car ils vous soutiennent quand les choses ne vont pas si bien.<\/p>\n<div><\/div>\n<p><strong><i>Un d\u00e9part pr\u00e9matur\u00e9<\/i><\/strong><\/p>\n<p>Lorsque la situation d\u00fbe au Coronavirus s&rsquo;est av\u00e9r\u00e9e critique \u00e0 la mi-mars et qu&rsquo;AFS a d\u00fb prendre la d\u00e9cision d&rsquo;interrompre le programme au niveau mondial, je n&rsquo;arrivais pas \u00e0 croire que je devais partir. Il \u00e9tait tr\u00e8s difficile de laisser derri\u00e8re moi tout ce que j&rsquo;avais acquis au cours des derniers mois. Dire au revoir \u00e0 tous mes amis a \u00e9t\u00e9 de loin le plus difficile. Mais \u00e0 un moment donn\u00e9, j&rsquo;ai aussi r\u00e9alis\u00e9 qu&rsquo;il serait peut-\u00eatre mieux dans cette situation d&rsquo;\u00eatre chez moi avec ma famille.<i><br \/>\n<\/i><\/p>\n<\/div>\n<\/div>\n<\/div>\n<\/div>\n<div><\/div>\n<div><\/div>\n<div>\n<div>\n<div>\n<div>\n<div><\/div>\n<p><i>Trouver un apprentissage \u00e0 distance<\/i><\/p>\n<p>Comme mon \u00e9change aux \u00c9tats-Unis \u00e9tait limit\u00e9 \u00e0 un an, je savais d\u00e8s le d\u00e9but que je devrais chercher un apprentissage pendant cette p\u00e9riode. J&rsquo;ai r\u00e9dig\u00e9 plusieurs candidatures pendant l&rsquo;ann\u00e9e d&rsquo;\u00e9change. Par rapport \u00e0 quelques ann\u00e9es,la situation est certainement devenue plus facile, car beaucoup de choses se passent maintenant en ligne.\u00a0C&rsquo;est pourquoi j&rsquo;ai pu envoyer sans probl\u00e8me mes candidatures depuis les \u00c9tats-Unis \u00e0 des entreprises en Suisse. Si vous mentionnez dans votre candidature d\u00e8s le d\u00e9but que vous \u00eates \u00e0 l&rsquo;\u00e9tranger, de nombreux employeurs sont dispos\u00e9s \u00e0 mener un entretien d&#8217;embauche par appel vid\u00e9o.\u00a0 Je pense que c&rsquo;est un avantage de\u00a0savoir quelle direction que vous voulez prendre dans votre carri\u00e8re, car il est difficile de go\u00fbter au monde du travail lorsqu&rsquo;on est en ann\u00e9e d&rsquo;\u00e9change. Je suis convaincu que les entreprises internationales appr\u00e9cient une ann\u00e9e d&rsquo;\u00e9change et la per\u00e7oive comme une exp\u00e9rience pr\u00e9cieuse pour un jeune. Cela peut vous donner un avantage sur d&rsquo;autres adolescents qui, eux, viennent directement de l&rsquo;\u00e9cole. Une chose qui est s\u00fbre, c&rsquo;est qu&rsquo;une telle ann\u00e9e d&rsquo;\u00e9change forme votre caract\u00e8re; par exemple, mon \u00e9change m&rsquo;a rendu beaucoup plus confiant et ind\u00e9pendant. Deux caract\u00e9ristiques importantes et certainement utiles dans le monde professionnel.\u00a0<i><br \/>\n<\/i><\/p>\n<div><\/div>\n<\/div>\n<\/div>\n<\/div>\n<\/div>\n","protected":false},"excerpt":{"rendered":"<p>Apr\u00e8s avoir termin\u00e9 l&rsquo;\u00e9cole obligatoire, L\u00e9on, 16 ans, de B\u00e2le, a d\u00e9cid\u00e9 de profiter de l&rsquo;offre d&rsquo;AFS et de passer&hellip;<\/p>\n","protected":false},"author":899,"featured_media":0,"comment_status":"open","ping_status":"open","sticky":false,"template":"","format":"standard","meta":{"footnotes":""},"categories":[743],"tags":[],"class_list":["post-43565","post","type-post","status-publish","format-standard","hentry","category-afs-blog-fr"],"yoast_head":"<!-- This site is optimized with the Yoast SEO plugin v26.6 - https:\/\/yoast.com\/wordpress\/plugins\/seo\/ -->\n<title>5 AFS Tipps zum Verlassen deiner Komfortzone<\/title>\n<meta name=\"description\" content=\"Fest eingefrorene Abl\u00e4ufe. Dinge, die du im Schlaf beherrschst und keinerlei \u00dcberraschungen mit sich bringen. Es sind die Grenzen der Gewohnheit, die...\" \/>\n<meta name=\"robots\" content=\"index, follow, max-snippet:-1, max-image-preview:large, max-video-preview:-1\" \/>\n<link rel=\"canonical\" href=\"https:\/\/www.afs.ch\/fr\/afs-blog-fr\/ma-dixieme-annee-en-programme-dechange-avec-afs\/\" \/>\n<meta property=\"og:locale\" content=\"fr_FR\" \/>\n<meta property=\"og:type\" content=\"article\" \/>\n<meta property=\"og:title\" content=\"5 AFS Tipps zum Verlassen deiner Komfortzone\" \/>\n<meta property=\"og:description\" content=\"Fest eingefrorene Abl\u00e4ufe. Dinge, die du im Schlaf beherrschst und keinerlei \u00dcberraschungen mit sich bringen. Es sind die Grenzen der Gewohnheit, die...\" \/>\n<meta property=\"og:url\" content=\"https:\/\/www.afs.ch\/fr\/afs-blog-fr\/ma-dixieme-annee-en-programme-dechange-avec-afs\/\" \/>\n<meta property=\"og:site_name\" content=\"Intercultural Programs\" \/>\n<meta property=\"article:publisher\" content=\"https:\/\/www.facebook.com\/afsswitzerland\/\" \/>\n<meta property=\"article:published_time\" content=\"2020-05-27T13:02:03+00:00\" \/>\n<meta property=\"article:modified_time\" content=\"2020-05-27T13:17:07+00:00\" \/>\n<meta name=\"author\" content=\"barbarameyer\" \/>\n<meta name=\"twitter:card\" content=\"summary_large_image\" \/>\n<meta name=\"twitter:creator\" content=\"@afs_ch\" \/>\n<meta name=\"twitter:site\" content=\"@afs_ch\" \/>\n<meta name=\"twitter:label1\" content=\"Written by\" \/>\n\t<meta name=\"twitter:data1\" content=\"barbarameyer\" \/>\n\t<meta name=\"twitter:label2\" content=\"Est. reading time\" \/>\n\t<meta name=\"twitter:data2\" content=\"3 minutes\" \/>\n<script type=\"application\/ld+json\" class=\"yoast-schema-graph\">{\"@context\":\"https:\/\/schema.org\",\"@graph\":[{\"@type\":\"WebPage\",\"@id\":\"https:\/\/www.afs.ch\/fr\/afs-blog-fr\/ma-dixieme-annee-en-programme-dechange-avec-afs\/\",\"url\":\"https:\/\/www.afs.ch\/fr\/afs-blog-fr\/ma-dixieme-annee-en-programme-dechange-avec-afs\/\",\"name\":\"5 AFS Tipps zum Verlassen deiner Komfortzone\",\"isPartOf\":{\"@id\":\"https:\/\/www.afs.ch\/fr\/#website\"},\"datePublished\":\"2020-05-27T13:02:03+00:00\",\"dateModified\":\"2020-05-27T13:17:07+00:00\",\"author\":{\"@id\":\"https:\/\/www.afs.ch\/fr\/#\/schema\/person\/99366a64bc91a866f238de6cf923192f\"},\"description\":\"Fest eingefrorene Abl\u00e4ufe. Dinge, die du im Schlaf beherrschst und keinerlei \u00dcberraschungen mit sich bringen. Es sind die Grenzen der Gewohnheit, die...\",\"breadcrumb\":{\"@id\":\"https:\/\/www.afs.ch\/fr\/afs-blog-fr\/ma-dixieme-annee-en-programme-dechange-avec-afs\/#breadcrumb\"},\"inLanguage\":\"fr-FR\",\"potentialAction\":[{\"@type\":\"ReadAction\",\"target\":[\"https:\/\/www.afs.ch\/fr\/afs-blog-fr\/ma-dixieme-annee-en-programme-dechange-avec-afs\/\"]}]},{\"@type\":\"BreadcrumbList\",\"@id\":\"https:\/\/www.afs.ch\/fr\/afs-blog-fr\/ma-dixieme-annee-en-programme-dechange-avec-afs\/#breadcrumb\",\"itemListElement\":[{\"@type\":\"ListItem\",\"position\":1,\"name\":\"Home\",\"item\":\"https:\/\/switzerland.afssite.afs.org\/fr\/\"},{\"@type\":\"ListItem\",\"position\":2,\"name\":\"Ma dixi\u00e8me ann\u00e9e en programme d&rsquo;\u00e9change avec AFS\"}]},{\"@type\":\"WebSite\",\"@id\":\"https:\/\/www.afs.ch\/fr\/#website\",\"url\":\"https:\/\/www.afs.ch\/fr\/\",\"name\":\"Interkulturelle Programme\",\"description\":\"Switzerland\",\"potentialAction\":[{\"@type\":\"SearchAction\",\"target\":{\"@type\":\"EntryPoint\",\"urlTemplate\":\"https:\/\/www.afs.ch\/fr\/?s={search_term_string}\"},\"query-input\":{\"@type\":\"PropertyValueSpecification\",\"valueRequired\":true,\"valueName\":\"search_term_string\"}}],\"inLanguage\":\"fr-FR\"},{\"@type\":\"Person\",\"@id\":\"https:\/\/www.afs.ch\/fr\/#\/schema\/person\/99366a64bc91a866f238de6cf923192f\",\"name\":\"barbarameyer\",\"image\":{\"@type\":\"ImageObject\",\"inLanguage\":\"fr-FR\",\"@id\":\"https:\/\/www.afs.ch\/fr\/#\/schema\/person\/image\/\",\"url\":\"https:\/\/secure.gravatar.com\/avatar\/593264691b8436a854424a64d3aa109f225fdeb97e668e6ca48bf925745854f6?s=96&d=mm&r=g\",\"contentUrl\":\"https:\/\/secure.gravatar.com\/avatar\/593264691b8436a854424a64d3aa109f225fdeb97e668e6ca48bf925745854f6?s=96&d=mm&r=g\",\"caption\":\"barbarameyer\"},\"url\":\"https:\/\/www.afs.ch\/fr\/author\/barbarameyer\/\"}]}<\/script>\n<!-- \/ Yoast SEO plugin. -->","yoast_head_json":{"title":"5 AFS Tipps zum Verlassen deiner Komfortzone","description":"Fest eingefrorene Abl\u00e4ufe. Dinge, die du im Schlaf beherrschst und keinerlei \u00dcberraschungen mit sich bringen. Es sind die Grenzen der Gewohnheit, die...","robots":{"index":"index","follow":"follow","max-snippet":"max-snippet:-1","max-image-preview":"max-image-preview:large","max-video-preview":"max-video-preview:-1"},"canonical":"https:\/\/www.afs.ch\/fr\/afs-blog-fr\/ma-dixieme-annee-en-programme-dechange-avec-afs\/","og_locale":"fr_FR","og_type":"article","og_title":"5 AFS Tipps zum Verlassen deiner Komfortzone","og_description":"Fest eingefrorene Abl\u00e4ufe. Dinge, die du im Schlaf beherrschst und keinerlei \u00dcberraschungen mit sich bringen. Es sind die Grenzen der Gewohnheit, die...","og_url":"https:\/\/www.afs.ch\/fr\/afs-blog-fr\/ma-dixieme-annee-en-programme-dechange-avec-afs\/","og_site_name":"Intercultural Programs","article_publisher":"https:\/\/www.facebook.com\/afsswitzerland\/","article_published_time":"2020-05-27T13:02:03+00:00","article_modified_time":"2020-05-27T13:17:07+00:00","author":"barbarameyer","twitter_card":"summary_large_image","twitter_creator":"@afs_ch","twitter_site":"@afs_ch","twitter_misc":{"Written by":"barbarameyer","Est. reading time":"3 minutes"},"schema":{"@context":"https:\/\/schema.org","@graph":[{"@type":"WebPage","@id":"https:\/\/www.afs.ch\/fr\/afs-blog-fr\/ma-dixieme-annee-en-programme-dechange-avec-afs\/","url":"https:\/\/www.afs.ch\/fr\/afs-blog-fr\/ma-dixieme-annee-en-programme-dechange-avec-afs\/","name":"5 AFS Tipps zum Verlassen deiner Komfortzone","isPartOf":{"@id":"https:\/\/www.afs.ch\/fr\/#website"},"datePublished":"2020-05-27T13:02:03+00:00","dateModified":"2020-05-27T13:17:07+00:00","author":{"@id":"https:\/\/www.afs.ch\/fr\/#\/schema\/person\/99366a64bc91a866f238de6cf923192f"},"description":"Fest eingefrorene Abl\u00e4ufe. Dinge, die du im Schlaf beherrschst und keinerlei \u00dcberraschungen mit sich bringen. Es sind die Grenzen der Gewohnheit, die...","breadcrumb":{"@id":"https:\/\/www.afs.ch\/fr\/afs-blog-fr\/ma-dixieme-annee-en-programme-dechange-avec-afs\/#breadcrumb"},"inLanguage":"fr-FR","potentialAction":[{"@type":"ReadAction","target":["https:\/\/www.afs.ch\/fr\/afs-blog-fr\/ma-dixieme-annee-en-programme-dechange-avec-afs\/"]}]},{"@type":"BreadcrumbList","@id":"https:\/\/www.afs.ch\/fr\/afs-blog-fr\/ma-dixieme-annee-en-programme-dechange-avec-afs\/#breadcrumb","itemListElement":[{"@type":"ListItem","position":1,"name":"Home","item":"https:\/\/switzerland.afssite.afs.org\/fr\/"},{"@type":"ListItem","position":2,"name":"Ma dixi\u00e8me ann\u00e9e en programme d&rsquo;\u00e9change avec AFS"}]},{"@type":"WebSite","@id":"https:\/\/www.afs.ch\/fr\/#website","url":"https:\/\/www.afs.ch\/fr\/","name":"Interkulturelle Programme","description":"Switzerland","potentialAction":[{"@type":"SearchAction","target":{"@type":"EntryPoint","urlTemplate":"https:\/\/www.afs.ch\/fr\/?s={search_term_string}"},"query-input":{"@type":"PropertyValueSpecification","valueRequired":true,"valueName":"search_term_string"}}],"inLanguage":"fr-FR"},{"@type":"Person","@id":"https:\/\/www.afs.ch\/fr\/#\/schema\/person\/99366a64bc91a866f238de6cf923192f","name":"barbarameyer","image":{"@type":"ImageObject","inLanguage":"fr-FR","@id":"https:\/\/www.afs.ch\/fr\/#\/schema\/person\/image\/","url":"https:\/\/secure.gravatar.com\/avatar\/593264691b8436a854424a64d3aa109f225fdeb97e668e6ca48bf925745854f6?s=96&d=mm&r=g","contentUrl":"https:\/\/secure.gravatar.com\/avatar\/593264691b8436a854424a64d3aa109f225fdeb97e668e6ca48bf925745854f6?s=96&d=mm&r=g","caption":"barbarameyer"},"url":"https:\/\/www.afs.ch\/fr\/author\/barbarameyer\/"}]}},"_links":{"self":[{"href":"https:\/\/www.afs.ch\/fr\/wp-json\/wp\/v2\/posts\/43565","targetHints":{"allow":["GET"]}}],"collection":[{"href":"https:\/\/www.afs.ch\/fr\/wp-json\/wp\/v2\/posts"}],"about":[{"href":"https:\/\/www.afs.ch\/fr\/wp-json\/wp\/v2\/types\/post"}],"author":[{"embeddable":true,"href":"https:\/\/www.afs.ch\/fr\/wp-json\/wp\/v2\/users\/899"}],"replies":[{"embeddable":true,"href":"https:\/\/www.afs.ch\/fr\/wp-json\/wp\/v2\/comments?post=43565"}],"version-history":[{"count":15,"href":"https:\/\/www.afs.ch\/fr\/wp-json\/wp\/v2\/posts\/43565\/revisions"}],"predecessor-version":[{"id":43582,"href":"https:\/\/www.afs.ch\/fr\/wp-json\/wp\/v2\/posts\/43565\/revisions\/43582"}],"wp:attachment":[{"href":"https:\/\/www.afs.ch\/fr\/wp-json\/wp\/v2\/media?parent=43565"}],"wp:term":[{"taxonomy":"category","embeddable":true,"href":"https:\/\/www.afs.ch\/fr\/wp-json\/wp\/v2\/categories?post=43565"},{"taxonomy":"post_tag","embeddable":true,"href":"https:\/\/www.afs.ch\/fr\/wp-json\/wp\/v2\/tags?post=43565"}],"curies":[{"name":"wp","href":"https:\/\/api.w.org\/{rel}","templated":true}]}}