{"id":45201,"date":"2020-09-30T13:00:45","date_gmt":"2020-09-30T12:00:45","guid":{"rendered":"https:\/\/www.afs.ch\/?p=45201"},"modified":"2020-09-30T13:02:08","modified_gmt":"2020-09-30T12:02:08","slug":"5-raisons-de-partir-en-programme-dechange-en-europe","status":"publish","type":"post","link":"https:\/\/www.afs.ch\/fr\/afs-blog-fr\/5-raisons-de-partir-en-programme-dechange-en-europe\/","title":{"rendered":"5 raisons de partir en programme d\u2019\u00e9change en Europe"},"content":{"rendered":"<p><span style=\"font-weight: 400;\">Les pays les plus populaires pour un programme d&rsquo;\u00e9change riment souvent avec destinations \u00e9loign\u00e9es et places limit\u00e9es, comme par exemple le Costa Rica, le Japon ou les \u00c9tats-Unis. Ce que beaucoup semblent oublier, c\u2019est que dans notre r\u00e9gion du monde, en Europe, il y a \u00e9norm\u00e9ment de choses \u00e0 d\u00e9couvrir et \u00e0 apprendre. Nous avons list\u00e9 pour toi les 5 raisons d\u2019envisager s\u00e9rieusement l\u2019Europe comme destination de ton futur programme d\u2019\u00e9change!\u00a0<\/span><\/p>\n<ol>\n<li><b> Diversit\u00e9 culturelle<\/b><\/li>\n<\/ol>\n<p><span style=\"font-weight: 400;\">Les pays europ\u00e9ens sont riches de leur longue histoire et se caract\u00e9risent par une \u00e9norme vari\u00e9t\u00e9 de cultures. Aucun autre continent ne peut s\u2019enorgueillir d\u2019une telle diversit\u00e9 de styles de vie, de traditions ou m\u00eame de paysages. En Ecosse tu verras des ch\u00e2teaux, des landes et des joueurs de cornemuses, en Italie, place \u00e0 la Dolce Vita avec au programme pasta de la Nonna et sieste sur les plus belles plages du pays.<\/span><\/p>\n<p><span style=\"font-weight: 400;\">Et m\u00eame, si tu as d\u00e9j\u00e0 visit\u00e9 quelques-uns de ces pays d\u2019Europe, y vivre en immersion te r\u00e9servera bien des surprises. Connais-tu par exemple, le Fika su\u00e9dois, les parcs nationaux slov\u00e8nes, ou as-tu d\u00e9j\u00e0 d\u00e9gust\u00e9 les fabuleuses Pasteis de Nata portugaises ? En Europe, il y en a pour tous les go\u00fbts!<figure class=\"wp-image-wrap\"><img loading=\"lazy\" decoding=\"async\" class=\"alignnone size-medium wp-image-45204\" src=\"https:\/\/d22dvihj4pfop3.cloudfront.net\/wp-content\/uploads\/sites\/71\/2020\/09\/30125800\/Belgien1.jpg\" alt=\"\" width=\"497\" height=\"650\" \/><\/figure> <figure class=\"wp-image-wrap\"><img loading=\"lazy\" decoding=\"async\" class=\"alignnone size-medium wp-image-45205\" src=\"https:\/\/d22dvihj4pfop3.cloudfront.net\/wp-content\/uploads\/sites\/71\/2020\/09\/30125805\/IMG_54021.jpg\" alt=\"\" width=\"650\" height=\"488\" \/><\/figure><\/span><\/p>\n<p>&nbsp;<\/p>\n<p>&nbsp;<\/p>\n<p><b>2. Vari\u00e9t\u00e9 linguistique<\/b><\/p>\n<p><span style=\"font-weight: 400;\">Tu n\u2019as pas toujours \u00e9t\u00e9 attentif en cours d\u2019allemand, ou tu n\u2019as pas choisi l\u2019italien comme mati\u00e8re optionnelle? En choisissant l\u2019Europe tu as la possibilit\u00e9 de d\u00e9velopper tes comp\u00e9tences linguistiques et d\u2019utiliser au quotidien ce que tu as appris \u00e0 l\u2019\u00e9cole (ou du moins le peu que tu auras retenu ;-p).<\/span> <span style=\"font-weight: 400;\">\u00c0 la fin de ton s\u00e9jour, tu parleras couramment une de nos langues nationales, un avantage pour ton CV. Tu pr\u00e9f\u00e8res apprendre une langue internationale? Aucun souci! Apprends l\u2019anglais ou l\u2019espagnol l\u00e0 o\u00f9 ces langues sont n\u00e9es et ouvre ton horizon sur plus d\u2019un milliard de personnes. Enfin, l&rsquo;Europe offre \u00e9galement d&rsquo;innombrables langues moins fr\u00e9quemment parl\u00e9es, un aper\u00e7u unique de cultures que tu ne pourras jamais explorer \u00e0 ce point en \u00e9tant un simple touriste. Pourquoi ne pas apprendre le flamand, le letton, le tch\u00e8que ou le danois?<\/span><\/p>\n<p><b>3. Proximit\u00e9 avec ton pays d\u2019accueil<\/b><\/p>\n<p><span style=\"font-weight: 400;\">Avoir \u00e0 se dire au revoir apr\u00e8s un programme d\u2019\u00e9change n\u2019est pas chose facile. Mais, au sein de l\u2019Europe, \u00abau revoir\u00bb peut s\u2019entendre de fa\u00e7on beaucoup plus l\u00e9g\u00e8re! Ta famille d\u2019accueil et tes amis ne r\u00e9sident qu\u2019\u00e0 quelques heures de vol de la Suisse. Si l\u2019envie vous prend, vous aurez plus facilement l\u2019occasion de vous revoir que si un oc\u00e9an vous s\u00e9parait. Un long week-end et c\u2019est parti! Rien de plus simple que l\u2019Europe pour rester en lien \u00e9troit avec ton pays d\u2019accueil.<\/span><\/p>\n<p><b>4. Eco Friendly<\/b><\/p>\n<p><span style=\"font-weight: 400;\">Pratiquement toutes les destinations europ\u00e9ennes sont desservies par le train. Une excellente nouvelle pour l\u2019environnement, car les voyages en train limitent les \u00e9missions de CO2. De plus, ce genre de voyage est bien plus amusant! Avec le train, aucune file d\u2019attente interminable comme \u00e0 l\u2019a\u00e9roport, et de la place pour tes jambes \ud83d\ude09 mais aussi de magnifiques paysages qui se d\u00e9roulent devant tes yeux tout au long du parcours! Selon les destinations, il y a m\u00eame des trains de nuit avec couchettes: une aventure \u00e0 eux seuls!<\/span><\/p>\n<p><figure class=\"wp-image-wrap\"><img loading=\"lazy\" decoding=\"async\" class=\"alignnone size-medium wp-image-45203\" src=\"https:\/\/d22dvihj4pfop3.cloudfront.net\/wp-content\/uploads\/sites\/71\/2020\/09\/30125756\/2019_0816_162652001.jpg\" alt=\"\" width=\"650\" height=\"433\" \/><\/figure> <figure class=\"wp-image-wrap\"><img loading=\"lazy\" decoding=\"async\" class=\"alignnone size-medium wp-image-45202\" src=\"https:\/\/d22dvihj4pfop3.cloudfront.net\/wp-content\/uploads\/sites\/71\/2020\/09\/30125745\/2019_0816_09541800_polarr1.jpg\" alt=\"\" width=\"650\" height=\"433\" \/><\/figure><\/p>\n<p>&nbsp;<\/p>\n<p><b>5. S\u00e9curit\u00e9<\/b><\/p>\n<p><span style=\"font-weight: 400;\">En ces temps incertains, si tu choisis l&rsquo;Europe plut\u00f4t qu&rsquo;une destination lointaine, tu pourras plus facilement \u00e9valuer tes chances de partir ou les risques de devoir annuler\/diff\u00e9rer ton s\u00e9jour.<\/span><\/p>\n<p><span style=\"font-weight: 400;\">De plus en Europe, le risque que des restrictions de voyage ou des annulations brisent tes r\u00eaves de programmes interculturels est actuellement relativement faible. En cas d&rsquo;urgence, il t\u2019est plus simple de rentrer chez toi et de retrouver les tiens.\u00a0<\/span><\/p>\n<p><span style=\"font-weight: 400;\">Nous n\u2019en avons list\u00e9 que 5 mais il y a encore bien d\u2019autres raisons qui peuvent motiver le choix de partir pour un programme d\u2019\u00e9change sur le m\u00eame continent que celui dans lequel on r\u00e9side. Reste la question la plus difficile \u00e0 trancher: \u201cDes 20 destinations europ\u00e9ennes, quelles sont celles qui m\u2019attirent le plus?\u201d Si cela peut te rassurer, peu importe le pays choisi, il ne fait aucun doute que ton exp\u00e9rience sera unique et inoubliable!<\/span><\/p>\n<p><span style=\"font-weight: 400;\">__________<\/span><\/p>\n<p><span style=\"font-weight: 400;\">Tu as besoin d\u2019aide pour faire ton choix, ou tu as des questions? Laisse-toi inspirer par ce qui figure sur notre site web et sur les pages de nos r\u00e9seaux sociaux et appelle nous, nous nous ferons un plaisir de te conseiller.<\/span><\/p>\n","protected":false},"excerpt":{"rendered":"<p>Les pays les plus populaires pour un programme d&rsquo;\u00e9change riment souvent avec destinations \u00e9loign\u00e9es et places limit\u00e9es, comme par exemple&hellip;<\/p>\n","protected":false},"author":967,"featured_media":45204,"comment_status":"open","ping_status":"open","sticky":false,"template":"","format":"standard","meta":{"footnotes":""},"categories":[743],"tags":[],"class_list":["post-45201","post","type-post","status-publish","format-standard","has-post-thumbnail","hentry","category-afs-blog-fr"],"yoast_head":"<!-- This site is optimized with the Yoast SEO plugin v26.6 - https:\/\/yoast.com\/wordpress\/plugins\/seo\/ -->\n<title>5 raisons de partir en programme d\u2019\u00e9change en Europe - Intercultural Programs<\/title>\n<meta name=\"robots\" content=\"index, follow, max-snippet:-1, max-image-preview:large, max-video-preview:-1\" \/>\n<link rel=\"canonical\" href=\"https:\/\/www.afs.ch\/fr\/afs-blog-fr\/5-raisons-de-partir-en-programme-dechange-en-europe\/\" \/>\n<meta property=\"og:locale\" content=\"fr_FR\" \/>\n<meta property=\"og:type\" content=\"article\" \/>\n<meta property=\"og:title\" content=\"5 raisons de partir en programme d\u2019\u00e9change en Europe - Intercultural Programs\" \/>\n<meta property=\"og:description\" content=\"Les pays les plus populaires pour un programme d&rsquo;\u00e9change riment souvent avec destinations \u00e9loign\u00e9es et places limit\u00e9es, comme par exemple&hellip;\" \/>\n<meta property=\"og:url\" content=\"https:\/\/www.afs.ch\/fr\/afs-blog-fr\/5-raisons-de-partir-en-programme-dechange-en-europe\/\" \/>\n<meta property=\"og:site_name\" content=\"Intercultural Programs\" \/>\n<meta property=\"article:publisher\" content=\"https:\/\/www.facebook.com\/afsswitzerland\/\" \/>\n<meta property=\"article:published_time\" content=\"2020-09-30T12:00:45+00:00\" \/>\n<meta property=\"article:modified_time\" content=\"2020-09-30T12:02:08+00:00\" \/>\n<meta property=\"og:image\" content=\"https:\/\/d22dvihj4pfop3.cloudfront.net\/wp-content\/uploads\/sites\/71\/2020\/09\/30125800\/Belgien1-1125x630.jpg\" \/>\n\t<meta property=\"og:image:width\" content=\"1125\" \/>\n\t<meta property=\"og:image:height\" content=\"630\" \/>\n\t<meta property=\"og:image:type\" content=\"image\/jpeg\" \/>\n<meta name=\"author\" content=\"colinegauthier\" \/>\n<meta name=\"twitter:card\" content=\"summary_large_image\" \/>\n<meta name=\"twitter:creator\" content=\"@afs_ch\" \/>\n<meta name=\"twitter:site\" content=\"@afs_ch\" \/>\n<meta name=\"twitter:label1\" content=\"Written by\" \/>\n\t<meta name=\"twitter:data1\" content=\"colinegauthier\" \/>\n\t<meta name=\"twitter:label2\" content=\"Est. reading time\" \/>\n\t<meta name=\"twitter:data2\" content=\"4 minutes\" \/>\n<script type=\"application\/ld+json\" class=\"yoast-schema-graph\">{\"@context\":\"https:\/\/schema.org\",\"@graph\":[{\"@type\":\"WebPage\",\"@id\":\"https:\/\/www.afs.ch\/fr\/afs-blog-fr\/5-raisons-de-partir-en-programme-dechange-en-europe\/\",\"url\":\"https:\/\/www.afs.ch\/fr\/afs-blog-fr\/5-raisons-de-partir-en-programme-dechange-en-europe\/\",\"name\":\"5 raisons de partir en programme d\u2019\u00e9change en Europe - Intercultural Programs\",\"isPartOf\":{\"@id\":\"https:\/\/www.afs.ch\/fr\/#website\"},\"primaryImageOfPage\":{\"@id\":\"https:\/\/www.afs.ch\/fr\/afs-blog-fr\/5-raisons-de-partir-en-programme-dechange-en-europe\/#primaryimage\"},\"image\":{\"@id\":\"https:\/\/www.afs.ch\/fr\/afs-blog-fr\/5-raisons-de-partir-en-programme-dechange-en-europe\/#primaryimage\"},\"thumbnailUrl\":\"https:\/\/d22dvihj4pfop3.cloudfront.net\/wp-content\/uploads\/sites\/71\/2020\/09\/30125800\/Belgien1.jpg\",\"datePublished\":\"2020-09-30T12:00:45+00:00\",\"dateModified\":\"2020-09-30T12:02:08+00:00\",\"author\":{\"@id\":\"https:\/\/www.afs.ch\/fr\/#\/schema\/person\/dd2d6ca9d7337969319099ed8406bbdf\"},\"breadcrumb\":{\"@id\":\"https:\/\/www.afs.ch\/fr\/afs-blog-fr\/5-raisons-de-partir-en-programme-dechange-en-europe\/#breadcrumb\"},\"inLanguage\":\"fr-FR\",\"potentialAction\":[{\"@type\":\"ReadAction\",\"target\":[\"https:\/\/www.afs.ch\/fr\/afs-blog-fr\/5-raisons-de-partir-en-programme-dechange-en-europe\/\"]}]},{\"@type\":\"ImageObject\",\"inLanguage\":\"fr-FR\",\"@id\":\"https:\/\/www.afs.ch\/fr\/afs-blog-fr\/5-raisons-de-partir-en-programme-dechange-en-europe\/#primaryimage\",\"url\":\"https:\/\/d22dvihj4pfop3.cloudfront.net\/wp-content\/uploads\/sites\/71\/2020\/09\/30125800\/Belgien1.jpg\",\"contentUrl\":\"https:\/\/d22dvihj4pfop3.cloudfront.net\/wp-content\/uploads\/sites\/71\/2020\/09\/30125800\/Belgien1.jpg\",\"width\":1125,\"height\":1471},{\"@type\":\"BreadcrumbList\",\"@id\":\"https:\/\/www.afs.ch\/fr\/afs-blog-fr\/5-raisons-de-partir-en-programme-dechange-en-europe\/#breadcrumb\",\"itemListElement\":[{\"@type\":\"ListItem\",\"position\":1,\"name\":\"Home\",\"item\":\"https:\/\/switzerland.afssite.afs.org\/fr\/\"},{\"@type\":\"ListItem\",\"position\":2,\"name\":\"5 raisons de partir en programme d\u2019\u00e9change en Europe\"}]},{\"@type\":\"WebSite\",\"@id\":\"https:\/\/www.afs.ch\/fr\/#website\",\"url\":\"https:\/\/www.afs.ch\/fr\/\",\"name\":\"Interkulturelle Programme\",\"description\":\"Switzerland\",\"potentialAction\":[{\"@type\":\"SearchAction\",\"target\":{\"@type\":\"EntryPoint\",\"urlTemplate\":\"https:\/\/www.afs.ch\/fr\/?s={search_term_string}\"},\"query-input\":{\"@type\":\"PropertyValueSpecification\",\"valueRequired\":true,\"valueName\":\"search_term_string\"}}],\"inLanguage\":\"fr-FR\"},{\"@type\":\"Person\",\"@id\":\"https:\/\/www.afs.ch\/fr\/#\/schema\/person\/dd2d6ca9d7337969319099ed8406bbdf\",\"name\":\"colinegauthier\",\"image\":{\"@type\":\"ImageObject\",\"inLanguage\":\"fr-FR\",\"@id\":\"https:\/\/www.afs.ch\/fr\/#\/schema\/person\/image\/\",\"url\":\"https:\/\/secure.gravatar.com\/avatar\/5b453edb97495806efcfd9fdc82d4869fefb3567a4b3969b0c4591a3f1c64830?s=96&d=mm&r=g\",\"contentUrl\":\"https:\/\/secure.gravatar.com\/avatar\/5b453edb97495806efcfd9fdc82d4869fefb3567a4b3969b0c4591a3f1c64830?s=96&d=mm&r=g\",\"caption\":\"colinegauthier\"},\"url\":\"https:\/\/www.afs.ch\/fr\/author\/colinegauthier\/\"}]}<\/script>\n<!-- \/ Yoast SEO plugin. -->","yoast_head_json":{"title":"5 raisons de partir en programme d\u2019\u00e9change en Europe - Intercultural Programs","robots":{"index":"index","follow":"follow","max-snippet":"max-snippet:-1","max-image-preview":"max-image-preview:large","max-video-preview":"max-video-preview:-1"},"canonical":"https:\/\/www.afs.ch\/fr\/afs-blog-fr\/5-raisons-de-partir-en-programme-dechange-en-europe\/","og_locale":"fr_FR","og_type":"article","og_title":"5 raisons de partir en programme d\u2019\u00e9change en Europe - Intercultural Programs","og_description":"Les pays les plus populaires pour un programme d&rsquo;\u00e9change riment souvent avec destinations \u00e9loign\u00e9es et places limit\u00e9es, comme par exemple&hellip;","og_url":"https:\/\/www.afs.ch\/fr\/afs-blog-fr\/5-raisons-de-partir-en-programme-dechange-en-europe\/","og_site_name":"Intercultural Programs","article_publisher":"https:\/\/www.facebook.com\/afsswitzerland\/","article_published_time":"2020-09-30T12:00:45+00:00","article_modified_time":"2020-09-30T12:02:08+00:00","og_image":[{"width":1125,"height":630,"url":"https:\/\/d22dvihj4pfop3.cloudfront.net\/wp-content\/uploads\/sites\/71\/2020\/09\/30125800\/Belgien1-1125x630.jpg","type":"image\/jpeg"}],"author":"colinegauthier","twitter_card":"summary_large_image","twitter_creator":"@afs_ch","twitter_site":"@afs_ch","twitter_misc":{"Written by":"colinegauthier","Est. reading time":"4 minutes"},"schema":{"@context":"https:\/\/schema.org","@graph":[{"@type":"WebPage","@id":"https:\/\/www.afs.ch\/fr\/afs-blog-fr\/5-raisons-de-partir-en-programme-dechange-en-europe\/","url":"https:\/\/www.afs.ch\/fr\/afs-blog-fr\/5-raisons-de-partir-en-programme-dechange-en-europe\/","name":"5 raisons de partir en programme d\u2019\u00e9change en Europe - Intercultural Programs","isPartOf":{"@id":"https:\/\/www.afs.ch\/fr\/#website"},"primaryImageOfPage":{"@id":"https:\/\/www.afs.ch\/fr\/afs-blog-fr\/5-raisons-de-partir-en-programme-dechange-en-europe\/#primaryimage"},"image":{"@id":"https:\/\/www.afs.ch\/fr\/afs-blog-fr\/5-raisons-de-partir-en-programme-dechange-en-europe\/#primaryimage"},"thumbnailUrl":"https:\/\/d22dvihj4pfop3.cloudfront.net\/wp-content\/uploads\/sites\/71\/2020\/09\/30125800\/Belgien1.jpg","datePublished":"2020-09-30T12:00:45+00:00","dateModified":"2020-09-30T12:02:08+00:00","author":{"@id":"https:\/\/www.afs.ch\/fr\/#\/schema\/person\/dd2d6ca9d7337969319099ed8406bbdf"},"breadcrumb":{"@id":"https:\/\/www.afs.ch\/fr\/afs-blog-fr\/5-raisons-de-partir-en-programme-dechange-en-europe\/#breadcrumb"},"inLanguage":"fr-FR","potentialAction":[{"@type":"ReadAction","target":["https:\/\/www.afs.ch\/fr\/afs-blog-fr\/5-raisons-de-partir-en-programme-dechange-en-europe\/"]}]},{"@type":"ImageObject","inLanguage":"fr-FR","@id":"https:\/\/www.afs.ch\/fr\/afs-blog-fr\/5-raisons-de-partir-en-programme-dechange-en-europe\/#primaryimage","url":"https:\/\/d22dvihj4pfop3.cloudfront.net\/wp-content\/uploads\/sites\/71\/2020\/09\/30125800\/Belgien1.jpg","contentUrl":"https:\/\/d22dvihj4pfop3.cloudfront.net\/wp-content\/uploads\/sites\/71\/2020\/09\/30125800\/Belgien1.jpg","width":1125,"height":1471},{"@type":"BreadcrumbList","@id":"https:\/\/www.afs.ch\/fr\/afs-blog-fr\/5-raisons-de-partir-en-programme-dechange-en-europe\/#breadcrumb","itemListElement":[{"@type":"ListItem","position":1,"name":"Home","item":"https:\/\/switzerland.afssite.afs.org\/fr\/"},{"@type":"ListItem","position":2,"name":"5 raisons de partir en programme d\u2019\u00e9change en Europe"}]},{"@type":"WebSite","@id":"https:\/\/www.afs.ch\/fr\/#website","url":"https:\/\/www.afs.ch\/fr\/","name":"Interkulturelle Programme","description":"Switzerland","potentialAction":[{"@type":"SearchAction","target":{"@type":"EntryPoint","urlTemplate":"https:\/\/www.afs.ch\/fr\/?s={search_term_string}"},"query-input":{"@type":"PropertyValueSpecification","valueRequired":true,"valueName":"search_term_string"}}],"inLanguage":"fr-FR"},{"@type":"Person","@id":"https:\/\/www.afs.ch\/fr\/#\/schema\/person\/dd2d6ca9d7337969319099ed8406bbdf","name":"colinegauthier","image":{"@type":"ImageObject","inLanguage":"fr-FR","@id":"https:\/\/www.afs.ch\/fr\/#\/schema\/person\/image\/","url":"https:\/\/secure.gravatar.com\/avatar\/5b453edb97495806efcfd9fdc82d4869fefb3567a4b3969b0c4591a3f1c64830?s=96&d=mm&r=g","contentUrl":"https:\/\/secure.gravatar.com\/avatar\/5b453edb97495806efcfd9fdc82d4869fefb3567a4b3969b0c4591a3f1c64830?s=96&d=mm&r=g","caption":"colinegauthier"},"url":"https:\/\/www.afs.ch\/fr\/author\/colinegauthier\/"}]}},"_links":{"self":[{"href":"https:\/\/www.afs.ch\/fr\/wp-json\/wp\/v2\/posts\/45201","targetHints":{"allow":["GET"]}}],"collection":[{"href":"https:\/\/www.afs.ch\/fr\/wp-json\/wp\/v2\/posts"}],"about":[{"href":"https:\/\/www.afs.ch\/fr\/wp-json\/wp\/v2\/types\/post"}],"author":[{"embeddable":true,"href":"https:\/\/www.afs.ch\/fr\/wp-json\/wp\/v2\/users\/967"}],"replies":[{"embeddable":true,"href":"https:\/\/www.afs.ch\/fr\/wp-json\/wp\/v2\/comments?post=45201"}],"version-history":[{"count":3,"href":"https:\/\/www.afs.ch\/fr\/wp-json\/wp\/v2\/posts\/45201\/revisions"}],"predecessor-version":[{"id":45208,"href":"https:\/\/www.afs.ch\/fr\/wp-json\/wp\/v2\/posts\/45201\/revisions\/45208"}],"wp:featuredmedia":[{"embeddable":true,"href":"https:\/\/www.afs.ch\/fr\/wp-json\/wp\/v2\/media\/45204"}],"wp:attachment":[{"href":"https:\/\/www.afs.ch\/fr\/wp-json\/wp\/v2\/media?parent=45201"}],"wp:term":[{"taxonomy":"category","embeddable":true,"href":"https:\/\/www.afs.ch\/fr\/wp-json\/wp\/v2\/categories?post=45201"},{"taxonomy":"post_tag","embeddable":true,"href":"https:\/\/www.afs.ch\/fr\/wp-json\/wp\/v2\/tags?post=45201"}],"curies":[{"name":"wp","href":"https:\/\/api.w.org\/{rel}","templated":true}]}}