{"id":45867,"date":"2020-12-11T12:49:22","date_gmt":"2020-12-11T11:49:22","guid":{"rendered":"https:\/\/www.afs.ch\/?p=45867"},"modified":"2020-12-15T09:45:58","modified_gmt":"2020-12-15T08:45:58","slug":"soutenir-les-benevoles-afs","status":"publish","type":"post","link":"https:\/\/www.afs.ch\/fr\/afs-blog-fr\/soutenir-les-benevoles-afs\/","title":{"rendered":"Soutenir les b\u00e9n\u00e9voles AFS"},"content":{"rendered":"<p><b>AFS est une organisation non gouvernementale et \u00e0 but non lucratif active dans le domaine des programmes d\u2019\u00e9changes interculturels<\/b><span style=\"font-weight: 400;\">. Ces derni\u00e8res ann\u00e9es tout allait tr\u00e8s bien pour nous, nous pouvions profiter d\u2019une belle phase de progression. Et d\u2019un jour \u00e0 l&rsquo;autre, ce cher Coronavirus a d\u00e9cid\u00e9 de pointer le bout de son nez\u2026 Vous vous en doutez, il nous a mis pas mal de b\u00e2tons dans les roues et nous a emp\u00each\u00e9 de progresser. Dans cet article, nous vous expliquons les d\u00e9cisions et les strat\u00e9gies que nous mettons en place afin de continuer \u00e0 promouvoir <\/span><b>notre mission \u00e0 travers le monde<\/b><span style=\"font-weight: 400;\">!<\/span><\/p>\n<p><b>Chez nous, comme partout, le nerf de la guerre, ce sont les ressources: financi\u00e8res et humaines principalement. <\/b><span style=\"font-weight: 400;\">Aussi, d\u00e8s cet \u00e9t\u00e9 2020, avec un spectre de prochaines vagues se dessinant de plus en plus distinctement, l\u2019id\u00e9e d\u2019un appel \u00e0 l\u2019aide au moyen d\u2019une campagne de financement participatif est n\u00e9e. Pour la premi\u00e8re fois de son histoire, AFS Suisse a donc lanc\u00e9 une collecte de fonds participative, accessible via le site <\/span><a href=\"https:\/\/www.heroslocaux.ch\/support-afs\"><b>heroslocaux.ch\/support-afs<\/b><\/a><span style=\"font-weight: 400;\">. L\u2019id\u00e9e initiale \u00e9tait de r\u00e9colter des fonds pour notre organisation et remercier nos donateurs en leur offrant un masque customis\u00e9 \u00e0 la AFS.<\/span><\/p>\n<p><span style=\"font-weight: 400;\">N\u00e9anmoins, aussi originaux qu\u2019ils auraient pu l\u2019\u00eatre (nous \u00e9tions tr\u00e8s satisfaits du slogan trouv\u00e9 lors d\u2019un brainstorming en \u00e9quipe: \u201cspread Peace not Coronavirus\u201d, avec des pictos en lieu et place des mots Peace et Coronavirus) nous avons rapidement compris qu\u2019investir dans ces masques ne nous aiderait pas \u00e0 financer nos activit\u00e9s. C\u2019est l\u00e0 que la question: \u201cQui a le plus besoin d\u2019argent au sein de notre organisation?\u201d s\u2019est pos\u00e9e. \u00c9merge alors l\u2019id\u00e9e d\u2019un projet pour soutenir les <\/span><b>b\u00e9n\u00e9voles AFS, le c\u0153ur de notre association, sans qui rien ne serait possible!\u00a0<\/b><\/p>\n<p><span style=\"font-weight: 400;\">En Suisse, ils sont environ 800 et<\/span><b> ils ont besoin de notre soutien, de votre soutien<\/b><span style=\"font-weight: 400;\">, afin de pouvoir continuer \u00e0 former les jeunes citoyens de demain! Alors vous vous dites peut-\u00eatre que vu qu&rsquo;ils sont b\u00e9n\u00e9voles, tout est gratuit\u2026 mais nous devons les former, nous devons payer les logements lou\u00e9s durant les camps de formation continue, fournir la nourriture, \u2026 ce sont des frais qui mis bout \u00e0 bout ne sont pas \u00e0 minimiser et qui s\u2019ajoutent \u00e0 nos charges variables mensuelles. <\/span><b>Mais ils le valent tellement, nous devons tout \u00e0 nos b\u00e9n\u00e9voles!\u00a0<\/b><\/p>\n<p><span style=\"font-weight: 400;\">Dans une courte vid\u00e9o de pr\u00e9sentation, film\u00e9e par l\u2019un de nos stagiaires marketing, publi\u00e9e sur la plateforme <\/span><a href=\"https:\/\/www.heroslocaux.ch\/support-afs\"><b>heroslocaux.ch\/support-afs<\/b><\/a><b>,<\/b><span style=\"font-weight: 400;\"> avec dans le r\u00f4le principal notre Directeur Luc Estap\u00e9, nous revenons en d\u00e9tail sur la fa\u00e7on dont <\/span><b>nous sommes tributaires de votre soutien!<\/b><\/p>\n<p><b>Si notre cause r\u00e9sonne en vous, soutenez nos b\u00e9n\u00e9voles en faisant un don via la page <\/b><a href=\"https:\/\/www.heroslocaux.ch\/support-afs\"><b>heroslocaux.ch\/support-afs<\/b><\/a><b> et partagez massivement dans votre entourage cette campagne de financement participatif qui prendra fin le 18 d\u00e9cembre 2020 \u00e0 23h59\u2026..<\/b><\/p>\n<p><span style=\"font-weight: 400;\">Nous en appelons \u00e0 votre sensibilit\u00e9 et empathie: peut-\u00eatre avez-vous eu la chance de vivre une exp\u00e9rience interculturelle, ou souhaitez-vous que votre enfant ait cette opportunit\u00e9? Nous serions heureux de savoir que nos valeurs vous ont touch\u00e9s. Si nous pouvons continuer \u00e0 promouvoir notre mission dans un futur proche, vous saurez que c&rsquo;est gr\u00e2ce \u00e0 vous!\u00a0<\/span><\/p>\n<p><span style=\"font-weight: 400;\">\u00c0 vous qui avez pris le temps de nous lire, nous, b\u00e9n\u00e9voles et collaborateurs AFS, vous remercions <\/span><b>du fond de notre c\u0153ur!<\/b><\/p>\n<p><figure class=\"wp-image-wrap\"><img loading=\"lazy\" decoding=\"async\" class=\"alignnone wp-image-45868 size-medium\" src=\"https:\/\/d22dvihj4pfop3.cloudfront.net\/wp-content\/uploads\/sites\/71\/2020\/12\/11124733\/S1-soutenir-1-366x650.png\" alt=\"\" width=\"366\" height=\"650\" \/><\/figure> <figure class=\"wp-image-wrap\"><img loading=\"lazy\" decoding=\"async\" class=\"alignnone wp-image-45869 size-medium\" src=\"https:\/\/d22dvihj4pfop3.cloudfront.net\/wp-content\/uploads\/sites\/71\/2020\/12\/11124740\/S2partagez-1-366x650.png\" alt=\"\" width=\"366\" height=\"650\" \/><\/figure> <figure class=\"wp-image-wrap\"><img loading=\"lazy\" decoding=\"async\" class=\"alignnone wp-image-45870 size-medium\" src=\"https:\/\/d22dvihj4pfop3.cloudfront.net\/wp-content\/uploads\/sites\/71\/2020\/12\/11124745\/S3-contribuer-1-366x650.png\" alt=\"\" width=\"366\" height=\"650\" \/><\/figure><\/p>\n","protected":false},"excerpt":{"rendered":"<p>AFS est une organisation non gouvernementale et \u00e0 but non lucratif active dans le domaine des programmes d\u2019\u00e9changes interculturels. Ces&hellip;<\/p>\n","protected":false},"author":967,"featured_media":45871,"comment_status":"open","ping_status":"open","sticky":false,"template":"","format":"standard","meta":{"footnotes":""},"categories":[743],"tags":[],"class_list":["post-45867","post","type-post","status-publish","format-standard","has-post-thumbnail","hentry","category-afs-blog-fr"],"yoast_head":"<!-- This site is optimized with the Yoast SEO plugin v26.6 - https:\/\/yoast.com\/wordpress\/plugins\/seo\/ -->\n<title>Soutenir les b\u00e9n\u00e9voles AFS - Intercultural Programs<\/title>\n<meta name=\"robots\" content=\"index, follow, max-snippet:-1, max-image-preview:large, max-video-preview:-1\" \/>\n<link rel=\"canonical\" href=\"https:\/\/www.afs.ch\/fr\/afs-blog-fr\/soutenir-les-benevoles-afs\/\" \/>\n<meta property=\"og:locale\" content=\"fr_FR\" \/>\n<meta property=\"og:type\" content=\"article\" \/>\n<meta property=\"og:title\" content=\"Soutenir les b\u00e9n\u00e9voles AFS - Intercultural Programs\" \/>\n<meta property=\"og:description\" content=\"AFS est une organisation non gouvernementale et \u00e0 but non lucratif active dans le domaine des programmes d\u2019\u00e9changes interculturels. Ces&hellip;\" \/>\n<meta property=\"og:url\" content=\"https:\/\/www.afs.ch\/fr\/afs-blog-fr\/soutenir-les-benevoles-afs\/\" \/>\n<meta property=\"og:site_name\" content=\"Intercultural Programs\" \/>\n<meta property=\"article:publisher\" content=\"https:\/\/www.facebook.com\/afsswitzerland\/\" \/>\n<meta property=\"article:published_time\" content=\"2020-12-11T11:49:22+00:00\" \/>\n<meta property=\"article:modified_time\" content=\"2020-12-15T08:45:58+00:00\" \/>\n<meta property=\"og:image\" content=\"https:\/\/d22dvihj4pfop3.cloudfront.net\/wp-content\/uploads\/sites\/71\/2020\/12\/11124841\/we-love-volunteers-FR-1-1080x630.jpg\" \/>\n\t<meta property=\"og:image:width\" content=\"1080\" \/>\n\t<meta property=\"og:image:height\" content=\"630\" \/>\n\t<meta property=\"og:image:type\" content=\"image\/jpeg\" \/>\n<meta name=\"author\" content=\"colinegauthier\" \/>\n<meta name=\"twitter:card\" content=\"summary_large_image\" \/>\n<meta name=\"twitter:creator\" content=\"@afs_ch\" \/>\n<meta name=\"twitter:site\" content=\"@afs_ch\" \/>\n<meta name=\"twitter:label1\" content=\"Written by\" \/>\n\t<meta name=\"twitter:data1\" content=\"colinegauthier\" \/>\n\t<meta name=\"twitter:label2\" content=\"Est. reading time\" \/>\n\t<meta name=\"twitter:data2\" content=\"3 minutes\" \/>\n<script type=\"application\/ld+json\" class=\"yoast-schema-graph\">{\"@context\":\"https:\/\/schema.org\",\"@graph\":[{\"@type\":\"WebPage\",\"@id\":\"https:\/\/www.afs.ch\/fr\/afs-blog-fr\/soutenir-les-benevoles-afs\/\",\"url\":\"https:\/\/www.afs.ch\/fr\/afs-blog-fr\/soutenir-les-benevoles-afs\/\",\"name\":\"Soutenir les b\u00e9n\u00e9voles AFS - Intercultural Programs\",\"isPartOf\":{\"@id\":\"https:\/\/www.afs.ch\/fr\/#website\"},\"primaryImageOfPage\":{\"@id\":\"https:\/\/www.afs.ch\/fr\/afs-blog-fr\/soutenir-les-benevoles-afs\/#primaryimage\"},\"image\":{\"@id\":\"https:\/\/www.afs.ch\/fr\/afs-blog-fr\/soutenir-les-benevoles-afs\/#primaryimage\"},\"thumbnailUrl\":\"https:\/\/d22dvihj4pfop3.cloudfront.net\/wp-content\/uploads\/sites\/71\/2020\/12\/11124841\/we-love-volunteers-FR-1.jpg\",\"datePublished\":\"2020-12-11T11:49:22+00:00\",\"dateModified\":\"2020-12-15T08:45:58+00:00\",\"author\":{\"@id\":\"https:\/\/www.afs.ch\/fr\/#\/schema\/person\/dd2d6ca9d7337969319099ed8406bbdf\"},\"breadcrumb\":{\"@id\":\"https:\/\/www.afs.ch\/fr\/afs-blog-fr\/soutenir-les-benevoles-afs\/#breadcrumb\"},\"inLanguage\":\"fr-FR\",\"potentialAction\":[{\"@type\":\"ReadAction\",\"target\":[\"https:\/\/www.afs.ch\/fr\/afs-blog-fr\/soutenir-les-benevoles-afs\/\"]}]},{\"@type\":\"ImageObject\",\"inLanguage\":\"fr-FR\",\"@id\":\"https:\/\/www.afs.ch\/fr\/afs-blog-fr\/soutenir-les-benevoles-afs\/#primaryimage\",\"url\":\"https:\/\/d22dvihj4pfop3.cloudfront.net\/wp-content\/uploads\/sites\/71\/2020\/12\/11124841\/we-love-volunteers-FR-1.jpg\",\"contentUrl\":\"https:\/\/d22dvihj4pfop3.cloudfront.net\/wp-content\/uploads\/sites\/71\/2020\/12\/11124841\/we-love-volunteers-FR-1.jpg\",\"width\":1080,\"height\":1080},{\"@type\":\"BreadcrumbList\",\"@id\":\"https:\/\/www.afs.ch\/fr\/afs-blog-fr\/soutenir-les-benevoles-afs\/#breadcrumb\",\"itemListElement\":[{\"@type\":\"ListItem\",\"position\":1,\"name\":\"Home\",\"item\":\"https:\/\/switzerland.afssite.afs.org\/fr\/\"},{\"@type\":\"ListItem\",\"position\":2,\"name\":\"Soutenir les b\u00e9n\u00e9voles AFS\"}]},{\"@type\":\"WebSite\",\"@id\":\"https:\/\/www.afs.ch\/fr\/#website\",\"url\":\"https:\/\/www.afs.ch\/fr\/\",\"name\":\"Interkulturelle Programme\",\"description\":\"Switzerland\",\"potentialAction\":[{\"@type\":\"SearchAction\",\"target\":{\"@type\":\"EntryPoint\",\"urlTemplate\":\"https:\/\/www.afs.ch\/fr\/?s={search_term_string}\"},\"query-input\":{\"@type\":\"PropertyValueSpecification\",\"valueRequired\":true,\"valueName\":\"search_term_string\"}}],\"inLanguage\":\"fr-FR\"},{\"@type\":\"Person\",\"@id\":\"https:\/\/www.afs.ch\/fr\/#\/schema\/person\/dd2d6ca9d7337969319099ed8406bbdf\",\"name\":\"colinegauthier\",\"image\":{\"@type\":\"ImageObject\",\"inLanguage\":\"fr-FR\",\"@id\":\"https:\/\/www.afs.ch\/fr\/#\/schema\/person\/image\/\",\"url\":\"https:\/\/secure.gravatar.com\/avatar\/5b453edb97495806efcfd9fdc82d4869fefb3567a4b3969b0c4591a3f1c64830?s=96&d=mm&r=g\",\"contentUrl\":\"https:\/\/secure.gravatar.com\/avatar\/5b453edb97495806efcfd9fdc82d4869fefb3567a4b3969b0c4591a3f1c64830?s=96&d=mm&r=g\",\"caption\":\"colinegauthier\"},\"url\":\"https:\/\/www.afs.ch\/fr\/author\/colinegauthier\/\"}]}<\/script>\n<!-- \/ Yoast SEO plugin. -->","yoast_head_json":{"title":"Soutenir les b\u00e9n\u00e9voles AFS - Intercultural Programs","robots":{"index":"index","follow":"follow","max-snippet":"max-snippet:-1","max-image-preview":"max-image-preview:large","max-video-preview":"max-video-preview:-1"},"canonical":"https:\/\/www.afs.ch\/fr\/afs-blog-fr\/soutenir-les-benevoles-afs\/","og_locale":"fr_FR","og_type":"article","og_title":"Soutenir les b\u00e9n\u00e9voles AFS - Intercultural Programs","og_description":"AFS est une organisation non gouvernementale et \u00e0 but non lucratif active dans le domaine des programmes d\u2019\u00e9changes interculturels. Ces&hellip;","og_url":"https:\/\/www.afs.ch\/fr\/afs-blog-fr\/soutenir-les-benevoles-afs\/","og_site_name":"Intercultural Programs","article_publisher":"https:\/\/www.facebook.com\/afsswitzerland\/","article_published_time":"2020-12-11T11:49:22+00:00","article_modified_time":"2020-12-15T08:45:58+00:00","og_image":[{"width":1080,"height":630,"url":"https:\/\/d22dvihj4pfop3.cloudfront.net\/wp-content\/uploads\/sites\/71\/2020\/12\/11124841\/we-love-volunteers-FR-1-1080x630.jpg","type":"image\/jpeg"}],"author":"colinegauthier","twitter_card":"summary_large_image","twitter_creator":"@afs_ch","twitter_site":"@afs_ch","twitter_misc":{"Written by":"colinegauthier","Est. reading time":"3 minutes"},"schema":{"@context":"https:\/\/schema.org","@graph":[{"@type":"WebPage","@id":"https:\/\/www.afs.ch\/fr\/afs-blog-fr\/soutenir-les-benevoles-afs\/","url":"https:\/\/www.afs.ch\/fr\/afs-blog-fr\/soutenir-les-benevoles-afs\/","name":"Soutenir les b\u00e9n\u00e9voles AFS - Intercultural Programs","isPartOf":{"@id":"https:\/\/www.afs.ch\/fr\/#website"},"primaryImageOfPage":{"@id":"https:\/\/www.afs.ch\/fr\/afs-blog-fr\/soutenir-les-benevoles-afs\/#primaryimage"},"image":{"@id":"https:\/\/www.afs.ch\/fr\/afs-blog-fr\/soutenir-les-benevoles-afs\/#primaryimage"},"thumbnailUrl":"https:\/\/d22dvihj4pfop3.cloudfront.net\/wp-content\/uploads\/sites\/71\/2020\/12\/11124841\/we-love-volunteers-FR-1.jpg","datePublished":"2020-12-11T11:49:22+00:00","dateModified":"2020-12-15T08:45:58+00:00","author":{"@id":"https:\/\/www.afs.ch\/fr\/#\/schema\/person\/dd2d6ca9d7337969319099ed8406bbdf"},"breadcrumb":{"@id":"https:\/\/www.afs.ch\/fr\/afs-blog-fr\/soutenir-les-benevoles-afs\/#breadcrumb"},"inLanguage":"fr-FR","potentialAction":[{"@type":"ReadAction","target":["https:\/\/www.afs.ch\/fr\/afs-blog-fr\/soutenir-les-benevoles-afs\/"]}]},{"@type":"ImageObject","inLanguage":"fr-FR","@id":"https:\/\/www.afs.ch\/fr\/afs-blog-fr\/soutenir-les-benevoles-afs\/#primaryimage","url":"https:\/\/d22dvihj4pfop3.cloudfront.net\/wp-content\/uploads\/sites\/71\/2020\/12\/11124841\/we-love-volunteers-FR-1.jpg","contentUrl":"https:\/\/d22dvihj4pfop3.cloudfront.net\/wp-content\/uploads\/sites\/71\/2020\/12\/11124841\/we-love-volunteers-FR-1.jpg","width":1080,"height":1080},{"@type":"BreadcrumbList","@id":"https:\/\/www.afs.ch\/fr\/afs-blog-fr\/soutenir-les-benevoles-afs\/#breadcrumb","itemListElement":[{"@type":"ListItem","position":1,"name":"Home","item":"https:\/\/switzerland.afssite.afs.org\/fr\/"},{"@type":"ListItem","position":2,"name":"Soutenir les b\u00e9n\u00e9voles AFS"}]},{"@type":"WebSite","@id":"https:\/\/www.afs.ch\/fr\/#website","url":"https:\/\/www.afs.ch\/fr\/","name":"Interkulturelle Programme","description":"Switzerland","potentialAction":[{"@type":"SearchAction","target":{"@type":"EntryPoint","urlTemplate":"https:\/\/www.afs.ch\/fr\/?s={search_term_string}"},"query-input":{"@type":"PropertyValueSpecification","valueRequired":true,"valueName":"search_term_string"}}],"inLanguage":"fr-FR"},{"@type":"Person","@id":"https:\/\/www.afs.ch\/fr\/#\/schema\/person\/dd2d6ca9d7337969319099ed8406bbdf","name":"colinegauthier","image":{"@type":"ImageObject","inLanguage":"fr-FR","@id":"https:\/\/www.afs.ch\/fr\/#\/schema\/person\/image\/","url":"https:\/\/secure.gravatar.com\/avatar\/5b453edb97495806efcfd9fdc82d4869fefb3567a4b3969b0c4591a3f1c64830?s=96&d=mm&r=g","contentUrl":"https:\/\/secure.gravatar.com\/avatar\/5b453edb97495806efcfd9fdc82d4869fefb3567a4b3969b0c4591a3f1c64830?s=96&d=mm&r=g","caption":"colinegauthier"},"url":"https:\/\/www.afs.ch\/fr\/author\/colinegauthier\/"}]}},"_links":{"self":[{"href":"https:\/\/www.afs.ch\/fr\/wp-json\/wp\/v2\/posts\/45867","targetHints":{"allow":["GET"]}}],"collection":[{"href":"https:\/\/www.afs.ch\/fr\/wp-json\/wp\/v2\/posts"}],"about":[{"href":"https:\/\/www.afs.ch\/fr\/wp-json\/wp\/v2\/types\/post"}],"author":[{"embeddable":true,"href":"https:\/\/www.afs.ch\/fr\/wp-json\/wp\/v2\/users\/967"}],"replies":[{"embeddable":true,"href":"https:\/\/www.afs.ch\/fr\/wp-json\/wp\/v2\/comments?post=45867"}],"version-history":[{"count":3,"href":"https:\/\/www.afs.ch\/fr\/wp-json\/wp\/v2\/posts\/45867\/revisions"}],"predecessor-version":[{"id":45879,"href":"https:\/\/www.afs.ch\/fr\/wp-json\/wp\/v2\/posts\/45867\/revisions\/45879"}],"wp:featuredmedia":[{"embeddable":true,"href":"https:\/\/www.afs.ch\/fr\/wp-json\/wp\/v2\/media\/45871"}],"wp:attachment":[{"href":"https:\/\/www.afs.ch\/fr\/wp-json\/wp\/v2\/media?parent=45867"}],"wp:term":[{"taxonomy":"category","embeddable":true,"href":"https:\/\/www.afs.ch\/fr\/wp-json\/wp\/v2\/categories?post=45867"},{"taxonomy":"post_tag","embeddable":true,"href":"https:\/\/www.afs.ch\/fr\/wp-json\/wp\/v2\/tags?post=45867"}],"curies":[{"name":"wp","href":"https:\/\/api.w.org\/{rel}","templated":true}]}}