{"id":47724,"date":"2021-05-21T08:05:32","date_gmt":"2021-05-21T07:05:32","guid":{"rendered":"https:\/\/www.afs.ch\/?p=47724"},"modified":"2024-04-22T12:01:08","modified_gmt":"2024-04-22T11:01:08","slug":"7-facons-de-decouvrir-la-suisse-depuis-son-salon","status":"publish","type":"post","link":"https:\/\/www.afs.ch\/fr\/afs-blog-fr\/7-facons-de-decouvrir-la-suisse-depuis-son-salon\/","title":{"rendered":"7 fa\u00e7ons de d\u00e9couvrir la Suisse depuis son salon!\u00a0"},"content":{"rendered":"<p><span style=\"font-weight: 400;\">L<\/span><span style=\"font-weight: 400;\">a pand\u00e9mie ne fait malheureusement pas de pause pendant les programmes d\u2019\u00e9changes. Durant ton ann\u00e9e en Suisse, la probabilit\u00e9 que tu sois confront\u00e9 \u00e0 de nombreuses restrictions, notamment en mati\u00e8re d&rsquo;exp\u00e9riences culturelles, est grande. Toutefois, afin de t\u2019offrir un programme complet, nous avons rassembl\u00e9 quelques id\u00e9es sur les meilleures mani\u00e8res de d\u00e9couvrir notre culture depuis chez toi.<\/span><\/p>\n<p><b><\/b><b>1. <\/b><b>Cuisiner local<br \/>\n<\/b><span style=\"font-weight: 400;\">Apprends \u00e0 cuisiner un plat typiquement suisse aux c\u00f4t\u00e9s de ta famille d\u2019accueil! Elle sera ravie de partager avec toi ses meilleures recettes, que ce soit le fameux papet vaudois, les r\u00f6stis, l\u2019\u00e9minc\u00e9 zurichois, la c\u00e9l\u00e8bre raclette ou notre grand classique: la fondue! Nous sommes convaincus que parmi ces sp\u00e9cialit\u00e9s, tu trouveras un met au go\u00fbt de tes papilles! Bon app\u2019!<\/span><\/p>\n<p><figure class=\"wp-image-wrap\"><img loading=\"lazy\" decoding=\"async\" class=\"alignnone wp-image-47707 size-medium\" src=\"https:\/\/d22dvihj4pfop3.cloudfront.net\/wp-content\/uploads\/sites\/71\/2021\/05\/21072228\/angela-pham-vo7GGTh6sXM-unsplash-650x433.jpg\" alt=\"\" width=\"650\" height=\"433\" \/><\/figure><\/p>\n<p><strong>2. Regarder un film suisse<\/strong><br \/>\nSe plonger dans la culture suisse, bien install\u00e9 dans son canap\u00e9 devant un film? Pourquoi pas? Nous n&rsquo;avons certes pas la m\u00eame industrie cin\u00e9matographique qu&rsquo;Hollywood, mais c&rsquo;est malrg\u00e9 tout, toujours plaisant de visionner un film!<b><\/b><figure class=\"wp-image-wrap\"><img loading=\"lazy\" decoding=\"async\" class=\"alignnone wp-image-47708 size-full\" src=\"https:\/\/d22dvihj4pfop3.cloudfront.net\/wp-content\/uploads\/sites\/71\/2021\/05\/21072415\/13855.jpg\" alt=\"\" width=\"285\" height=\"424\" \/><\/figure><\/p>\n<p>Notre conseil pour toi est un film sorti en 2005: <b>\u00ab<\/b>Je m&rsquo;appelle Eugen<b>\u00bb<\/b>. Un grand classique!<br \/>\nPour en d\u00e9couvrir encore plus:\u00a0<b><\/b><a style=\"background-color: #ffffff;\" href=\"https:\/\/www.playsuisse.ch\/de\"><b>playsuisse.ch\/lde<\/b><\/a><\/p>\n<p><b style=\"text-indent: -1.5em;\">3.\u00a0 <\/b><b style=\"text-indent: -1.5em;\">Rester \u00e0 la page \u2013 Lire les journaux<br \/>\n<span style=\"font-weight: 400;\">Une autre fa\u00e7on de vivre notre culture, c\u2019est au travers de nos m\u00e9dias. Attrapes-en un dans une bo\u00eete \u00e0 journaux dans la rue ou tout simplement sur internet sous: <\/span><a href=\"https:\/\/www.letemps.ch\"><span style=\"font-weight: 400;\">letemps.ch <\/span><\/a><span style=\"font-weight: 400;\">et d\u00e9couvre quelles sont les pr\u00e9occupations des citoyens suisses.<\/span><br \/>\n<\/b><\/p>\n<p><figure class=\"wp-image-wrap\"><img loading=\"lazy\" decoding=\"async\" class=\"alignnone wp-image-47710 size-full\" src=\"https:\/\/d22dvihj4pfop3.cloudfront.net\/wp-content\/uploads\/sites\/71\/2021\/05\/21073732\/Le-Temps-p1030243.jpg\" alt=\"\" width=\"280\" height=\"210\" \/><\/figure><\/p>\n<p><b><\/b><b>4. Vivre dans le monde d\u2019Heidi<br \/>\n<\/b><span style=\"font-weight: 400;\">Qui ne conna\u00eet pas Heidi? Heidi est un personnage culte en Suisse, tr\u00e8s populaire tant aupr\u00e8s des jeunes et moins jeunes! Elle est appr\u00e9ci\u00e9e dans le monde entier! Au travers de ce magnifique roman, laisse-toi entra\u00eener dans les aventures d\u2019Heidi et d\u00e9couvre le charme des Alpes suisses!\u00a0<\/span><\/p>\n<p><figure class=\"wp-image-wrap\"><img loading=\"lazy\" decoding=\"async\" class=\"alignnone wp-image-47674 size-full\" src=\"https:\/\/d22dvihj4pfop3.cloudfront.net\/wp-content\/uploads\/sites\/71\/2021\/05\/19125030\/blog4.png\" alt=\"\" width=\"352\" height=\"453\" \/><\/figure><\/p>\n<p><b>\u00a05. <\/b><b>S\u2019essayer \u00e0 la lutte suisse<br \/>\n<span style=\"font-weight: 400;\">\u00a0Le sport national suisse? La lutte \u00e0 la culotte. Ce sport est la variante helv\u00e9tique de la lutte sportive. Lors des f\u00eates r\u00e9gionales de lutte, les\u00a0 combattants se jettent dans la sciure. Le but de chaque lutteur est de porter au sol l\u2019\u00e9paule de son adversaire. Curieux? Prends un matelas, tes fr\u00e8res et s\u0153urs d\u2019accueil: 3, 2, 1 que le combat commence! <\/span><figure class=\"wp-image-wrap\"><img loading=\"lazy\" decoding=\"async\" class=\"alignnone wp-image-47675 size-full\" src=\"https:\/\/d22dvihj4pfop3.cloudfront.net\/wp-content\/uploads\/sites\/71\/2021\/05\/19125034\/blog5.png\" alt=\"\" width=\"543\" height=\"410\" \/><\/figure><br \/>\n<\/b><\/p>\n<p><strong>6.<\/strong> <b>Jouer \u00e0 des jeux de soci\u00e9t\u00e9<br \/>\n<span style=\"font-weight: 400;\">Une soir\u00e9e tranquille entre amis et en famille se profile? Sors le jeu Helvetiq. Gr\u00e2ce \u00e0 lui tu vas tout d\u00e9couvrir sur la Suisse, notre culture n\u2019aura plus aucun secret pour toi! C\u2019est parti, que le meilleur gagne!<\/span><br \/>\n<\/b><\/p>\n<p><figure class=\"wp-image-wrap\"><img loading=\"lazy\" decoding=\"async\" class=\"alignnone wp-image-47709 size-medium\" src=\"https:\/\/d22dvihj4pfop3.cloudfront.net\/wp-content\/uploads\/sites\/71\/2021\/05\/21073454\/helvetiq_fr_06_2-435x650.jpg\" alt=\"\" width=\"435\" height=\"650\" \/><\/figure><\/p>\n<p><b>7.\u00a0 <\/b><b>Suivre les comptes les plus dr\u00f4les sur Instagram<br \/>\n<\/b><span style=\"font-weight: 400;\">Tu veux ta dose de culture suisse quotidienne? Nous te proposons de suivre ces comptes humoristiques sur Instagram, voici nos suggestions: @swissromande, @wieseltom, @ta_ta_ki, @radiotelevisionsuisse, @mydudeness et @couleur3<\/span><\/p>\n<p><figure class=\"wp-image-wrap\"><img loading=\"lazy\" decoding=\"async\" class=\"alignnone wp-image-47677 size-medium\" src=\"https:\/\/d22dvihj4pfop3.cloudfront.net\/wp-content\/uploads\/sites\/71\/2021\/05\/19125041\/blog7-490x650.png\" alt=\"\" width=\"490\" height=\"650\" \/><\/figure><\/p>\n","protected":false},"excerpt":{"rendered":"<p>La pand\u00e9mie ne fait malheureusement pas de pause pendant les programmes d\u2019\u00e9changes. Durant ton ann\u00e9e en Suisse, la probabilit\u00e9 que&hellip;<\/p>\n","protected":false},"author":967,"featured_media":0,"comment_status":"open","ping_status":"open","sticky":false,"template":"","format":"standard","meta":{"footnotes":""},"categories":[743],"tags":[],"class_list":["post-47724","post","type-post","status-publish","format-standard","hentry","category-afs-blog-fr"],"yoast_head":"<!-- This site is optimized with the Yoast SEO plugin v26.6 - https:\/\/yoast.com\/wordpress\/plugins\/seo\/ -->\n<title>7 fa\u00e7ons de d\u00e9couvrir la Suisse depuis son salon!\u00a0 - Intercultural Programs<\/title>\n<meta name=\"robots\" content=\"index, follow, max-snippet:-1, max-image-preview:large, max-video-preview:-1\" \/>\n<link rel=\"canonical\" href=\"https:\/\/www.afs.ch\/fr\/afs-blog-fr\/7-facons-de-decouvrir-la-suisse-depuis-son-salon\/\" \/>\n<meta property=\"og:locale\" content=\"fr_FR\" \/>\n<meta property=\"og:type\" content=\"article\" \/>\n<meta property=\"og:title\" content=\"7 fa\u00e7ons de d\u00e9couvrir la Suisse depuis son salon!\u00a0 - Intercultural Programs\" \/>\n<meta property=\"og:description\" content=\"La pand\u00e9mie ne fait malheureusement pas de pause pendant les programmes d\u2019\u00e9changes. Durant ton ann\u00e9e en Suisse, la probabilit\u00e9 que&hellip;\" \/>\n<meta property=\"og:url\" content=\"https:\/\/www.afs.ch\/fr\/afs-blog-fr\/7-facons-de-decouvrir-la-suisse-depuis-son-salon\/\" \/>\n<meta property=\"og:site_name\" content=\"Intercultural Programs\" \/>\n<meta property=\"article:publisher\" content=\"https:\/\/www.facebook.com\/afsswitzerland\/\" \/>\n<meta property=\"article:published_time\" content=\"2021-05-21T07:05:32+00:00\" \/>\n<meta property=\"article:modified_time\" content=\"2024-04-22T11:01:08+00:00\" \/>\n<meta property=\"og:image\" content=\"https:\/\/www.afs.ch\/wp-content\/uploads\/sites\/71\/2021\/05\/angela-pham-vo7GGTh6sXM-unsplash-650x433.jpg\" \/>\n<meta name=\"author\" content=\"colinegauthier\" \/>\n<meta name=\"twitter:card\" content=\"summary_large_image\" \/>\n<meta name=\"twitter:creator\" content=\"@afs_ch\" \/>\n<meta name=\"twitter:site\" content=\"@afs_ch\" \/>\n<meta name=\"twitter:label1\" content=\"Written by\" \/>\n\t<meta name=\"twitter:data1\" content=\"colinegauthier\" \/>\n\t<meta name=\"twitter:label2\" content=\"Est. reading time\" \/>\n\t<meta name=\"twitter:data2\" content=\"4 minutes\" \/>\n<script type=\"application\/ld+json\" class=\"yoast-schema-graph\">{\"@context\":\"https:\/\/schema.org\",\"@graph\":[{\"@type\":\"WebPage\",\"@id\":\"https:\/\/www.afs.ch\/fr\/afs-blog-fr\/7-facons-de-decouvrir-la-suisse-depuis-son-salon\/\",\"url\":\"https:\/\/www.afs.ch\/fr\/afs-blog-fr\/7-facons-de-decouvrir-la-suisse-depuis-son-salon\/\",\"name\":\"7 fa\u00e7ons de d\u00e9couvrir la Suisse depuis son salon!\u00a0 - Intercultural Programs\",\"isPartOf\":{\"@id\":\"https:\/\/www.afs.ch\/fr\/#website\"},\"primaryImageOfPage\":{\"@id\":\"https:\/\/www.afs.ch\/fr\/afs-blog-fr\/7-facons-de-decouvrir-la-suisse-depuis-son-salon\/#primaryimage\"},\"image\":{\"@id\":\"https:\/\/www.afs.ch\/fr\/afs-blog-fr\/7-facons-de-decouvrir-la-suisse-depuis-son-salon\/#primaryimage\"},\"thumbnailUrl\":\"https:\/\/www.afs.ch\/wp-content\/uploads\/sites\/71\/2021\/05\/angela-pham-vo7GGTh6sXM-unsplash-650x433.jpg\",\"datePublished\":\"2021-05-21T07:05:32+00:00\",\"dateModified\":\"2024-04-22T11:01:08+00:00\",\"author\":{\"@id\":\"https:\/\/www.afs.ch\/fr\/#\/schema\/person\/dd2d6ca9d7337969319099ed8406bbdf\"},\"breadcrumb\":{\"@id\":\"https:\/\/www.afs.ch\/fr\/afs-blog-fr\/7-facons-de-decouvrir-la-suisse-depuis-son-salon\/#breadcrumb\"},\"inLanguage\":\"fr-FR\",\"potentialAction\":[{\"@type\":\"ReadAction\",\"target\":[\"https:\/\/www.afs.ch\/fr\/afs-blog-fr\/7-facons-de-decouvrir-la-suisse-depuis-son-salon\/\"]}]},{\"@type\":\"ImageObject\",\"inLanguage\":\"fr-FR\",\"@id\":\"https:\/\/www.afs.ch\/fr\/afs-blog-fr\/7-facons-de-decouvrir-la-suisse-depuis-son-salon\/#primaryimage\",\"url\":\"https:\/\/www.afs.ch\/wp-content\/uploads\/sites\/71\/2021\/05\/angela-pham-vo7GGTh6sXM-unsplash-650x433.jpg\",\"contentUrl\":\"https:\/\/www.afs.ch\/wp-content\/uploads\/sites\/71\/2021\/05\/angela-pham-vo7GGTh6sXM-unsplash-650x433.jpg\"},{\"@type\":\"BreadcrumbList\",\"@id\":\"https:\/\/www.afs.ch\/fr\/afs-blog-fr\/7-facons-de-decouvrir-la-suisse-depuis-son-salon\/#breadcrumb\",\"itemListElement\":[{\"@type\":\"ListItem\",\"position\":1,\"name\":\"Home\",\"item\":\"https:\/\/switzerland.afssite.afs.org\/fr\/\"},{\"@type\":\"ListItem\",\"position\":2,\"name\":\"7 fa\u00e7ons de d\u00e9couvrir la Suisse depuis son salon!\u00a0\"}]},{\"@type\":\"WebSite\",\"@id\":\"https:\/\/www.afs.ch\/fr\/#website\",\"url\":\"https:\/\/www.afs.ch\/fr\/\",\"name\":\"Interkulturelle Programme\",\"description\":\"Switzerland\",\"potentialAction\":[{\"@type\":\"SearchAction\",\"target\":{\"@type\":\"EntryPoint\",\"urlTemplate\":\"https:\/\/www.afs.ch\/fr\/?s={search_term_string}\"},\"query-input\":{\"@type\":\"PropertyValueSpecification\",\"valueRequired\":true,\"valueName\":\"search_term_string\"}}],\"inLanguage\":\"fr-FR\"},{\"@type\":\"Person\",\"@id\":\"https:\/\/www.afs.ch\/fr\/#\/schema\/person\/dd2d6ca9d7337969319099ed8406bbdf\",\"name\":\"colinegauthier\",\"image\":{\"@type\":\"ImageObject\",\"inLanguage\":\"fr-FR\",\"@id\":\"https:\/\/www.afs.ch\/fr\/#\/schema\/person\/image\/\",\"url\":\"https:\/\/secure.gravatar.com\/avatar\/5b453edb97495806efcfd9fdc82d4869fefb3567a4b3969b0c4591a3f1c64830?s=96&d=mm&r=g\",\"contentUrl\":\"https:\/\/secure.gravatar.com\/avatar\/5b453edb97495806efcfd9fdc82d4869fefb3567a4b3969b0c4591a3f1c64830?s=96&d=mm&r=g\",\"caption\":\"colinegauthier\"},\"url\":\"https:\/\/www.afs.ch\/fr\/author\/colinegauthier\/\"}]}<\/script>\n<!-- \/ Yoast SEO plugin. -->","yoast_head_json":{"title":"7 fa\u00e7ons de d\u00e9couvrir la Suisse depuis son salon!\u00a0 - Intercultural Programs","robots":{"index":"index","follow":"follow","max-snippet":"max-snippet:-1","max-image-preview":"max-image-preview:large","max-video-preview":"max-video-preview:-1"},"canonical":"https:\/\/www.afs.ch\/fr\/afs-blog-fr\/7-facons-de-decouvrir-la-suisse-depuis-son-salon\/","og_locale":"fr_FR","og_type":"article","og_title":"7 fa\u00e7ons de d\u00e9couvrir la Suisse depuis son salon!\u00a0 - Intercultural Programs","og_description":"La pand\u00e9mie ne fait malheureusement pas de pause pendant les programmes d\u2019\u00e9changes. Durant ton ann\u00e9e en Suisse, la probabilit\u00e9 que&hellip;","og_url":"https:\/\/www.afs.ch\/fr\/afs-blog-fr\/7-facons-de-decouvrir-la-suisse-depuis-son-salon\/","og_site_name":"Intercultural Programs","article_publisher":"https:\/\/www.facebook.com\/afsswitzerland\/","article_published_time":"2021-05-21T07:05:32+00:00","article_modified_time":"2024-04-22T11:01:08+00:00","og_image":[{"url":"https:\/\/www.afs.ch\/wp-content\/uploads\/sites\/71\/2021\/05\/angela-pham-vo7GGTh6sXM-unsplash-650x433.jpg","type":"","width":"","height":""}],"author":"colinegauthier","twitter_card":"summary_large_image","twitter_creator":"@afs_ch","twitter_site":"@afs_ch","twitter_misc":{"Written by":"colinegauthier","Est. reading time":"4 minutes"},"schema":{"@context":"https:\/\/schema.org","@graph":[{"@type":"WebPage","@id":"https:\/\/www.afs.ch\/fr\/afs-blog-fr\/7-facons-de-decouvrir-la-suisse-depuis-son-salon\/","url":"https:\/\/www.afs.ch\/fr\/afs-blog-fr\/7-facons-de-decouvrir-la-suisse-depuis-son-salon\/","name":"7 fa\u00e7ons de d\u00e9couvrir la Suisse depuis son salon!\u00a0 - Intercultural Programs","isPartOf":{"@id":"https:\/\/www.afs.ch\/fr\/#website"},"primaryImageOfPage":{"@id":"https:\/\/www.afs.ch\/fr\/afs-blog-fr\/7-facons-de-decouvrir-la-suisse-depuis-son-salon\/#primaryimage"},"image":{"@id":"https:\/\/www.afs.ch\/fr\/afs-blog-fr\/7-facons-de-decouvrir-la-suisse-depuis-son-salon\/#primaryimage"},"thumbnailUrl":"https:\/\/www.afs.ch\/wp-content\/uploads\/sites\/71\/2021\/05\/angela-pham-vo7GGTh6sXM-unsplash-650x433.jpg","datePublished":"2021-05-21T07:05:32+00:00","dateModified":"2024-04-22T11:01:08+00:00","author":{"@id":"https:\/\/www.afs.ch\/fr\/#\/schema\/person\/dd2d6ca9d7337969319099ed8406bbdf"},"breadcrumb":{"@id":"https:\/\/www.afs.ch\/fr\/afs-blog-fr\/7-facons-de-decouvrir-la-suisse-depuis-son-salon\/#breadcrumb"},"inLanguage":"fr-FR","potentialAction":[{"@type":"ReadAction","target":["https:\/\/www.afs.ch\/fr\/afs-blog-fr\/7-facons-de-decouvrir-la-suisse-depuis-son-salon\/"]}]},{"@type":"ImageObject","inLanguage":"fr-FR","@id":"https:\/\/www.afs.ch\/fr\/afs-blog-fr\/7-facons-de-decouvrir-la-suisse-depuis-son-salon\/#primaryimage","url":"https:\/\/www.afs.ch\/wp-content\/uploads\/sites\/71\/2021\/05\/angela-pham-vo7GGTh6sXM-unsplash-650x433.jpg","contentUrl":"https:\/\/www.afs.ch\/wp-content\/uploads\/sites\/71\/2021\/05\/angela-pham-vo7GGTh6sXM-unsplash-650x433.jpg"},{"@type":"BreadcrumbList","@id":"https:\/\/www.afs.ch\/fr\/afs-blog-fr\/7-facons-de-decouvrir-la-suisse-depuis-son-salon\/#breadcrumb","itemListElement":[{"@type":"ListItem","position":1,"name":"Home","item":"https:\/\/switzerland.afssite.afs.org\/fr\/"},{"@type":"ListItem","position":2,"name":"7 fa\u00e7ons de d\u00e9couvrir la Suisse depuis son salon!\u00a0"}]},{"@type":"WebSite","@id":"https:\/\/www.afs.ch\/fr\/#website","url":"https:\/\/www.afs.ch\/fr\/","name":"Interkulturelle Programme","description":"Switzerland","potentialAction":[{"@type":"SearchAction","target":{"@type":"EntryPoint","urlTemplate":"https:\/\/www.afs.ch\/fr\/?s={search_term_string}"},"query-input":{"@type":"PropertyValueSpecification","valueRequired":true,"valueName":"search_term_string"}}],"inLanguage":"fr-FR"},{"@type":"Person","@id":"https:\/\/www.afs.ch\/fr\/#\/schema\/person\/dd2d6ca9d7337969319099ed8406bbdf","name":"colinegauthier","image":{"@type":"ImageObject","inLanguage":"fr-FR","@id":"https:\/\/www.afs.ch\/fr\/#\/schema\/person\/image\/","url":"https:\/\/secure.gravatar.com\/avatar\/5b453edb97495806efcfd9fdc82d4869fefb3567a4b3969b0c4591a3f1c64830?s=96&d=mm&r=g","contentUrl":"https:\/\/secure.gravatar.com\/avatar\/5b453edb97495806efcfd9fdc82d4869fefb3567a4b3969b0c4591a3f1c64830?s=96&d=mm&r=g","caption":"colinegauthier"},"url":"https:\/\/www.afs.ch\/fr\/author\/colinegauthier\/"}]}},"_links":{"self":[{"href":"https:\/\/www.afs.ch\/fr\/wp-json\/wp\/v2\/posts\/47724","targetHints":{"allow":["GET"]}}],"collection":[{"href":"https:\/\/www.afs.ch\/fr\/wp-json\/wp\/v2\/posts"}],"about":[{"href":"https:\/\/www.afs.ch\/fr\/wp-json\/wp\/v2\/types\/post"}],"author":[{"embeddable":true,"href":"https:\/\/www.afs.ch\/fr\/wp-json\/wp\/v2\/users\/967"}],"replies":[{"embeddable":true,"href":"https:\/\/www.afs.ch\/fr\/wp-json\/wp\/v2\/comments?post=47724"}],"version-history":[{"count":8,"href":"https:\/\/www.afs.ch\/fr\/wp-json\/wp\/v2\/posts\/47724\/revisions"}],"predecessor-version":[{"id":56564,"href":"https:\/\/www.afs.ch\/fr\/wp-json\/wp\/v2\/posts\/47724\/revisions\/56564"}],"wp:attachment":[{"href":"https:\/\/www.afs.ch\/fr\/wp-json\/wp\/v2\/media?parent=47724"}],"wp:term":[{"taxonomy":"category","embeddable":true,"href":"https:\/\/www.afs.ch\/fr\/wp-json\/wp\/v2\/categories?post=47724"},{"taxonomy":"post_tag","embeddable":true,"href":"https:\/\/www.afs.ch\/fr\/wp-json\/wp\/v2\/tags?post=47724"}],"curies":[{"name":"wp","href":"https:\/\/api.w.org\/{rel}","templated":true}]}}