{"id":49465,"date":"2021-11-24T10:28:47","date_gmt":"2021-11-24T09:28:47","guid":{"rendered":"https:\/\/www.afs.ch\/?p=49465"},"modified":"2021-11-24T10:38:56","modified_gmt":"2021-11-24T09:38:56","slug":"49465","status":"publish","type":"post","link":"https:\/\/www.afs.ch\/fr\/afs-blog-fr\/49465\/","title":{"rendered":"6 conseils pour att\u00e9nuer le mal du pays durant ton programme d&rsquo;\u00e9change"},"content":{"rendered":"<p>Le mal du pays est ressenti comme un m\u00e9lange de solitude, de nostalgie et de tristesse.<\/p>\n<p>Les \u00e9tudiants AFS sont parfois susceptibles de le ressentir lorsqu&rsquo;ils sont loin de chez eux et quand leurs rep\u00e8res ne sont plus les m\u00eames. Le mal du pays n&rsquo;est pas un sentiment agr\u00e9able, mais il fait partie int\u00e9grante de toute exp\u00e9rience\u00a0\u00e0 l\u2019\u00e9tranger d&rsquo;une certaine dur\u00e9e.<\/p>\n<p>Voici six conseils pour faire face au mal du pays lors de ton programme d\u2019\u00e9change:<\/p>\n<h3><strong>1.\u00a0 Parle \u00e0 tes proches<\/strong><\/h3>\n<p>M\u00eame si tu ne peux pas avoir de contacts physiques avec tes proches pour le moment, il est toujours possible de communiquer. Tu peux leur t\u00e9l\u00e9phoner, \u00e9crire et m\u00eame vous voir gr\u00e2ce aux appels vid\u00e9o. Toutefois, essaie de ne pas accro\u00eetre ton mal du pays en appelant trop souvent chez toi. Tu dois t&rsquo;habituer \u00e0 ton nouvel environnement. Si tu multiplies les contacts avec tes proches tu auras plus de peine \u00e0 t&rsquo;adapter. Pourquoi ne pas tenir un blog ou un journal intime ? Essaie, cela en vaut la peine et tu en garderas un souvenir imp\u00e9rissable toute ta vie.<\/p>\n<h3><strong>2.\u00a0 Reste toujours occup\u00e9, c\u2019est la meilleure des th\u00e9rapies<\/strong><\/h3>\n<p>Si tu es souvent seul ou si tu t&rsquo;ennuies, le sentiment de solitude peut devenir de plus en plus fort. Demande \u00e0 tes nouvelles connaissances si elles aimeraient faire une activit\u00e9 avec toi apr\u00e8s l&rsquo;\u00e9cole. Tu peux \u00e9galement explorer le quartier ou passer du temps avec ta famille d&rsquo;accueil. Plus tu en fais, moins ce sentiment de mal du pays prendra le dessus.<\/p>\n<p>Il est pr\u00e9f\u00e9rable de cr\u00e9er une routine que tu suivras r\u00e9guli\u00e8rement. Pr\u00e9voie des activit\u00e9s qui te plaisent; par exemple, tu peux aller courir tous les jeudis ou te rendre dans un endroit agr\u00e9able ou un joli caf\u00e9 pour lire un livre le dimanche. Un programme d\u2019\u00e9change est aussi une occasion de d\u00e9buter un nouveau passe-temps ou un nouveau sport. Si tu rejoins un club ou une association, tu te feras plus facilement de nouveaux amis.<\/p>\n<h3><strong>3.\u00a0 Cuisine un plat de ton pays d&rsquo;origine<\/strong><\/h3>\n<p>La nourriture que tu avais l&rsquo;habitude de manger \u00e0 la maison te manque? Montre \u00e0 ta famille d&rsquo;accueil ou \u00e0 tes nouveaux amis comment pr\u00e9parer un plat typique et organise un bon d\u00eener. Partager tes traditions avec tes nouvelles connaissances te donnera l\u2019impression d\u2019\u00eatre \u00e0 la maison et t&rsquo;aidera \u00e0 surmonter plus facilement le mal du pays. Tes invit\u00e9s se souviendront forc\u00e9ment de ta cuisine car tu auras fait voyager leurs papilles gustatives. Les saveurs retrouv\u00e9es seront r\u00e9confortantes m\u00eame si les ingr\u00e9dients sont locaux et que tu as d\u00fb adapter la recette.<figure class=\"wp-image-wrap\"><img loading=\"lazy\" decoding=\"async\" class=\"alignnone size-medium wp-image-49467\" src=\"https:\/\/d22dvihj4pfop3.cloudfront.net\/wp-content\/uploads\/sites\/71\/2021\/11\/24102453\/IMG_1683-650x366.jpg\" alt=\"\" width=\"650\" height=\"366\" \/><\/figure><\/p>\n<h3><strong>4.\u00a0 Reste ouvert \u00e0 la nouveaut\u00e9<\/strong><\/h3>\n<p>Chez toi, tu te sens \u00e0 l&rsquo;aise et tu es dans ta zone de confort. Dans d&rsquo;autres endroits, tu dois rester ouvert d\u2019esprit et curieux de nouvelles d\u00e9couvertes. Il faut un peu de courage pour s&rsquo;\u00e9panouir dans un nouvel environnement. Beaucoup de gens ressentent ce m\u00eame sentiment. Dans quelques temps, tu seras fier de toi. Cette nouvelle culture te sera famili\u00e8re et les nouvelles exp\u00e9riences nombreuses.<\/p>\n<h3><strong>5. N\u2019aie pas honte de ressentir le mal du pays <\/strong><\/h3>\n<p>Ce sentiment est tout \u00e0 fait normal. De nombreux \u00e9tudiants AFS, y compris ceux qui viennent en Suisse, passent par ces moments. Apr\u00e8s tout, cela montre simplement que tu as un endroit auquel tu es attach\u00e9 et que des personnes te manquent. Parles-en \u00e0 ta famille d&rsquo;accueil, elle est l\u00e0 pour toi! Tu dois accepter que ce sentiment sera pr\u00e9sent durant ton programme d&rsquo;\u00e9change &#8211; il te sera alors beaucoup plus facile de l&rsquo;accueillir.<\/p>\n<h3><strong>6. Profite de chaque instant<\/strong><\/h3>\n<p>Surmonter le mal du pays en vaut la peine! Une p\u00e9riode exceptionnelle et unique t&rsquo;attend dans un nouveau pays, avec une nouvelle culture et une nouvelle langue. Saisis l&rsquo;occasion de cr\u00e9er des souvenirs dont tu te souviendras toute ta vie. Valorise ton programme d&rsquo;\u00e9change et profite du bon temps, tu en sortiras grandi!<\/p>\n<p><figure class=\"wp-image-wrap\"><img loading=\"lazy\" decoding=\"async\" class=\"alignnone size-medium wp-image-49466\" src=\"https:\/\/d22dvihj4pfop3.cloudfront.net\/wp-content\/uploads\/sites\/71\/2021\/11\/24102436\/IMG_1682-650x366.jpg\" alt=\"\" width=\"650\" height=\"366\" \/><\/figure><\/p>\n<p>&nbsp;<\/p>\n","protected":false},"excerpt":{"rendered":"<p>Le mal du pays est ressenti comme un m\u00e9lange de solitude, de nostalgie et de tristesse. Les \u00e9tudiants AFS sont&hellip;<\/p>\n","protected":false},"author":1045,"featured_media":0,"comment_status":"open","ping_status":"open","sticky":false,"template":"","format":"standard","meta":{"footnotes":""},"categories":[743],"tags":[],"class_list":["post-49465","post","type-post","status-publish","format-standard","hentry","category-afs-blog-fr"],"yoast_head":"<!-- This site is optimized with the Yoast SEO plugin v26.6 - https:\/\/yoast.com\/wordpress\/plugins\/seo\/ -->\n<title>6 conseils pour att\u00e9nuer le mal du pays durant ton programme d&#039;\u00e9change - Intercultural Programs<\/title>\n<meta name=\"robots\" content=\"index, follow, max-snippet:-1, max-image-preview:large, max-video-preview:-1\" \/>\n<link rel=\"canonical\" href=\"https:\/\/www.afs.ch\/fr\/afs-blog-fr\/49465\/\" \/>\n<meta property=\"og:locale\" content=\"fr_FR\" \/>\n<meta property=\"og:type\" content=\"article\" \/>\n<meta property=\"og:title\" content=\"6 conseils pour att\u00e9nuer le mal du pays durant ton programme d&#039;\u00e9change - Intercultural Programs\" \/>\n<meta property=\"og:description\" content=\"Le mal du pays est ressenti comme un m\u00e9lange de solitude, de nostalgie et de tristesse. Les \u00e9tudiants AFS sont&hellip;\" \/>\n<meta property=\"og:url\" content=\"https:\/\/www.afs.ch\/fr\/afs-blog-fr\/49465\/\" \/>\n<meta property=\"og:site_name\" content=\"Intercultural Programs\" \/>\n<meta property=\"article:publisher\" content=\"https:\/\/www.facebook.com\/afsswitzerland\/\" \/>\n<meta property=\"article:published_time\" content=\"2021-11-24T09:28:47+00:00\" \/>\n<meta property=\"article:modified_time\" content=\"2021-11-24T09:38:56+00:00\" \/>\n<meta property=\"og:image\" content=\"https:\/\/www.afs.ch\/wp-content\/uploads\/sites\/71\/2021\/11\/IMG_1683-650x366.jpg\" \/>\n<meta name=\"author\" content=\"clarastuby\" \/>\n<meta name=\"twitter:card\" content=\"summary_large_image\" \/>\n<meta name=\"twitter:creator\" content=\"@afs_ch\" \/>\n<meta name=\"twitter:site\" content=\"@afs_ch\" \/>\n<meta name=\"twitter:label1\" content=\"Written by\" \/>\n\t<meta name=\"twitter:data1\" content=\"clarastuby\" \/>\n\t<meta name=\"twitter:label2\" content=\"Est. reading time\" \/>\n\t<meta name=\"twitter:data2\" content=\"3 minutes\" \/>\n<script type=\"application\/ld+json\" class=\"yoast-schema-graph\">{\"@context\":\"https:\/\/schema.org\",\"@graph\":[{\"@type\":\"WebPage\",\"@id\":\"https:\/\/www.afs.ch\/fr\/afs-blog-fr\/49465\/\",\"url\":\"https:\/\/www.afs.ch\/fr\/afs-blog-fr\/49465\/\",\"name\":\"6 conseils pour att\u00e9nuer le mal du pays durant ton programme d'\u00e9change - Intercultural Programs\",\"isPartOf\":{\"@id\":\"https:\/\/www.afs.ch\/fr\/#website\"},\"primaryImageOfPage\":{\"@id\":\"https:\/\/www.afs.ch\/fr\/afs-blog-fr\/49465\/#primaryimage\"},\"image\":{\"@id\":\"https:\/\/www.afs.ch\/fr\/afs-blog-fr\/49465\/#primaryimage\"},\"thumbnailUrl\":\"https:\/\/www.afs.ch\/wp-content\/uploads\/sites\/71\/2021\/11\/IMG_1683-650x366.jpg\",\"datePublished\":\"2021-11-24T09:28:47+00:00\",\"dateModified\":\"2021-11-24T09:38:56+00:00\",\"author\":{\"@id\":\"https:\/\/www.afs.ch\/fr\/#\/schema\/person\/3c83488c6e2b7b8272b72f1d55c0b8b9\"},\"breadcrumb\":{\"@id\":\"https:\/\/www.afs.ch\/fr\/afs-blog-fr\/49465\/#breadcrumb\"},\"inLanguage\":\"fr-FR\",\"potentialAction\":[{\"@type\":\"ReadAction\",\"target\":[\"https:\/\/www.afs.ch\/fr\/afs-blog-fr\/49465\/\"]}]},{\"@type\":\"ImageObject\",\"inLanguage\":\"fr-FR\",\"@id\":\"https:\/\/www.afs.ch\/fr\/afs-blog-fr\/49465\/#primaryimage\",\"url\":\"https:\/\/www.afs.ch\/wp-content\/uploads\/sites\/71\/2021\/11\/IMG_1683-650x366.jpg\",\"contentUrl\":\"https:\/\/www.afs.ch\/wp-content\/uploads\/sites\/71\/2021\/11\/IMG_1683-650x366.jpg\"},{\"@type\":\"BreadcrumbList\",\"@id\":\"https:\/\/www.afs.ch\/fr\/afs-blog-fr\/49465\/#breadcrumb\",\"itemListElement\":[{\"@type\":\"ListItem\",\"position\":1,\"name\":\"Home\",\"item\":\"https:\/\/switzerland.afssite.afs.org\/fr\/\"},{\"@type\":\"ListItem\",\"position\":2,\"name\":\"6 conseils pour att\u00e9nuer le mal du pays durant ton programme d&rsquo;\u00e9change\"}]},{\"@type\":\"WebSite\",\"@id\":\"https:\/\/www.afs.ch\/fr\/#website\",\"url\":\"https:\/\/www.afs.ch\/fr\/\",\"name\":\"Interkulturelle Programme\",\"description\":\"Switzerland\",\"potentialAction\":[{\"@type\":\"SearchAction\",\"target\":{\"@type\":\"EntryPoint\",\"urlTemplate\":\"https:\/\/www.afs.ch\/fr\/?s={search_term_string}\"},\"query-input\":{\"@type\":\"PropertyValueSpecification\",\"valueRequired\":true,\"valueName\":\"search_term_string\"}}],\"inLanguage\":\"fr-FR\"},{\"@type\":\"Person\",\"@id\":\"https:\/\/www.afs.ch\/fr\/#\/schema\/person\/3c83488c6e2b7b8272b72f1d55c0b8b9\",\"name\":\"clarastuby\",\"image\":{\"@type\":\"ImageObject\",\"inLanguage\":\"fr-FR\",\"@id\":\"https:\/\/www.afs.ch\/fr\/#\/schema\/person\/image\/\",\"url\":\"https:\/\/secure.gravatar.com\/avatar\/5f69600f03c3384f2cf82e3da7971606a3705c6ddbd3a6e13a7a9c90df035aef?s=96&d=mm&r=g\",\"contentUrl\":\"https:\/\/secure.gravatar.com\/avatar\/5f69600f03c3384f2cf82e3da7971606a3705c6ddbd3a6e13a7a9c90df035aef?s=96&d=mm&r=g\",\"caption\":\"clarastuby\"},\"url\":\"https:\/\/www.afs.ch\/fr\/author\/clarastuby\/\"}]}<\/script>\n<!-- \/ Yoast SEO plugin. -->","yoast_head_json":{"title":"6 conseils pour att\u00e9nuer le mal du pays durant ton programme d'\u00e9change - Intercultural Programs","robots":{"index":"index","follow":"follow","max-snippet":"max-snippet:-1","max-image-preview":"max-image-preview:large","max-video-preview":"max-video-preview:-1"},"canonical":"https:\/\/www.afs.ch\/fr\/afs-blog-fr\/49465\/","og_locale":"fr_FR","og_type":"article","og_title":"6 conseils pour att\u00e9nuer le mal du pays durant ton programme d'\u00e9change - Intercultural Programs","og_description":"Le mal du pays est ressenti comme un m\u00e9lange de solitude, de nostalgie et de tristesse. Les \u00e9tudiants AFS sont&hellip;","og_url":"https:\/\/www.afs.ch\/fr\/afs-blog-fr\/49465\/","og_site_name":"Intercultural Programs","article_publisher":"https:\/\/www.facebook.com\/afsswitzerland\/","article_published_time":"2021-11-24T09:28:47+00:00","article_modified_time":"2021-11-24T09:38:56+00:00","og_image":[{"url":"https:\/\/www.afs.ch\/wp-content\/uploads\/sites\/71\/2021\/11\/IMG_1683-650x366.jpg","type":"","width":"","height":""}],"author":"clarastuby","twitter_card":"summary_large_image","twitter_creator":"@afs_ch","twitter_site":"@afs_ch","twitter_misc":{"Written by":"clarastuby","Est. reading time":"3 minutes"},"schema":{"@context":"https:\/\/schema.org","@graph":[{"@type":"WebPage","@id":"https:\/\/www.afs.ch\/fr\/afs-blog-fr\/49465\/","url":"https:\/\/www.afs.ch\/fr\/afs-blog-fr\/49465\/","name":"6 conseils pour att\u00e9nuer le mal du pays durant ton programme d'\u00e9change - Intercultural Programs","isPartOf":{"@id":"https:\/\/www.afs.ch\/fr\/#website"},"primaryImageOfPage":{"@id":"https:\/\/www.afs.ch\/fr\/afs-blog-fr\/49465\/#primaryimage"},"image":{"@id":"https:\/\/www.afs.ch\/fr\/afs-blog-fr\/49465\/#primaryimage"},"thumbnailUrl":"https:\/\/www.afs.ch\/wp-content\/uploads\/sites\/71\/2021\/11\/IMG_1683-650x366.jpg","datePublished":"2021-11-24T09:28:47+00:00","dateModified":"2021-11-24T09:38:56+00:00","author":{"@id":"https:\/\/www.afs.ch\/fr\/#\/schema\/person\/3c83488c6e2b7b8272b72f1d55c0b8b9"},"breadcrumb":{"@id":"https:\/\/www.afs.ch\/fr\/afs-blog-fr\/49465\/#breadcrumb"},"inLanguage":"fr-FR","potentialAction":[{"@type":"ReadAction","target":["https:\/\/www.afs.ch\/fr\/afs-blog-fr\/49465\/"]}]},{"@type":"ImageObject","inLanguage":"fr-FR","@id":"https:\/\/www.afs.ch\/fr\/afs-blog-fr\/49465\/#primaryimage","url":"https:\/\/www.afs.ch\/wp-content\/uploads\/sites\/71\/2021\/11\/IMG_1683-650x366.jpg","contentUrl":"https:\/\/www.afs.ch\/wp-content\/uploads\/sites\/71\/2021\/11\/IMG_1683-650x366.jpg"},{"@type":"BreadcrumbList","@id":"https:\/\/www.afs.ch\/fr\/afs-blog-fr\/49465\/#breadcrumb","itemListElement":[{"@type":"ListItem","position":1,"name":"Home","item":"https:\/\/switzerland.afssite.afs.org\/fr\/"},{"@type":"ListItem","position":2,"name":"6 conseils pour att\u00e9nuer le mal du pays durant ton programme d&rsquo;\u00e9change"}]},{"@type":"WebSite","@id":"https:\/\/www.afs.ch\/fr\/#website","url":"https:\/\/www.afs.ch\/fr\/","name":"Interkulturelle Programme","description":"Switzerland","potentialAction":[{"@type":"SearchAction","target":{"@type":"EntryPoint","urlTemplate":"https:\/\/www.afs.ch\/fr\/?s={search_term_string}"},"query-input":{"@type":"PropertyValueSpecification","valueRequired":true,"valueName":"search_term_string"}}],"inLanguage":"fr-FR"},{"@type":"Person","@id":"https:\/\/www.afs.ch\/fr\/#\/schema\/person\/3c83488c6e2b7b8272b72f1d55c0b8b9","name":"clarastuby","image":{"@type":"ImageObject","inLanguage":"fr-FR","@id":"https:\/\/www.afs.ch\/fr\/#\/schema\/person\/image\/","url":"https:\/\/secure.gravatar.com\/avatar\/5f69600f03c3384f2cf82e3da7971606a3705c6ddbd3a6e13a7a9c90df035aef?s=96&d=mm&r=g","contentUrl":"https:\/\/secure.gravatar.com\/avatar\/5f69600f03c3384f2cf82e3da7971606a3705c6ddbd3a6e13a7a9c90df035aef?s=96&d=mm&r=g","caption":"clarastuby"},"url":"https:\/\/www.afs.ch\/fr\/author\/clarastuby\/"}]}},"_links":{"self":[{"href":"https:\/\/www.afs.ch\/fr\/wp-json\/wp\/v2\/posts\/49465","targetHints":{"allow":["GET"]}}],"collection":[{"href":"https:\/\/www.afs.ch\/fr\/wp-json\/wp\/v2\/posts"}],"about":[{"href":"https:\/\/www.afs.ch\/fr\/wp-json\/wp\/v2\/types\/post"}],"author":[{"embeddable":true,"href":"https:\/\/www.afs.ch\/fr\/wp-json\/wp\/v2\/users\/1045"}],"replies":[{"embeddable":true,"href":"https:\/\/www.afs.ch\/fr\/wp-json\/wp\/v2\/comments?post=49465"}],"version-history":[{"count":11,"href":"https:\/\/www.afs.ch\/fr\/wp-json\/wp\/v2\/posts\/49465\/revisions"}],"predecessor-version":[{"id":49479,"href":"https:\/\/www.afs.ch\/fr\/wp-json\/wp\/v2\/posts\/49465\/revisions\/49479"}],"wp:attachment":[{"href":"https:\/\/www.afs.ch\/fr\/wp-json\/wp\/v2\/media?parent=49465"}],"wp:term":[{"taxonomy":"category","embeddable":true,"href":"https:\/\/www.afs.ch\/fr\/wp-json\/wp\/v2\/categories?post=49465"},{"taxonomy":"post_tag","embeddable":true,"href":"https:\/\/www.afs.ch\/fr\/wp-json\/wp\/v2\/tags?post=49465"}],"curies":[{"name":"wp","href":"https:\/\/api.w.org\/{rel}","templated":true}]}}