{"id":50618,"date":"2022-04-28T13:53:09","date_gmt":"2022-04-28T12:53:09","guid":{"rendered":"https:\/\/www.afs.ch\/?p=50618"},"modified":"2022-04-28T13:55:13","modified_gmt":"2022-04-28T12:55:13","slug":"les-beaux-endroits-de-suisse-au-printemps","status":"publish","type":"post","link":"https:\/\/www.afs.ch\/fr\/afs-blog-fr\/les-beaux-endroits-de-suisse-au-printemps\/","title":{"rendered":"Les beaux endroits de Suisse au printemps"},"content":{"rendered":"<p><span style=\"font-weight: 400;\">Une promenade au milieu d&rsquo;une mer de fleurs, une visite d&rsquo;un grand canyon helv\u00e9tique ou tout simplement une journ\u00e9e dans une ville suisse connue? Nous avons rassembl\u00e9 pour toi, les plus beaux endroits de Suisse \u00e0 ne pas manquer au printemps ! Voici quelques propositions pour ta prochaine excursion printani\u00e8re:<\/span><\/p>\n<h3><b>1. F\u00eate des tulipes \u00e0 Morges<\/b><\/h3>\n<p><span style=\"font-weight: 400;\">Chaque ann\u00e9e l\u2019association <\/span><i><span style=\"font-weight: 400;\">Morges Fleur du L\u00e9man<\/span><\/i><span style=\"font-weight: 400;\"> organise la F\u00eate des Tulipes et des Dahlias. Les oasis, fontaines et pots fleuris de la vieille ville, du parc Seigneux et de la promenade du lac valent d\u00e9finitivement le d\u00e9tour. En plus des nombreuses fleurs color\u00e9es, tu trouveras de quoi te divertir puisqu\u2019il y a des activit\u00e9s pour tous les go\u00fbts!<\/span><\/p>\n<p><figure class=\"wp-image-wrap\"><img loading=\"lazy\" decoding=\"async\" class=\"alignnone size-medium wp-image-50620\" src=\"https:\/\/d22dvihj4pfop3.cloudfront.net\/wp-content\/uploads\/sites\/71\/2022\/04\/28134925\/Tulpen-1-650x433.jpg\" alt=\"\" width=\"650\" height=\"433\" \/><\/figure><\/p>\n<h3>2. <b>Creux-Du-Van<\/b><\/h3>\n<p><span style=\"font-weight: 400;\">Si tu souhaites profiter d\u2019une vue imprenable, le Grand Canyon de Suisse, \u00e0 la fronti\u00e8re entre les cantons de Neuch\u00e2tel et de Vaud, est la destination id\u00e9ale. Il est accessible \u00e0 pied et en voiture. La meilleure fa\u00e7on d\u2019explorer la r\u00e9gion est de faire une randonn\u00e9e. D\u2019autres activit\u00e9s sont \u00e9galement \u00e0 ta disposition dans la r\u00e9gion et au pied du Creux du Van, o\u00f9 se trouve le village de Couvert. Le Creux du Van est prot\u00e9g\u00e9 depuis 1972. Si tu pr\u00e9vois d\u2019y aller, renseigne-toi d\u2019abord sur les activit\u00e9s qui ne sont pas autoris\u00e9es.<\/span><\/p>\n<p><figure class=\"wp-image-wrap\"><img loading=\"lazy\" decoding=\"async\" class=\"alignnone size-medium wp-image-50621\" src=\"https:\/\/d22dvihj4pfop3.cloudfront.net\/wp-content\/uploads\/sites\/71\/2022\/04\/28134955\/Creux-du-Van-1-650x433.jpg\" alt=\"\" width=\"650\" height=\"433\" \/><\/figure><\/p>\n<h3>3. <b>Villes suisses au printemps<\/b><\/h3>\n<p><span style=\"font-weight: 400;\">Qui pr\u00e9f\u00e8re d\u00e9couvrir la culture suisse en direct, nous te recommandons un voyage en ville. Au printemps, les villes de Lucerne, Zurich, Lugano et Lausanne sont particuli\u00e8rement populaires.<\/span><\/p>\n<p><span style=\"font-weight: 400;\">Tu veux explorer Lucerne par toi-m\u00eame? Pas de probl\u00e8me, avec l\u2019application Official Audio Tour Lucerne, tu as la possibilit\u00e9 de d\u00e9couvrir tous les sites de Lucerne \u00e0 ton propre rythme. Selon ta pr\u00e9f\u00e9rence, tu peux soit emprunter un itin\u00e9raire existant ou en choisir un par toi-m\u00eame.<\/span><\/p>\n<p><figure class=\"wp-image-wrap\"><img loading=\"lazy\" decoding=\"async\" class=\"alignnone size-medium wp-image-50622\" src=\"https:\/\/d22dvihj4pfop3.cloudfront.net\/wp-content\/uploads\/sites\/71\/2022\/04\/28135010\/Luzern-1-650x433.jpg\" alt=\"\" width=\"650\" height=\"433\" \/><\/figure><\/p>\n<p><span style=\"font-weight: 400;\">Entour\u00e9 par le lac et les montagnes, Lugano a beaucoup \u00e0 offrir au printemps. Pour explorer la ville et la r\u00e9gion environnante, le meilleur moyen de le faire est en v\u00e9lo. Si tu pr\u00e9f\u00e8res passer un s\u00e9jour d\u00e9tente \u00e0 Lugano, nous te conseillons de faire un pique-nique au Parco Ciani, situ\u00e9 au bord du lac et \u00e0 proximit\u00e9 du centre-ville.<\/span><\/p>\n<p><figure class=\"wp-image-wrap\"><img loading=\"lazy\" decoding=\"async\" class=\"alignnone size-medium wp-image-50623\" src=\"https:\/\/d22dvihj4pfop3.cloudfront.net\/wp-content\/uploads\/sites\/71\/2022\/04\/28135028\/Lugano-1-650x433.jpg\" alt=\"\" width=\"650\" height=\"433\" \/><\/figure><\/p>\n<p><span style=\"font-weight: 400;\">Zurich est une destination populaire par tous les temps, alors de nombreuses activit\u00e9s sont \u00e0 ta disposition. Par exemple, par un temps ensoleill\u00e9, tu peux faire une croisi\u00e8re sur le lac de Zurich, visiter le march\u00e9 ou marcher dans la ville et admirer les nombreuses fleurs de cerisiers qui font la renomm\u00e9e de Zurich au printemps. Mais m\u00eame par temps de pluie, tu as la possibilit\u00e9 de visiter l\u2019une des multiples expositions. Ce que vous ne devriez certainement pas manquer est le festival des six sons, qui a lieu chaque ann\u00e9e au d\u00e9but du printemps.<\/span><\/p>\n<p><figure class=\"wp-image-wrap\"><img loading=\"lazy\" decoding=\"async\" class=\"alignnone size-medium wp-image-50624\" src=\"https:\/\/d22dvihj4pfop3.cloudfront.net\/wp-content\/uploads\/sites\/71\/2022\/04\/28135047\/Zu%CC%88rich-1-650x433.jpg\" alt=\"\" width=\"650\" height=\"433\" \/><\/figure><\/p>\n<p><span style=\"font-weight: 400;\">Comme les villes d\u00e9j\u00e0 mentionn\u00e9es, Lausanne a beaucoup \u00e0 offrir. D\u00e9couverts \u00e0 v\u00e9lo, concerts de P\u00e2ques ou promenades le long du lac de Gen\u00e8ve. L\u2019une des activit\u00e9s les plus populaires est la promenade panoramique, o\u00f9 tu te prom\u00e8nes dans la ville et visite quelques-uns des plus beaux points de vue de la ville.<\/span><\/p>\n<p><figure class=\"wp-image-wrap\"><img loading=\"lazy\" decoding=\"async\" class=\"alignnone size-medium wp-image-50625\" src=\"https:\/\/d22dvihj4pfop3.cloudfront.net\/wp-content\/uploads\/sites\/71\/2022\/04\/28135103\/Lausanne-1-650x434.jpg\" alt=\"\" width=\"650\" height=\"434\" \/><\/figure><\/p>\n<h3><b>4. Fleurs de cerisier dans le jardin des roses \u00e0 Bern<\/b><\/h3>\n<p><span style=\"font-weight: 400;\">Au printemps, les fleurs de cerisier sont en fleurs. Le jardin de la ville de Bern est un must, parce que de l\u00e0, vous avez une vue magnifique. Faire du picknick ou simplement jouir des premiers rayons solaires de printemps. Mais il y a beaucoup d&rsquo;autres endroits \u00e0 Bern, qui sont couverts par des fleurs de cerisier, que tu peux d\u00e9couvrir.<\/span><\/p>\n<p><figure class=\"wp-image-wrap\"><img loading=\"lazy\" decoding=\"async\" class=\"alignnone size-medium wp-image-50626\" src=\"https:\/\/d22dvihj4pfop3.cloudfront.net\/wp-content\/uploads\/sites\/71\/2022\/04\/28135118\/Bern-Rosengarten-Kirschblu%CC%88ten-1-650x433.jpg\" alt=\"\" width=\"650\" height=\"433\" \/><\/figure><\/p>\n","protected":false},"excerpt":{"rendered":"<p>Une promenade au milieu d&rsquo;une mer de fleurs, une visite d&rsquo;un grand canyon helv\u00e9tique ou tout simplement une journ\u00e9e dans&hellip;<\/p>\n","protected":false},"author":1060,"featured_media":0,"comment_status":"open","ping_status":"open","sticky":false,"template":"","format":"standard","meta":{"footnotes":""},"categories":[743],"tags":[],"class_list":["post-50618","post","type-post","status-publish","format-standard","hentry","category-afs-blog-fr"],"yoast_head":"<!-- This site is optimized with the Yoast SEO plugin v26.6 - https:\/\/yoast.com\/wordpress\/plugins\/seo\/ -->\n<title>Les beaux endroits de Suisse au printemps - Intercultural Programs<\/title>\n<meta name=\"robots\" content=\"index, follow, max-snippet:-1, max-image-preview:large, max-video-preview:-1\" \/>\n<link rel=\"canonical\" href=\"https:\/\/www.afs.ch\/fr\/afs-blog-fr\/les-beaux-endroits-de-suisse-au-printemps\/\" \/>\n<meta property=\"og:locale\" content=\"fr_FR\" \/>\n<meta property=\"og:type\" content=\"article\" \/>\n<meta property=\"og:title\" content=\"Les beaux endroits de Suisse au printemps - Intercultural Programs\" \/>\n<meta property=\"og:description\" content=\"Une promenade au milieu d&rsquo;une mer de fleurs, une visite d&rsquo;un grand canyon helv\u00e9tique ou tout simplement une journ\u00e9e dans&hellip;\" \/>\n<meta property=\"og:url\" content=\"https:\/\/www.afs.ch\/fr\/afs-blog-fr\/les-beaux-endroits-de-suisse-au-printemps\/\" \/>\n<meta property=\"og:site_name\" content=\"Intercultural Programs\" \/>\n<meta property=\"article:publisher\" content=\"https:\/\/www.facebook.com\/afsswitzerland\/\" \/>\n<meta property=\"article:published_time\" content=\"2022-04-28T12:53:09+00:00\" \/>\n<meta property=\"article:modified_time\" content=\"2022-04-28T12:55:13+00:00\" \/>\n<meta property=\"og:image\" content=\"https:\/\/www.afs.ch\/wp-content\/uploads\/sites\/71\/2022\/04\/Tulpen-1-650x433.jpg\" \/>\n<meta name=\"author\" content=\"sophiemueller\" \/>\n<meta name=\"twitter:card\" content=\"summary_large_image\" \/>\n<meta name=\"twitter:creator\" content=\"@afs_ch\" \/>\n<meta name=\"twitter:site\" content=\"@afs_ch\" \/>\n<meta name=\"twitter:label1\" content=\"Written by\" \/>\n\t<meta name=\"twitter:data1\" content=\"sophiemueller\" \/>\n\t<meta name=\"twitter:label2\" content=\"Est. reading time\" \/>\n\t<meta name=\"twitter:data2\" content=\"3 minutes\" \/>\n<script type=\"application\/ld+json\" class=\"yoast-schema-graph\">{\"@context\":\"https:\/\/schema.org\",\"@graph\":[{\"@type\":\"WebPage\",\"@id\":\"https:\/\/www.afs.ch\/fr\/afs-blog-fr\/les-beaux-endroits-de-suisse-au-printemps\/\",\"url\":\"https:\/\/www.afs.ch\/fr\/afs-blog-fr\/les-beaux-endroits-de-suisse-au-printemps\/\",\"name\":\"Les beaux endroits de Suisse au printemps - Intercultural Programs\",\"isPartOf\":{\"@id\":\"https:\/\/www.afs.ch\/fr\/#website\"},\"primaryImageOfPage\":{\"@id\":\"https:\/\/www.afs.ch\/fr\/afs-blog-fr\/les-beaux-endroits-de-suisse-au-printemps\/#primaryimage\"},\"image\":{\"@id\":\"https:\/\/www.afs.ch\/fr\/afs-blog-fr\/les-beaux-endroits-de-suisse-au-printemps\/#primaryimage\"},\"thumbnailUrl\":\"https:\/\/www.afs.ch\/wp-content\/uploads\/sites\/71\/2022\/04\/Tulpen-1-650x433.jpg\",\"datePublished\":\"2022-04-28T12:53:09+00:00\",\"dateModified\":\"2022-04-28T12:55:13+00:00\",\"author\":{\"@id\":\"https:\/\/www.afs.ch\/fr\/#\/schema\/person\/d5680d720fa2a3cbbf3200d33e6d19a5\"},\"breadcrumb\":{\"@id\":\"https:\/\/www.afs.ch\/fr\/afs-blog-fr\/les-beaux-endroits-de-suisse-au-printemps\/#breadcrumb\"},\"inLanguage\":\"fr-FR\",\"potentialAction\":[{\"@type\":\"ReadAction\",\"target\":[\"https:\/\/www.afs.ch\/fr\/afs-blog-fr\/les-beaux-endroits-de-suisse-au-printemps\/\"]}]},{\"@type\":\"ImageObject\",\"inLanguage\":\"fr-FR\",\"@id\":\"https:\/\/www.afs.ch\/fr\/afs-blog-fr\/les-beaux-endroits-de-suisse-au-printemps\/#primaryimage\",\"url\":\"https:\/\/www.afs.ch\/wp-content\/uploads\/sites\/71\/2022\/04\/Tulpen-1-650x433.jpg\",\"contentUrl\":\"https:\/\/www.afs.ch\/wp-content\/uploads\/sites\/71\/2022\/04\/Tulpen-1-650x433.jpg\"},{\"@type\":\"BreadcrumbList\",\"@id\":\"https:\/\/www.afs.ch\/fr\/afs-blog-fr\/les-beaux-endroits-de-suisse-au-printemps\/#breadcrumb\",\"itemListElement\":[{\"@type\":\"ListItem\",\"position\":1,\"name\":\"Home\",\"item\":\"https:\/\/switzerland.afssite.afs.org\/fr\/\"},{\"@type\":\"ListItem\",\"position\":2,\"name\":\"Les beaux endroits de Suisse au printemps\"}]},{\"@type\":\"WebSite\",\"@id\":\"https:\/\/www.afs.ch\/fr\/#website\",\"url\":\"https:\/\/www.afs.ch\/fr\/\",\"name\":\"Interkulturelle Programme\",\"description\":\"Switzerland\",\"potentialAction\":[{\"@type\":\"SearchAction\",\"target\":{\"@type\":\"EntryPoint\",\"urlTemplate\":\"https:\/\/www.afs.ch\/fr\/?s={search_term_string}\"},\"query-input\":{\"@type\":\"PropertyValueSpecification\",\"valueRequired\":true,\"valueName\":\"search_term_string\"}}],\"inLanguage\":\"fr-FR\"},{\"@type\":\"Person\",\"@id\":\"https:\/\/www.afs.ch\/fr\/#\/schema\/person\/d5680d720fa2a3cbbf3200d33e6d19a5\",\"name\":\"sophiemueller\",\"image\":{\"@type\":\"ImageObject\",\"inLanguage\":\"fr-FR\",\"@id\":\"https:\/\/www.afs.ch\/fr\/#\/schema\/person\/image\/\",\"url\":\"https:\/\/secure.gravatar.com\/avatar\/4c860627213c7c5add480b4c09753f87c2e53633831c569617387d8ca412fa89?s=96&d=mm&r=g\",\"contentUrl\":\"https:\/\/secure.gravatar.com\/avatar\/4c860627213c7c5add480b4c09753f87c2e53633831c569617387d8ca412fa89?s=96&d=mm&r=g\",\"caption\":\"sophiemueller\"},\"url\":\"https:\/\/www.afs.ch\/fr\/author\/sophiemueller\/\"}]}<\/script>\n<!-- \/ Yoast SEO plugin. -->","yoast_head_json":{"title":"Les beaux endroits de Suisse au printemps - Intercultural Programs","robots":{"index":"index","follow":"follow","max-snippet":"max-snippet:-1","max-image-preview":"max-image-preview:large","max-video-preview":"max-video-preview:-1"},"canonical":"https:\/\/www.afs.ch\/fr\/afs-blog-fr\/les-beaux-endroits-de-suisse-au-printemps\/","og_locale":"fr_FR","og_type":"article","og_title":"Les beaux endroits de Suisse au printemps - Intercultural Programs","og_description":"Une promenade au milieu d&rsquo;une mer de fleurs, une visite d&rsquo;un grand canyon helv\u00e9tique ou tout simplement une journ\u00e9e dans&hellip;","og_url":"https:\/\/www.afs.ch\/fr\/afs-blog-fr\/les-beaux-endroits-de-suisse-au-printemps\/","og_site_name":"Intercultural Programs","article_publisher":"https:\/\/www.facebook.com\/afsswitzerland\/","article_published_time":"2022-04-28T12:53:09+00:00","article_modified_time":"2022-04-28T12:55:13+00:00","og_image":[{"url":"https:\/\/www.afs.ch\/wp-content\/uploads\/sites\/71\/2022\/04\/Tulpen-1-650x433.jpg","type":"","width":"","height":""}],"author":"sophiemueller","twitter_card":"summary_large_image","twitter_creator":"@afs_ch","twitter_site":"@afs_ch","twitter_misc":{"Written by":"sophiemueller","Est. reading time":"3 minutes"},"schema":{"@context":"https:\/\/schema.org","@graph":[{"@type":"WebPage","@id":"https:\/\/www.afs.ch\/fr\/afs-blog-fr\/les-beaux-endroits-de-suisse-au-printemps\/","url":"https:\/\/www.afs.ch\/fr\/afs-blog-fr\/les-beaux-endroits-de-suisse-au-printemps\/","name":"Les beaux endroits de Suisse au printemps - Intercultural Programs","isPartOf":{"@id":"https:\/\/www.afs.ch\/fr\/#website"},"primaryImageOfPage":{"@id":"https:\/\/www.afs.ch\/fr\/afs-blog-fr\/les-beaux-endroits-de-suisse-au-printemps\/#primaryimage"},"image":{"@id":"https:\/\/www.afs.ch\/fr\/afs-blog-fr\/les-beaux-endroits-de-suisse-au-printemps\/#primaryimage"},"thumbnailUrl":"https:\/\/www.afs.ch\/wp-content\/uploads\/sites\/71\/2022\/04\/Tulpen-1-650x433.jpg","datePublished":"2022-04-28T12:53:09+00:00","dateModified":"2022-04-28T12:55:13+00:00","author":{"@id":"https:\/\/www.afs.ch\/fr\/#\/schema\/person\/d5680d720fa2a3cbbf3200d33e6d19a5"},"breadcrumb":{"@id":"https:\/\/www.afs.ch\/fr\/afs-blog-fr\/les-beaux-endroits-de-suisse-au-printemps\/#breadcrumb"},"inLanguage":"fr-FR","potentialAction":[{"@type":"ReadAction","target":["https:\/\/www.afs.ch\/fr\/afs-blog-fr\/les-beaux-endroits-de-suisse-au-printemps\/"]}]},{"@type":"ImageObject","inLanguage":"fr-FR","@id":"https:\/\/www.afs.ch\/fr\/afs-blog-fr\/les-beaux-endroits-de-suisse-au-printemps\/#primaryimage","url":"https:\/\/www.afs.ch\/wp-content\/uploads\/sites\/71\/2022\/04\/Tulpen-1-650x433.jpg","contentUrl":"https:\/\/www.afs.ch\/wp-content\/uploads\/sites\/71\/2022\/04\/Tulpen-1-650x433.jpg"},{"@type":"BreadcrumbList","@id":"https:\/\/www.afs.ch\/fr\/afs-blog-fr\/les-beaux-endroits-de-suisse-au-printemps\/#breadcrumb","itemListElement":[{"@type":"ListItem","position":1,"name":"Home","item":"https:\/\/switzerland.afssite.afs.org\/fr\/"},{"@type":"ListItem","position":2,"name":"Les beaux endroits de Suisse au printemps"}]},{"@type":"WebSite","@id":"https:\/\/www.afs.ch\/fr\/#website","url":"https:\/\/www.afs.ch\/fr\/","name":"Interkulturelle Programme","description":"Switzerland","potentialAction":[{"@type":"SearchAction","target":{"@type":"EntryPoint","urlTemplate":"https:\/\/www.afs.ch\/fr\/?s={search_term_string}"},"query-input":{"@type":"PropertyValueSpecification","valueRequired":true,"valueName":"search_term_string"}}],"inLanguage":"fr-FR"},{"@type":"Person","@id":"https:\/\/www.afs.ch\/fr\/#\/schema\/person\/d5680d720fa2a3cbbf3200d33e6d19a5","name":"sophiemueller","image":{"@type":"ImageObject","inLanguage":"fr-FR","@id":"https:\/\/www.afs.ch\/fr\/#\/schema\/person\/image\/","url":"https:\/\/secure.gravatar.com\/avatar\/4c860627213c7c5add480b4c09753f87c2e53633831c569617387d8ca412fa89?s=96&d=mm&r=g","contentUrl":"https:\/\/secure.gravatar.com\/avatar\/4c860627213c7c5add480b4c09753f87c2e53633831c569617387d8ca412fa89?s=96&d=mm&r=g","caption":"sophiemueller"},"url":"https:\/\/www.afs.ch\/fr\/author\/sophiemueller\/"}]}},"_links":{"self":[{"href":"https:\/\/www.afs.ch\/fr\/wp-json\/wp\/v2\/posts\/50618","targetHints":{"allow":["GET"]}}],"collection":[{"href":"https:\/\/www.afs.ch\/fr\/wp-json\/wp\/v2\/posts"}],"about":[{"href":"https:\/\/www.afs.ch\/fr\/wp-json\/wp\/v2\/types\/post"}],"author":[{"embeddable":true,"href":"https:\/\/www.afs.ch\/fr\/wp-json\/wp\/v2\/users\/1060"}],"replies":[{"embeddable":true,"href":"https:\/\/www.afs.ch\/fr\/wp-json\/wp\/v2\/comments?post=50618"}],"version-history":[{"count":3,"href":"https:\/\/www.afs.ch\/fr\/wp-json\/wp\/v2\/posts\/50618\/revisions"}],"predecessor-version":[{"id":50628,"href":"https:\/\/www.afs.ch\/fr\/wp-json\/wp\/v2\/posts\/50618\/revisions\/50628"}],"wp:attachment":[{"href":"https:\/\/www.afs.ch\/fr\/wp-json\/wp\/v2\/media?parent=50618"}],"wp:term":[{"taxonomy":"category","embeddable":true,"href":"https:\/\/www.afs.ch\/fr\/wp-json\/wp\/v2\/categories?post=50618"},{"taxonomy":"post_tag","embeddable":true,"href":"https:\/\/www.afs.ch\/fr\/wp-json\/wp\/v2\/tags?post=50618"}],"curies":[{"name":"wp","href":"https:\/\/api.w.org\/{rel}","templated":true}]}}