{"id":51279,"date":"2022-08-15T13:43:57","date_gmt":"2022-08-15T12:43:57","guid":{"rendered":"https:\/\/www.afs.ch\/?p=51279"},"modified":"2022-10-19T11:41:46","modified_gmt":"2022-10-19T10:41:46","slug":"ou-vais-je-partir","status":"publish","type":"post","link":"https:\/\/www.afs.ch\/fr\/afs-blog-fr\/ou-vais-je-partir\/","title":{"rendered":"O\u00f9 vais-je partir?"},"content":{"rendered":"<p><span style=\"font-weight: 400;\">Partir \u00e0 l\u2019\u00e9tranger est un grand pas dans la vie. La grande question est \u201cQuelle destination choisir? Laquelle me correspond le mieux? \u201c <\/span><span style=\"font-weight: 400;\">Nous vivons dans un monde o\u00f9 chaque pays a une culture,\u00a0 une g\u00e9ographie et un charme qui lui est propre. Cela rend le choix de destinations plus difficile.\u00a0<\/span><span style=\"font-weight: 400;\">Voici quelques questions pour t&rsquo;aider \u00e0 choisir le pays qui te convient le mieux !<\/span><\/p>\n<h3><b>1. Rester en Europe ou non?<\/b><\/h3>\n<p><span style=\"font-weight: 400;\">Que ce soit en Europe ou ailleurs dans le monde, il existe des\u00a0 endroits magnifiques.\u00a0<\/span><span style=\"font-weight: 400;\">Les destinations en dehors de l&rsquo;Europe peuvent \u00eatre effrayantes en raison de la distance et du d\u00e9calage horaire. <\/span><span style=\"font-weight: 400;\">Prends ton courage \u00e0 deux mains et fonce!\u00a0 AFS te soutiendra dans cette d\u00e9marche ! En effet, l&rsquo;objectif d&rsquo;AFS est de te faire sortir de ta zone de confort et te faire vivre une exp\u00e9rience interculturelle inoubliable. <\/span><span style=\"font-weight: 400;\">Si tu souhaites rester en Europe, pour ne pas partir trop loin, c&rsquo;est tout \u00e0 fait possible! Tu trouveras chaussure \u00e0 ton pied.\u00a0<\/span><\/p>\n<h3>2. <b>Quelle langue apprendre?<\/b><\/h3>\n<p><span style=\"font-weight: 400;\">Est-ce que tu veux apprendre une langue dite \u00ab\u00a0standard\u00a0\u00bb comme l&rsquo;anglais, le fran\u00e7ais, l&rsquo;italien, l&rsquo;espagnol, ou plut\u00f4t sortir de ces \u201cstandard\u201d et opter pour une langue dite \u00ab\u00a0exotique\u00a0\u00bb comme le chinois, le japonais ou le tha\u00eflandais. <\/span><span style=\"font-weight: 400;\">Chaque langue \u00e0 sa complexit\u00e9. Le plus important dans ces situations, c&rsquo;est la volont\u00e9 et la passion. Avec ces 2 outils, m\u00eame les langues les plus difficiles ne te para\u00eetront pas si compliqu\u00e9es.<\/span><\/p>\n<h3>3. <b>Grande ville, \u00eele, campagne que choisir?<\/b><\/h3>\n<p><span style=\"font-weight: 400;\">AFS ne peut pas te promettre que tu effectueras ton s\u00e9jour dans la ville ou le village de ton choix. En fonction du climat et des conditions rurales\u00a0 que tu pr\u00e9f\u00e8res, tu peux affiner ton choix en choisissant le pays convenant le mieux \u00e0 ton souhait \u00e0 condition qu&rsquo;il y ait encore suffisamment de places disponibles.<\/span><span style=\"font-weight: 400;\"><br \/>\n<\/span><span style=\"font-weight: 400;\">Que ce soit la mer, la jungle ou la montagne, tout est possible.\u00a0 M\u00eame si tu n&rsquo;habites pas directement au bord de la mer ou dans une grande ville, tu trouveras certainement des moyens de faire des excursions avec\u00a0 ta famille d&rsquo;accueil ou tes nouveaux amis.\u00a0<\/span><\/p>\n<h3><b>4. Quelles sont les cultures et les traditions qui m&rsquo;int\u00e9ressent ? <\/b><\/h3>\n<p><span style=\"font-weight: 400;\">Quitter\u00a0 tes parents et tes habitudes pour aller vivre chez des \u00e9trangers peut \u00eatre effrayant.\u00a0 Mais en contrepartie, tu auras un aper\u00e7u passionnant d&rsquo;une nouvelle culture. <\/span><span style=\"font-weight: 400;\"><br \/>\n<\/span><span style=\"font-weight: 400;\">C\u2019est pourquoi il est important de te demander quelles langues et\u00a0 cultures\u00a0 t&rsquo;int\u00e9ressent le plus. De ce fait, ta future famille d&rsquo;accueil te donnera certainement l&rsquo;occasion de les d\u00e9couvrir et de les exp\u00e9rimenter. <\/span><span style=\"font-weight: 400;\">Elle te donnera \u00e9galement la possibilit\u00e9 de d\u00e9couvrir les coutumes du pays et des endroits que seuls les locaux connaissent.\u00a0 Comme tu habiteras dans une famille d&rsquo;accueil et que tu fr\u00e9quenteras une \u00e9cole locale, tu auras la possibilit\u00e9 de d\u00e9couvrir une autre culture de mani\u00e8re proche et authentique.\u00a0 En t&rsquo;immergeant dans la culture locale, tu pourras d\u00e9couvrir et apprendre de nombreuses choses qui t&rsquo;\u00e9taient auparavant inconnues. Fais preuve d&rsquo;ouverture d&rsquo;esprit et lance toi dans cette aventure.<\/span><\/p>\n<h3><b>5. Est-ce que je peux continuer \u00e0 pratiquer mes hobbies pendant l&rsquo;\u00e9change ? <\/b><\/h3>\n<p><span style=\"font-weight: 400;\">Nous ne pouvons pas le garantir mais dans la mesure du possible , tu\u00a0 pourras continuer \u00e0 pratiquer ton sport. Sur place, n&rsquo;h\u00e9site pas \u00e0 essayer des sports ou des instruments de musique locaux. Tu trouveras peut-\u00eatre une activit\u00e9 qui te passionnera et la pr\u00e9sentera dans ton pays d&rsquo;origine apr\u00e8s ton \u00e9change !<\/span><\/p>\n<p><span style=\"font-weight: 400;\"><br \/>\n<\/span><span style=\"font-weight: 400;\">Tu ne dois pas te d\u00e9cider en un jour ! Prends le temps qu&rsquo;il faut et r\u00e9fl\u00e9chis bien, car tu vivras un certain temps dans ce pays. <\/span><span style=\"font-weight: 400;\"><br \/>\n<\/span><span style=\"font-weight: 400;\">Si tu es passionn\u00e9\u00a0 par un pays depuis quelques ann\u00e9es, lance toi!\u00a0 Nous nous ferons un plaisir de te conseiller. Contacte-nous simplement \u00e0 l&rsquo;adresse bonjour@afs.ch.<\/span><\/p>\n<h3 style=\"text-align: center;\"><b>Bon voyage !<\/b><\/h3>\n<p><figure class=\"wp-image-wrap\"><img loading=\"lazy\" decoding=\"async\" class=\"alignnone size-medium wp-image-51288\" src=\"https:\/\/d22dvihj4pfop3.cloudfront.net\/wp-content\/uploads\/sites\/71\/2022\/08\/15134316\/airplane-g5e1dcad0b_1920-1-650x379.jpg\" alt=\"\" width=\"650\" height=\"379\" \/><\/figure><\/p>\n","protected":false},"excerpt":{"rendered":"<p>Partir \u00e0 l\u2019\u00e9tranger est un grand pas dans la vie. La grande question est \u201cQuelle destination choisir? Laquelle me correspond&hellip;<\/p>\n","protected":false},"author":1109,"featured_media":0,"comment_status":"open","ping_status":"open","sticky":false,"template":"","format":"standard","meta":{"footnotes":""},"categories":[743],"tags":[],"class_list":["post-51279","post","type-post","status-publish","format-standard","hentry","category-afs-blog-fr"],"yoast_head":"<!-- This site is optimized with the Yoast SEO plugin v26.6 - https:\/\/yoast.com\/wordpress\/plugins\/seo\/ -->\n<title>O\u00f9 vais-je partir? - Intercultural Programs<\/title>\n<meta name=\"robots\" content=\"index, follow, max-snippet:-1, max-image-preview:large, max-video-preview:-1\" \/>\n<link rel=\"canonical\" href=\"https:\/\/www.afs.ch\/fr\/afs-blog-fr\/ou-vais-je-partir\/\" \/>\n<meta property=\"og:locale\" content=\"fr_FR\" \/>\n<meta property=\"og:type\" content=\"article\" \/>\n<meta property=\"og:title\" content=\"O\u00f9 vais-je partir? - Intercultural Programs\" \/>\n<meta property=\"og:description\" content=\"Partir \u00e0 l\u2019\u00e9tranger est un grand pas dans la vie. La grande question est \u201cQuelle destination choisir? Laquelle me correspond&hellip;\" \/>\n<meta property=\"og:url\" content=\"https:\/\/www.afs.ch\/fr\/afs-blog-fr\/ou-vais-je-partir\/\" \/>\n<meta property=\"og:site_name\" content=\"Intercultural Programs\" \/>\n<meta property=\"article:publisher\" content=\"https:\/\/www.facebook.com\/afsswitzerland\/\" \/>\n<meta property=\"article:published_time\" content=\"2022-08-15T12:43:57+00:00\" \/>\n<meta property=\"article:modified_time\" content=\"2022-10-19T10:41:46+00:00\" \/>\n<meta property=\"og:image\" content=\"https:\/\/www.afs.ch\/wp-content\/uploads\/sites\/71\/2022\/08\/airplane-g5e1dcad0b_1920-1-650x379.jpg\" \/>\n<meta name=\"author\" content=\"nikollettobolik\" \/>\n<meta name=\"twitter:card\" content=\"summary_large_image\" \/>\n<meta name=\"twitter:creator\" content=\"@afs_ch\" \/>\n<meta name=\"twitter:site\" content=\"@afs_ch\" \/>\n<meta name=\"twitter:label1\" content=\"Written by\" \/>\n\t<meta name=\"twitter:data1\" content=\"nikollettobolik\" \/>\n\t<meta name=\"twitter:label2\" content=\"Est. reading time\" \/>\n\t<meta name=\"twitter:data2\" content=\"3 minutes\" \/>\n<script type=\"application\/ld+json\" class=\"yoast-schema-graph\">{\"@context\":\"https:\/\/schema.org\",\"@graph\":[{\"@type\":\"WebPage\",\"@id\":\"https:\/\/www.afs.ch\/fr\/afs-blog-fr\/ou-vais-je-partir\/\",\"url\":\"https:\/\/www.afs.ch\/fr\/afs-blog-fr\/ou-vais-je-partir\/\",\"name\":\"O\u00f9 vais-je partir? - Intercultural Programs\",\"isPartOf\":{\"@id\":\"https:\/\/www.afs.ch\/fr\/#website\"},\"primaryImageOfPage\":{\"@id\":\"https:\/\/www.afs.ch\/fr\/afs-blog-fr\/ou-vais-je-partir\/#primaryimage\"},\"image\":{\"@id\":\"https:\/\/www.afs.ch\/fr\/afs-blog-fr\/ou-vais-je-partir\/#primaryimage\"},\"thumbnailUrl\":\"https:\/\/www.afs.ch\/wp-content\/uploads\/sites\/71\/2022\/08\/airplane-g5e1dcad0b_1920-1-650x379.jpg\",\"datePublished\":\"2022-08-15T12:43:57+00:00\",\"dateModified\":\"2022-10-19T10:41:46+00:00\",\"author\":{\"@id\":\"https:\/\/www.afs.ch\/fr\/#\/schema\/person\/9264242860703563781d43413d74f0e4\"},\"breadcrumb\":{\"@id\":\"https:\/\/www.afs.ch\/fr\/afs-blog-fr\/ou-vais-je-partir\/#breadcrumb\"},\"inLanguage\":\"fr-FR\",\"potentialAction\":[{\"@type\":\"ReadAction\",\"target\":[\"https:\/\/www.afs.ch\/fr\/afs-blog-fr\/ou-vais-je-partir\/\"]}]},{\"@type\":\"ImageObject\",\"inLanguage\":\"fr-FR\",\"@id\":\"https:\/\/www.afs.ch\/fr\/afs-blog-fr\/ou-vais-je-partir\/#primaryimage\",\"url\":\"https:\/\/www.afs.ch\/wp-content\/uploads\/sites\/71\/2022\/08\/airplane-g5e1dcad0b_1920-1-650x379.jpg\",\"contentUrl\":\"https:\/\/www.afs.ch\/wp-content\/uploads\/sites\/71\/2022\/08\/airplane-g5e1dcad0b_1920-1-650x379.jpg\"},{\"@type\":\"BreadcrumbList\",\"@id\":\"https:\/\/www.afs.ch\/fr\/afs-blog-fr\/ou-vais-je-partir\/#breadcrumb\",\"itemListElement\":[{\"@type\":\"ListItem\",\"position\":1,\"name\":\"Home\",\"item\":\"https:\/\/switzerland.afssite.afs.org\/fr\/\"},{\"@type\":\"ListItem\",\"position\":2,\"name\":\"O\u00f9 vais-je partir?\"}]},{\"@type\":\"WebSite\",\"@id\":\"https:\/\/www.afs.ch\/fr\/#website\",\"url\":\"https:\/\/www.afs.ch\/fr\/\",\"name\":\"Interkulturelle Programme\",\"description\":\"Switzerland\",\"potentialAction\":[{\"@type\":\"SearchAction\",\"target\":{\"@type\":\"EntryPoint\",\"urlTemplate\":\"https:\/\/www.afs.ch\/fr\/?s={search_term_string}\"},\"query-input\":{\"@type\":\"PropertyValueSpecification\",\"valueRequired\":true,\"valueName\":\"search_term_string\"}}],\"inLanguage\":\"fr-FR\"},{\"@type\":\"Person\",\"@id\":\"https:\/\/www.afs.ch\/fr\/#\/schema\/person\/9264242860703563781d43413d74f0e4\",\"name\":\"nikollettobolik\",\"image\":{\"@type\":\"ImageObject\",\"inLanguage\":\"fr-FR\",\"@id\":\"https:\/\/www.afs.ch\/fr\/#\/schema\/person\/image\/\",\"url\":\"https:\/\/secure.gravatar.com\/avatar\/8a7ce7ca32958f77554fb10dff5ab456046776121b5f84cb2e6ed03a9bc91be2?s=96&d=mm&r=g\",\"contentUrl\":\"https:\/\/secure.gravatar.com\/avatar\/8a7ce7ca32958f77554fb10dff5ab456046776121b5f84cb2e6ed03a9bc91be2?s=96&d=mm&r=g\",\"caption\":\"nikollettobolik\"},\"url\":\"https:\/\/www.afs.ch\/fr\/author\/nikollettobolik\/\"}]}<\/script>\n<!-- \/ Yoast SEO plugin. -->","yoast_head_json":{"title":"O\u00f9 vais-je partir? - Intercultural Programs","robots":{"index":"index","follow":"follow","max-snippet":"max-snippet:-1","max-image-preview":"max-image-preview:large","max-video-preview":"max-video-preview:-1"},"canonical":"https:\/\/www.afs.ch\/fr\/afs-blog-fr\/ou-vais-je-partir\/","og_locale":"fr_FR","og_type":"article","og_title":"O\u00f9 vais-je partir? - Intercultural Programs","og_description":"Partir \u00e0 l\u2019\u00e9tranger est un grand pas dans la vie. La grande question est \u201cQuelle destination choisir? Laquelle me correspond&hellip;","og_url":"https:\/\/www.afs.ch\/fr\/afs-blog-fr\/ou-vais-je-partir\/","og_site_name":"Intercultural Programs","article_publisher":"https:\/\/www.facebook.com\/afsswitzerland\/","article_published_time":"2022-08-15T12:43:57+00:00","article_modified_time":"2022-10-19T10:41:46+00:00","og_image":[{"url":"https:\/\/www.afs.ch\/wp-content\/uploads\/sites\/71\/2022\/08\/airplane-g5e1dcad0b_1920-1-650x379.jpg","type":"","width":"","height":""}],"author":"nikollettobolik","twitter_card":"summary_large_image","twitter_creator":"@afs_ch","twitter_site":"@afs_ch","twitter_misc":{"Written by":"nikollettobolik","Est. reading time":"3 minutes"},"schema":{"@context":"https:\/\/schema.org","@graph":[{"@type":"WebPage","@id":"https:\/\/www.afs.ch\/fr\/afs-blog-fr\/ou-vais-je-partir\/","url":"https:\/\/www.afs.ch\/fr\/afs-blog-fr\/ou-vais-je-partir\/","name":"O\u00f9 vais-je partir? - Intercultural Programs","isPartOf":{"@id":"https:\/\/www.afs.ch\/fr\/#website"},"primaryImageOfPage":{"@id":"https:\/\/www.afs.ch\/fr\/afs-blog-fr\/ou-vais-je-partir\/#primaryimage"},"image":{"@id":"https:\/\/www.afs.ch\/fr\/afs-blog-fr\/ou-vais-je-partir\/#primaryimage"},"thumbnailUrl":"https:\/\/www.afs.ch\/wp-content\/uploads\/sites\/71\/2022\/08\/airplane-g5e1dcad0b_1920-1-650x379.jpg","datePublished":"2022-08-15T12:43:57+00:00","dateModified":"2022-10-19T10:41:46+00:00","author":{"@id":"https:\/\/www.afs.ch\/fr\/#\/schema\/person\/9264242860703563781d43413d74f0e4"},"breadcrumb":{"@id":"https:\/\/www.afs.ch\/fr\/afs-blog-fr\/ou-vais-je-partir\/#breadcrumb"},"inLanguage":"fr-FR","potentialAction":[{"@type":"ReadAction","target":["https:\/\/www.afs.ch\/fr\/afs-blog-fr\/ou-vais-je-partir\/"]}]},{"@type":"ImageObject","inLanguage":"fr-FR","@id":"https:\/\/www.afs.ch\/fr\/afs-blog-fr\/ou-vais-je-partir\/#primaryimage","url":"https:\/\/www.afs.ch\/wp-content\/uploads\/sites\/71\/2022\/08\/airplane-g5e1dcad0b_1920-1-650x379.jpg","contentUrl":"https:\/\/www.afs.ch\/wp-content\/uploads\/sites\/71\/2022\/08\/airplane-g5e1dcad0b_1920-1-650x379.jpg"},{"@type":"BreadcrumbList","@id":"https:\/\/www.afs.ch\/fr\/afs-blog-fr\/ou-vais-je-partir\/#breadcrumb","itemListElement":[{"@type":"ListItem","position":1,"name":"Home","item":"https:\/\/switzerland.afssite.afs.org\/fr\/"},{"@type":"ListItem","position":2,"name":"O\u00f9 vais-je partir?"}]},{"@type":"WebSite","@id":"https:\/\/www.afs.ch\/fr\/#website","url":"https:\/\/www.afs.ch\/fr\/","name":"Interkulturelle Programme","description":"Switzerland","potentialAction":[{"@type":"SearchAction","target":{"@type":"EntryPoint","urlTemplate":"https:\/\/www.afs.ch\/fr\/?s={search_term_string}"},"query-input":{"@type":"PropertyValueSpecification","valueRequired":true,"valueName":"search_term_string"}}],"inLanguage":"fr-FR"},{"@type":"Person","@id":"https:\/\/www.afs.ch\/fr\/#\/schema\/person\/9264242860703563781d43413d74f0e4","name":"nikollettobolik","image":{"@type":"ImageObject","inLanguage":"fr-FR","@id":"https:\/\/www.afs.ch\/fr\/#\/schema\/person\/image\/","url":"https:\/\/secure.gravatar.com\/avatar\/8a7ce7ca32958f77554fb10dff5ab456046776121b5f84cb2e6ed03a9bc91be2?s=96&d=mm&r=g","contentUrl":"https:\/\/secure.gravatar.com\/avatar\/8a7ce7ca32958f77554fb10dff5ab456046776121b5f84cb2e6ed03a9bc91be2?s=96&d=mm&r=g","caption":"nikollettobolik"},"url":"https:\/\/www.afs.ch\/fr\/author\/nikollettobolik\/"}]}},"_links":{"self":[{"href":"https:\/\/www.afs.ch\/fr\/wp-json\/wp\/v2\/posts\/51279","targetHints":{"allow":["GET"]}}],"collection":[{"href":"https:\/\/www.afs.ch\/fr\/wp-json\/wp\/v2\/posts"}],"about":[{"href":"https:\/\/www.afs.ch\/fr\/wp-json\/wp\/v2\/types\/post"}],"author":[{"embeddable":true,"href":"https:\/\/www.afs.ch\/fr\/wp-json\/wp\/v2\/users\/1109"}],"replies":[{"embeddable":true,"href":"https:\/\/www.afs.ch\/fr\/wp-json\/wp\/v2\/comments?post=51279"}],"version-history":[{"count":4,"href":"https:\/\/www.afs.ch\/fr\/wp-json\/wp\/v2\/posts\/51279\/revisions"}],"predecessor-version":[{"id":51619,"href":"https:\/\/www.afs.ch\/fr\/wp-json\/wp\/v2\/posts\/51279\/revisions\/51619"}],"wp:attachment":[{"href":"https:\/\/www.afs.ch\/fr\/wp-json\/wp\/v2\/media?parent=51279"}],"wp:term":[{"taxonomy":"category","embeddable":true,"href":"https:\/\/www.afs.ch\/fr\/wp-json\/wp\/v2\/categories?post=51279"},{"taxonomy":"post_tag","embeddable":true,"href":"https:\/\/www.afs.ch\/fr\/wp-json\/wp\/v2\/tags?post=51279"}],"curies":[{"name":"wp","href":"https:\/\/api.w.org\/{rel}","templated":true}]}}