{"id":59148,"date":"2025-03-24T21:20:03","date_gmt":"2025-03-24T20:20:03","guid":{"rendered":"https:\/\/switzerland.afssite.afs.org\/?p=59148"},"modified":"2025-03-24T21:20:03","modified_gmt":"2025-03-24T20:20:03","slug":"programme-de-volontariat-a-70","status":"publish","type":"post","link":"https:\/\/www.afs.ch\/fr\/across\/programme-de-volontariat-a-70\/","title":{"rendered":"Austauschprogramm mit 70 &#8211;  mit AFS nach USA mit Consciente nach El Salvador"},"content":{"rendered":"<style>.post-meta {display:none;}<\/style>\n<p style=\"font-weight: 400;\"><strong>Claudia Rederer, Psychologin und Psychotherapeutin, war Schweizer Freiwillige in der Fundaci\u00f3n Consciente in Gotera\/El Salvador (Oktober 2023 bis M\u00e4rz 2024) <\/strong><a href=\"http:\/\/www.consciente.ch\/\"><strong>www.consciente.ch<\/strong><\/a><strong> sowie <\/strong><a href=\"http:\/\/www.consciente.ong\/\"><strong>www.consciente.ong<\/strong><\/a><strong>\u00a0<\/strong><\/p>\n<p style=\"font-weight: 400;\">In einem eindr\u00fccklichen Erfahrungsbericht erz\u00e4hlt sie, was sie in El Salvador w\u00e4hrend ihrem Einsatz erlebt hat.<\/p>\n<p style=\"font-weight: 400;\">Mein Aufenthalt als Freiwillige in El Salvador basiert unter anderem auch auf meiner\u00a0 Erfahrung als AFS-Austauschsch\u00fclerin in den USA, gut 50 Jahre fr\u00fcher. Seither bin ich viel gereist, war mehrmals auch l\u00e4nger \u201con the road\u201d \u2013 aber der Wunsch, nochmals in einer anderen Kultur Alltagsleben zu erfahren und mich darin niederzulassen, der blieb und f\u00fchrte zum Einsatz in El Salvador. In vielem war dieser Aufenthalt nat\u00fcrlich v\u00f6llig anders: Entwicklungsland, ganz anderes politisches System, Erwachsenenblick und berufliche T\u00e4tigkeit \u2013 in vielem zu meinem Erstaunen aber auch sehr vertraut: ich wohnte in einer Gastfamilie, alles war zum Staunen neu, ich hatte wiedermal die Rolle der \u201cAnf\u00e4ngerin\u201d inne, lernte viel Neues, auch \u00fcber mich selbst, erlebte in der Mitte die klassische Krise (the honeymoon was over&#8230; ) \u00a0\u2013 und fand das Zur\u00fcckkommen gar nicht so einfach.<\/p>\n<p><figure class=\"wp-image-wrap\"><img loading=\"lazy\" decoding=\"async\" class=\"alignnone size-medium wp-image-59588\" src=\"https:\/\/d22dvihj4pfop3.cloudfront.net\/wp-content\/uploads\/sites\/71\/2025\/03\/24175130\/5_Rederer01-401x650.png\" alt=\"\" width=\"401\" height=\"650\" \/><\/figure><\/p>\n<p style=\"font-weight: 400;\">Seit bald einem Jahr bin ich nun zur\u00fcck von meinem Freiwilligeneinsatz bei der Fundaci\u00f3n Consciente im Departement Moraz\u00e1n in El Salvador. Auch im R\u00fcckblick kann ich sagen: Es war eine tiefgehende, wunderbare und sehr wichtige Erfahrung f\u00fcr mich und ich bin zutiefst dankbar daf\u00fcr &#8211; auch dies sehr verwandt mit den Gef\u00fchlen \u00fcber mein AFS year abroad!<\/p>\n<p style=\"font-weight: 400;\">Ich wollte mir zum 70. Geburtstag einen langj\u00e4hrigen Traum erf\u00fcllen, einen Einsatz in einem sinnvollen Projekt machen und nochmals in eine ganz andere Kultur eintauchen. So nach dem Motto \u00abWenn nicht jetzt, wann dann\u2026?\u00bb.Mein Wunsch war, nochmals ganz in eine andere Kultur einzutauchen und m\u00f6glichst viel Alltag zu erleben. Ich wollte erfahren wie es ist, in einer anderen Kultur und Organisation Alltag und Berufsarbeit zu erleben, nochmals Neues lernen, mich herausfordern lassen und auch herausfinden, ob ich mit meiner Art und Erfahrung etwas beitragen konnte. Ich kann\u2019s schon vorwegnehmen: Diese W\u00fcnsche haben sich beim Einsatz bei Consciente voll und ganz erf\u00fcllt!<\/p>\n<p style=\"font-weight: 400;\">Am Anfang meiner Recherchen \u00fcber Freiwilligenarbeit im Ausland war ich \u00fcberw\u00e4ltigt von der Menge und sehr unterschiedlichen Qualit\u00e4t der Einsatzm\u00f6glichkeiten. und fragte mich, wo ich wohl am besten landen w\u00fcrde.\u00a0Auch hier war schliesslich AFS wegweisend und verwies mich auf <a href=\"https:\/\/www.sci.ngo\/\"><strong>SCI (Service Civil International)<\/strong><\/a>. Dort sprang der Funke sofort, als mir die Verantwortliche das \u00abProjekt Consciente\u00bb ans und ins Herz legte. Das Projekt, seine offensichtliche Qualit\u00e4t und die Website sprachen mich sehr an. Zuerst aber der Schreck: \u00abAber doch nicht nach El Salvador!\u2026\u00bb. Hohe Mordraten, Gefahr, Tropenklima, langer Flug, komplizierte Anreise \u2013 mehr wusste ich nicht \u00fcber dieses kleine Land in Zentralamerika.<\/p>\n<p style=\"font-weight: 400;\">Gleichzeitig sp\u00fcrte ich, dass mich etwas zu diesem Projekt hinzog und ich beschloss, diese voreiligen Bilder und Annahmen besser abzukl\u00e4ren.\u00a0Sie l\u00f6sten sich dann im Laufe meiner Nachforschungen gen\u00fcgend auf, so dass ich den \u201cGump\u201d wagen wollte. Offen war noch die Frage nach meinen m\u00f6glichen Einsatzgebieten als Psychologin\/Psychotherapeutin. Ich konnte mir nicht recht vorstellen, was ich als Nicht-Lehrerin in diesem Bildungsprogramm beitragen sollte. Ein Telefonat mit Chendo, dem Direktor vor Ort, zeigte mir dann auf, dass er spannende Einsatzm\u00f6glichkeiten f\u00fcr mich in allen drei Teilprogrammen von Consciente sah.<\/p>\n<p style=\"font-weight: 400;\">So nahm dieses Sabbatical Form an und ich sp\u00fcrte eine tiefe Freude, da ich dran war, diesen Lebenstraum zu verwirklichen. In mir waren nur noch Mut, Vorfreude und Klarheit sowie Respekt vor dem Unbekannten \u2013 aber keine Angst.<\/p>\n<p style=\"font-weight: 400;\">Gleichzeitig wusste ich aber auch: In meinem Alter und mit nicht ganz stabiler Gesundheit brauchte ich gen\u00fcgend Anpassungs- und \u00dcbergangszeit, um diesen grossen Wechsel von Zeitzonen, Klima und Lebensweise zu bew\u00e4ltigen.\u00a0So war mir klar, dass ich sowohl am Anfang als auch am Ende meines Halbjahres gen\u00fcgend Zeit einplanen wollte, um anzukommen, mich anzugew\u00f6hnen \u2013 und dann den \u00dcbergang am Schluss auch wieder sorgf\u00e4ltig machen zu k\u00f6nnen. Das ist gelungen: Mit drei Wochen Sprachaufenthalt am Anfang und zum Schluss zwei Wochen des Seins und Reisens.<\/p>\n<p style=\"font-weight: 400;\"><figure class=\"wp-image-wrap\"><img loading=\"lazy\" decoding=\"async\" class=\"alignnone size-medium wp-image-59589\" src=\"https:\/\/d22dvihj4pfop3.cloudfront.net\/wp-content\/uploads\/sites\/71\/2025\/03\/24175228\/5_Rederer02-650x433.jpg\" alt=\"\" width=\"650\" height=\"433\" \/><\/figure><\/p>\n<p style=\"font-weight: 400;\">Ich bereitete die Pause in meiner psychotherapeutischen Praxis vor, machte die notwendigen medizinischen Vorkehrungen und nahm Abschied von meinen Enkelkindern, erwachsenen Kindern, meinem Partner und meinen Freund:innen &#8211; die lange innere und \u00e4ussere Reise konnte beginnen.<\/p>\n<p style=\"font-weight: 400;\">Nach drei Wochen an der K\u00fcste, wo ich mit einem Sprachlehrer mein Spanisch aufpeppte, begab ich mich dann in eine nochmals v\u00f6llig andere Welt: in den Oriente, nach Gotera, einer mittelgrossen Stadt in Moraz\u00e1n, dem zweit\u00e4rmsten Departement im Nordosten des Landes. Als erste internationale Freiwillige wohnte ich privat, bei einer Arbeitskollegin von Consciente und ihrem kleinen Sohn \u2013 das war nicht immer einfach aber letztlich ein Gewinn. Mein Wohnort Osicala war ca. eine halbe Busstunde von Gotera entfernt und wurde dank der Herzensw\u00e4rme so vieler Menschen zu meinem salvadorianischen Zuhause. Als \u201cgringa\u201d war ich in diesem Landesteil sofort erkennbar, als \u00e4ltere alleinreisende Frau ziemlich \u201cexotisch\u201d \u2013 aber die allermeisten Begegnungen waren gepr\u00e4gt von Respekt, wohlwollendem Interesse, angenehmer Zur\u00fcckhaltung \u2013 und dann bald den \u00fcblichen herzlichen Umarmungen.<\/p>\n<p style=\"font-weight: 400;\"><figure class=\"wp-image-wrap\"><img loading=\"lazy\" decoding=\"async\" class=\"alignnone size-medium wp-image-59590\" src=\"https:\/\/d22dvihj4pfop3.cloudfront.net\/wp-content\/uploads\/sites\/71\/2025\/03\/24175452\/5_Rederer03-650x433.jpg\" alt=\"\" width=\"650\" height=\"433\" \/><\/figure><\/p>\n<p style=\"font-weight: 400;\">Im Arbeitsteam von Consciente f\u00fchlte ich mich von Anfang an willkommen und getragen, trotz des grossen Altersunterschieds.\u00a0Wir arbeiteten gut zusammen und lachten viel, assen in der grossen K\u00fcche Tortillas, Reis und Bohnen und lernten uns mit jedem Tag mehr kennen und sch\u00e4tzen, auch in unseren Unterschiedlichkeiten. Ich war froh \u00fcber die erste Woche, in der ich auf einige Besuche in Schulen und an Anl\u00e4sse mitgehen konnte, denn nachher war das Schuljahr zu Ende.\u00a0Die Offenheit und Herzlichkeit der 25 jungen Mitarbeitenden sowie ihr hochprofessionelles Engagement und ihr Mut in ihrer Arbeit beeindrucken mich weiterhin und \u00a0bleiben das Kernst\u00fcck meiner Erfahrung dort.<\/p>\n<p style=\"font-weight: 400;\">Die kaum strukturierte Situation f\u00fcr eine Freiwillige liess viel Handlungsspielraum zu. Dies erforderte viel Selbstst\u00e4ndigkeit und eigene Ideen, um die Zeit sinnvoll zu nutzen. Die Initiative und Ideen, wie und wo ich t\u00e4tig sein wollte und konnte, mussten von mir kommen. Dieses anf\u00e4ngliche \u00abVakuum\u00bb war eine z\u00fcnftige Herausforderung. Im Austausch mit einigen der Kolleg:innen sch\u00e4lten sich dann Einsatzm\u00f6glichkeiten heraus, die ich \u00fcber die f\u00fcnf Monate zusammen mit ihnen entwickeln und umsetzen konnte.<\/p>\n<p style=\"font-weight: 400;\">Dazu geh\u00f6rte unter anderem die Teilnahme an den Selektionsgespr\u00e4chen und diversen Veranstaltungen f\u00fcr das Stipendienprogramm, die Mit-Organisation von zwei Teamtagen mit dem Thema \u00abSalud Mental\u00bb (Psychische Gesundheit), die Organisation und Durchf\u00fchrung eines Frauenworkshops zum Thema \u00abSelbstf\u00fcrsorge\u00bb sowie die Leitung eines Ausbildungstags\u00a0f\u00fcr Junglehrer:innen im Bildungsprogramm zu \u00abTrauma y Lernen\u201d. Ebenso entwickelte ich eine Projektskizze zum Umgang mit Traumata im pers\u00f6nlichen und geschichtlichen Kontext als m\u00f6gliches neues Angebot von Consciente (<em>PS<\/em> <em>Dieses Projekt ist seither online zwischen dem lokalen Team und mir weiter ausgearbeitet worden und nun bereit zur Umsetzung, sobald unser Schweizer Fundraising Resultate zeigt<\/em>).<\/p>\n<p>Es war \u00fcberraschend und befriedigend festzustellen: Ich konnte so ziemlich alles brauchen, was ich als Psychologin, Traumatherapeutin, ehemalige Projektleiterin und -entwicklerin (bei HEKS) und Frau\/Mutter\/Grossmutter gelernt habe.<figure class=\"wp-image-wrap\"><img loading=\"lazy\" decoding=\"async\" class=\"alignnone size-medium wp-image-59591\" src=\"https:\/\/d22dvihj4pfop3.cloudfront.net\/wp-content\/uploads\/sites\/71\/2025\/03\/24175526\/5_Rederer04-650x433.jpg\" alt=\"\" width=\"650\" height=\"433\" \/><\/figure><\/p>\n<p style=\"font-weight: 400;\">Speziell freute mich zum Abschluss, dass ich mit allen drei Programmen von Consciente (siehe <a href=\"http:\/\/www.consciente.ch\/\">www.consciente.ch<\/a>) \u00a0sowie der Stiftung als Ganzes Aktivit\u00e4ten entwickeln und durchf\u00fchren konnte und mit fast allen Teammitgliedern eine Zusammenarbeit erlebt hatte. Dabei haben wir, wie mir scheint, immer 1+1=3 gemacht: Wir haben einander zugeh\u00f6rt und nachgefragt. So ergaben ihre Erfahrungen und Kenntnisse zusammen mit meinen etwas Drittes, Neues. Dies entwickelte sich zu gegenseitig bereichernden und anregenden \u201eProdukten\u201c. Auch konnte ich dadurch Einblick in fast den gesamten T\u00e4tigkeitsbereich von Consciente gewinnen.<\/p>\n<p style=\"font-weight: 400;\">Meine kritische Frage, was einen Freiwilligeneinsatz sinnvoll oder \u00fcberhaupt legitim macht, begleitete mich vor und w\u00e4hrend meines Aufenthalts. Dass der Gewinn f\u00fcr mich gross war, sp\u00fcrte ich von Anfang an. Was ich beitragen konnte respektive was der Gewinn f\u00fcr die Organisation Consciente war, beantworteten mir dann meine Kolleg:innen in den Tagen des\u00a0Abschieds und Auswertens auf sehr wertsch\u00e4tzende und \u00a0liebevolle Art. Sie \u00a0empfanden meine Erfahrung, meine Aussensicht und meine Art als sehr bereichernd und hilfreich. Das freute mich nat\u00fcrlich sehr und best\u00e4rkte mich in meinem guten Gef\u00fchl \u00fcber diesen Einsatz.<\/p>\n<p style=\"font-weight: 400;\">Sicher ist, dass ICH sehr viel gelernt habe, auch nochmals \u00fcber mich selbst, und tats\u00e4chlich ganz in diese so andere Welt eintauchen konnte.<\/p>\n<p style=\"font-weight: 400;\">Vieles verstand ich nicht oder erst nach einer Weile (auch sprachlich, der Oriente-Akzent und salvadorianische Slang kosteten mich einiges!), t\u00e4glich tauchten neue Gedanken und Fragen auf \u2013 aber zunehmend auch Ahas!<\/p>\n<p style=\"font-weight: 400;\">Heimnehmen durfte ich einen ganzen Sack voller Freude und Farbigkeit, Erkenntnisse und neuer Erfahrungen! Was davon bleibend ist, kann ich erst in einigen Wochen und Monaten sagen. Mit meinen Erfahrungen hier werde ich in die Schweiz zur\u00fcckkehren und einen anderen Blick auf El Salvador vermitteln k\u00f6nnen.<\/p>\n<p style=\"font-weight: 400;\">Am wichtigsten sind die vielen\u00a0<a href=\"http:\/\/www.consciente.ch\/menschen-und-momente\">kleinen Begegnungen und Erlebnisse<\/a>, welche den Alltag ausgemacht hatten, sei es im Team von Consciente, in meiner Wohnsituation oder einfach auf der Strasse, im Bus, beim Tortillas kaufen, beim Fr\u00fcchte entdecken, beim Nasswerden unter den heftigen Regeng\u00fcssen \u2013 und beim Staunen \u00fcber den Regenbogen der sich dann oft aus dem Nebel sch\u00e4lte. Die haben mein Herz oft tief ber\u00fchrt und mich hier sehr gl\u00fccklich, erf\u00fcllt und gesund sein lassen.<\/p>\n<p style=\"font-weight: 400;\"><strong>Daf\u00fcr allen aus tiefem Herzen ganz grossen Dank!<\/strong><\/p>\n<p style=\"font-weight: 400;\"><em>Claudia Rederer, Freiwilligeneinsatz Oktober 2023 bis M\u00e4rz 2024<\/em><\/p>\n<p style=\"font-weight: 400;\"><strong>\u00a0<\/strong><\/p>\n<p style=\"font-weight: 400;\"><strong>AFS Biographie<\/strong><\/p>\n<p style=\"font-weight: 400;\">1970\/71\u00a0\u00a0\u00a0\u00a0\u00a0\u00a0\u00a0\u00a0\u00a0\u00a0\u00a0\u00a0\u00a0\u00a0\u00a0 exchange student in Oakmont, PA, Oakmont Highschool<\/p>\n<p style=\"font-weight: 400;\">1973-77 \u00a0\u00a0\u00a0\u00a0\u00a0\u00a0\u00a0\u00a0\u00a0\u00a0\u00a0\u00a0\u00a0\u00a0 staff member AFS Swiss Office in Zurich<\/p>\n<p style=\"font-weight: 400;\">Ab 1977\u00a0\u00a0\u00a0\u00a0\u00a0\u00a0\u00a0\u00a0\u00a0\u00a0\u00a0\u00a0\u00a0\u00a0\u00a0 AFS volunteer, u.a. Redaktion AFS Bulletin (fr\u00fcheres ACROSS), Mitarbeit auf lokal und national (counselling, selection interviews, etc) sowie Europ. Ebene (EFIL Youth Forum)<\/p>\n<p style=\"font-weight: 400;\">2003\/04\u00a0 \u00a0\u00a0\u00a0\u00a0\u00a0\u00a0\u00a0\u00a0\u00a0\u00a0\u00a0\u00a0 host family to Ray from China<\/p>\n<p style=\"font-weight: 400;\">\n","protected":false},"excerpt":{"rendered":"<p>Claudia Rederer, Psychologin und Psychotherapeutin, war Schweizer Freiwillige in der Fundaci\u00f3n Consciente in Gotera\/El Salvador (Oktober 2023 bis M\u00e4rz 2024)&hellip;<\/p>\n","protected":false},"author":938,"featured_media":0,"comment_status":"closed","ping_status":"closed","sticky":false,"template":"","format":"standard","meta":{"footnotes":""},"categories":[900,899],"tags":[],"class_list":["post-59148","post","type-post","status-publish","format-standard","hentry","category-900","category-across"],"yoast_head":"<!-- This site is optimized with the Yoast SEO plugin v26.6 - https:\/\/yoast.com\/wordpress\/plugins\/seo\/ -->\n<title>Austauschprogramm mit 70 - mit AFS nach USA mit Consciente nach El Salvador - Intercultural Programs<\/title>\n<meta name=\"robots\" content=\"index, follow, max-snippet:-1, max-image-preview:large, max-video-preview:-1\" \/>\n<link rel=\"canonical\" href=\"https:\/\/www.afs.ch\/fr\/across\/programme-de-volontariat-a-70\/\" \/>\n<meta property=\"og:locale\" content=\"fr_FR\" \/>\n<meta property=\"og:type\" content=\"article\" \/>\n<meta property=\"og:title\" content=\"Austauschprogramm mit 70 - mit AFS nach USA mit Consciente nach El Salvador - Intercultural Programs\" \/>\n<meta property=\"og:description\" content=\"Claudia Rederer, Psychologin und Psychotherapeutin, war Schweizer Freiwillige in der Fundaci\u00f3n Consciente in Gotera\/El Salvador (Oktober 2023 bis M\u00e4rz 2024)&hellip;\" \/>\n<meta property=\"og:url\" content=\"https:\/\/www.afs.ch\/fr\/across\/programme-de-volontariat-a-70\/\" \/>\n<meta property=\"og:site_name\" content=\"Intercultural Programs\" \/>\n<meta property=\"article:publisher\" content=\"https:\/\/www.facebook.com\/afsswitzerland\/\" \/>\n<meta property=\"article:published_time\" content=\"2025-03-24T20:20:03+00:00\" \/>\n<meta property=\"og:image\" content=\"https:\/\/switzerland.afssite.afs.org\/wp-content\/uploads\/sites\/71\/2025\/03\/5_Rederer01-401x650.png\" \/>\n<meta name=\"author\" content=\"florianbachofner\" \/>\n<meta name=\"twitter:card\" content=\"summary_large_image\" \/>\n<meta name=\"twitter:creator\" content=\"@afs_ch\" \/>\n<meta name=\"twitter:site\" content=\"@afs_ch\" \/>\n<meta name=\"twitter:label1\" content=\"Written by\" \/>\n\t<meta name=\"twitter:data1\" content=\"florianbachofner\" \/>\n\t<meta name=\"twitter:label2\" content=\"Est. reading time\" \/>\n\t<meta name=\"twitter:data2\" content=\"10 minutes\" \/>\n<script type=\"application\/ld+json\" class=\"yoast-schema-graph\">{\"@context\":\"https:\/\/schema.org\",\"@graph\":[{\"@type\":\"WebPage\",\"@id\":\"https:\/\/www.afs.ch\/fr\/across\/programme-de-volontariat-a-70\/\",\"url\":\"https:\/\/www.afs.ch\/fr\/across\/programme-de-volontariat-a-70\/\",\"name\":\"Austauschprogramm mit 70 - mit AFS nach USA mit Consciente nach El Salvador - Intercultural Programs\",\"isPartOf\":{\"@id\":\"https:\/\/www.afs.ch\/fr\/#website\"},\"primaryImageOfPage\":{\"@id\":\"https:\/\/www.afs.ch\/fr\/across\/programme-de-volontariat-a-70\/#primaryimage\"},\"image\":{\"@id\":\"https:\/\/www.afs.ch\/fr\/across\/programme-de-volontariat-a-70\/#primaryimage\"},\"thumbnailUrl\":\"https:\/\/switzerland.afssite.afs.org\/wp-content\/uploads\/sites\/71\/2025\/03\/5_Rederer01-401x650.png\",\"datePublished\":\"2025-03-24T20:20:03+00:00\",\"author\":{\"@id\":\"https:\/\/www.afs.ch\/fr\/#\/schema\/person\/04523bd6eb022f944ab7203f151939e3\"},\"breadcrumb\":{\"@id\":\"https:\/\/www.afs.ch\/fr\/across\/programme-de-volontariat-a-70\/#breadcrumb\"},\"inLanguage\":\"fr-FR\",\"potentialAction\":[{\"@type\":\"ReadAction\",\"target\":[\"https:\/\/www.afs.ch\/fr\/across\/programme-de-volontariat-a-70\/\"]}]},{\"@type\":\"ImageObject\",\"inLanguage\":\"fr-FR\",\"@id\":\"https:\/\/www.afs.ch\/fr\/across\/programme-de-volontariat-a-70\/#primaryimage\",\"url\":\"https:\/\/switzerland.afssite.afs.org\/wp-content\/uploads\/sites\/71\/2025\/03\/5_Rederer01-401x650.png\",\"contentUrl\":\"https:\/\/switzerland.afssite.afs.org\/wp-content\/uploads\/sites\/71\/2025\/03\/5_Rederer01-401x650.png\"},{\"@type\":\"BreadcrumbList\",\"@id\":\"https:\/\/www.afs.ch\/fr\/across\/programme-de-volontariat-a-70\/#breadcrumb\",\"itemListElement\":[{\"@type\":\"ListItem\",\"position\":1,\"name\":\"Home\",\"item\":\"https:\/\/switzerland.afssite.afs.org\/fr\/\"},{\"@type\":\"ListItem\",\"position\":2,\"name\":\"Austauschprogramm mit 70 &#8211; mit AFS nach USA mit Consciente nach El Salvador\"}]},{\"@type\":\"WebSite\",\"@id\":\"https:\/\/www.afs.ch\/fr\/#website\",\"url\":\"https:\/\/www.afs.ch\/fr\/\",\"name\":\"Interkulturelle Programme\",\"description\":\"Switzerland\",\"potentialAction\":[{\"@type\":\"SearchAction\",\"target\":{\"@type\":\"EntryPoint\",\"urlTemplate\":\"https:\/\/www.afs.ch\/fr\/?s={search_term_string}\"},\"query-input\":{\"@type\":\"PropertyValueSpecification\",\"valueRequired\":true,\"valueName\":\"search_term_string\"}}],\"inLanguage\":\"fr-FR\"},{\"@type\":\"Person\",\"@id\":\"https:\/\/www.afs.ch\/fr\/#\/schema\/person\/04523bd6eb022f944ab7203f151939e3\",\"name\":\"florianbachofner\",\"image\":{\"@type\":\"ImageObject\",\"inLanguage\":\"fr-FR\",\"@id\":\"https:\/\/www.afs.ch\/fr\/#\/schema\/person\/image\/\",\"url\":\"https:\/\/secure.gravatar.com\/avatar\/e9e2c85c1aaa31b2e9533875191ba5459162538ff3d200d2f6d54d3122be72ae?s=96&d=mm&r=g\",\"contentUrl\":\"https:\/\/secure.gravatar.com\/avatar\/e9e2c85c1aaa31b2e9533875191ba5459162538ff3d200d2f6d54d3122be72ae?s=96&d=mm&r=g\",\"caption\":\"florianbachofner\"},\"url\":\"https:\/\/www.afs.ch\/fr\/author\/florianbachofner\/\"}]}<\/script>\n<!-- \/ Yoast SEO plugin. -->","yoast_head_json":{"title":"Austauschprogramm mit 70 - mit AFS nach USA mit Consciente nach El Salvador - Intercultural Programs","robots":{"index":"index","follow":"follow","max-snippet":"max-snippet:-1","max-image-preview":"max-image-preview:large","max-video-preview":"max-video-preview:-1"},"canonical":"https:\/\/www.afs.ch\/fr\/across\/programme-de-volontariat-a-70\/","og_locale":"fr_FR","og_type":"article","og_title":"Austauschprogramm mit 70 - mit AFS nach USA mit Consciente nach El Salvador - Intercultural Programs","og_description":"Claudia Rederer, Psychologin und Psychotherapeutin, war Schweizer Freiwillige in der Fundaci\u00f3n Consciente in Gotera\/El Salvador (Oktober 2023 bis M\u00e4rz 2024)&hellip;","og_url":"https:\/\/www.afs.ch\/fr\/across\/programme-de-volontariat-a-70\/","og_site_name":"Intercultural Programs","article_publisher":"https:\/\/www.facebook.com\/afsswitzerland\/","article_published_time":"2025-03-24T20:20:03+00:00","og_image":[{"url":"https:\/\/switzerland.afssite.afs.org\/wp-content\/uploads\/sites\/71\/2025\/03\/5_Rederer01-401x650.png","type":"","width":"","height":""}],"author":"florianbachofner","twitter_card":"summary_large_image","twitter_creator":"@afs_ch","twitter_site":"@afs_ch","twitter_misc":{"Written by":"florianbachofner","Est. reading time":"10 minutes"},"schema":{"@context":"https:\/\/schema.org","@graph":[{"@type":"WebPage","@id":"https:\/\/www.afs.ch\/fr\/across\/programme-de-volontariat-a-70\/","url":"https:\/\/www.afs.ch\/fr\/across\/programme-de-volontariat-a-70\/","name":"Austauschprogramm mit 70 - mit AFS nach USA mit Consciente nach El Salvador - Intercultural Programs","isPartOf":{"@id":"https:\/\/www.afs.ch\/fr\/#website"},"primaryImageOfPage":{"@id":"https:\/\/www.afs.ch\/fr\/across\/programme-de-volontariat-a-70\/#primaryimage"},"image":{"@id":"https:\/\/www.afs.ch\/fr\/across\/programme-de-volontariat-a-70\/#primaryimage"},"thumbnailUrl":"https:\/\/switzerland.afssite.afs.org\/wp-content\/uploads\/sites\/71\/2025\/03\/5_Rederer01-401x650.png","datePublished":"2025-03-24T20:20:03+00:00","author":{"@id":"https:\/\/www.afs.ch\/fr\/#\/schema\/person\/04523bd6eb022f944ab7203f151939e3"},"breadcrumb":{"@id":"https:\/\/www.afs.ch\/fr\/across\/programme-de-volontariat-a-70\/#breadcrumb"},"inLanguage":"fr-FR","potentialAction":[{"@type":"ReadAction","target":["https:\/\/www.afs.ch\/fr\/across\/programme-de-volontariat-a-70\/"]}]},{"@type":"ImageObject","inLanguage":"fr-FR","@id":"https:\/\/www.afs.ch\/fr\/across\/programme-de-volontariat-a-70\/#primaryimage","url":"https:\/\/switzerland.afssite.afs.org\/wp-content\/uploads\/sites\/71\/2025\/03\/5_Rederer01-401x650.png","contentUrl":"https:\/\/switzerland.afssite.afs.org\/wp-content\/uploads\/sites\/71\/2025\/03\/5_Rederer01-401x650.png"},{"@type":"BreadcrumbList","@id":"https:\/\/www.afs.ch\/fr\/across\/programme-de-volontariat-a-70\/#breadcrumb","itemListElement":[{"@type":"ListItem","position":1,"name":"Home","item":"https:\/\/switzerland.afssite.afs.org\/fr\/"},{"@type":"ListItem","position":2,"name":"Austauschprogramm mit 70 &#8211; mit AFS nach USA mit Consciente nach El Salvador"}]},{"@type":"WebSite","@id":"https:\/\/www.afs.ch\/fr\/#website","url":"https:\/\/www.afs.ch\/fr\/","name":"Interkulturelle Programme","description":"Switzerland","potentialAction":[{"@type":"SearchAction","target":{"@type":"EntryPoint","urlTemplate":"https:\/\/www.afs.ch\/fr\/?s={search_term_string}"},"query-input":{"@type":"PropertyValueSpecification","valueRequired":true,"valueName":"search_term_string"}}],"inLanguage":"fr-FR"},{"@type":"Person","@id":"https:\/\/www.afs.ch\/fr\/#\/schema\/person\/04523bd6eb022f944ab7203f151939e3","name":"florianbachofner","image":{"@type":"ImageObject","inLanguage":"fr-FR","@id":"https:\/\/www.afs.ch\/fr\/#\/schema\/person\/image\/","url":"https:\/\/secure.gravatar.com\/avatar\/e9e2c85c1aaa31b2e9533875191ba5459162538ff3d200d2f6d54d3122be72ae?s=96&d=mm&r=g","contentUrl":"https:\/\/secure.gravatar.com\/avatar\/e9e2c85c1aaa31b2e9533875191ba5459162538ff3d200d2f6d54d3122be72ae?s=96&d=mm&r=g","caption":"florianbachofner"},"url":"https:\/\/www.afs.ch\/fr\/author\/florianbachofner\/"}]}},"_links":{"self":[{"href":"https:\/\/www.afs.ch\/fr\/wp-json\/wp\/v2\/posts\/59148","targetHints":{"allow":["GET"]}}],"collection":[{"href":"https:\/\/www.afs.ch\/fr\/wp-json\/wp\/v2\/posts"}],"about":[{"href":"https:\/\/www.afs.ch\/fr\/wp-json\/wp\/v2\/types\/post"}],"author":[{"embeddable":true,"href":"https:\/\/www.afs.ch\/fr\/wp-json\/wp\/v2\/users\/938"}],"replies":[{"embeddable":true,"href":"https:\/\/www.afs.ch\/fr\/wp-json\/wp\/v2\/comments?post=59148"}],"version-history":[{"count":6,"href":"https:\/\/www.afs.ch\/fr\/wp-json\/wp\/v2\/posts\/59148\/revisions"}],"predecessor-version":[{"id":59619,"href":"https:\/\/www.afs.ch\/fr\/wp-json\/wp\/v2\/posts\/59148\/revisions\/59619"}],"wp:attachment":[{"href":"https:\/\/www.afs.ch\/fr\/wp-json\/wp\/v2\/media?parent=59148"}],"wp:term":[{"taxonomy":"category","embeddable":true,"href":"https:\/\/www.afs.ch\/fr\/wp-json\/wp\/v2\/categories?post=59148"},{"taxonomy":"post_tag","embeddable":true,"href":"https:\/\/www.afs.ch\/fr\/wp-json\/wp\/v2\/tags?post=59148"}],"curies":[{"name":"wp","href":"https:\/\/api.w.org\/{rel}","templated":true}]}}