{"id":59157,"date":"2025-03-24T21:14:11","date_gmt":"2025-03-24T20:14:11","guid":{"rendered":"https:\/\/switzerland.afssite.afs.org\/?p=59157"},"modified":"2025-03-31T13:23:12","modified_gmt":"2025-03-31T12:23:12","slug":"besuch-im-bundeshaus","status":"publish","type":"post","link":"https:\/\/www.afs.ch\/fr\/across\/besuch-im-bundeshaus\/","title":{"rendered":"Les \u00e9tudiants de l&rsquo;AFS visitent le Palais f\u00e9d\u00e9ral suisse"},"content":{"rendered":"<style>.post-meta {display:none;}<\/style>\n<p>Pour les \u00e9tudiants d&rsquo;\u00e9change qui viennent en Suisse avec AFS Intercultural Programs, la visite du Palais f\u00e9d\u00e9ral \u00e0 Berne fait partie des points forts absolus de leur s\u00e9jour. Il ne s&rsquo;agit pas seulement de visiter l&rsquo;impressionnant b\u00e2timent, mais aussi de se familiariser avec le syst\u00e8me politique suisse.<\/p>\n<p>Afin de pr\u00e9parer au mieux la visite, les \u00e9tudiants d&rsquo;\u00e9change sont pri\u00e9s de se pencher au pr\u00e9alable sur la d\u00e9mocratie suisse et l&rsquo;histoire du Palais f\u00e9d\u00e9ral. Ce faisant, ils posent toujours des questions int\u00e9ressantes et vari\u00e9es &#8211; cette ann\u00e9e, par exemple : \u00ab En quoi le syst\u00e8me politique suisse se distingue-t-il des autres d\u00e9mocraties? \u00bb ou \u00ab Pourquoi la d\u00e9mocratie directe est-elle si importante en Suisse? \u00bb. Cette curiosit\u00e9 et cet int\u00e9r\u00eat donnent toujours lieu \u00e0 des discussions anim\u00e9es et \u00e0 des \u00e9changes intenses.<\/p>\n<p>Le trajet jusqu&rsquo;au Palais f\u00e9d\u00e9ral est d\u00e9j\u00e0 une exp\u00e9rience en soi : comme dans un a\u00e9roport, tous les visiteurs sont soumis \u00e0 des contr\u00f4les de s\u00e9curit\u00e9 et les liquides ne sont pas autoris\u00e9s. Ces mesures de s\u00e9curit\u00e9 soulignent l&rsquo;importance du lieu et rendent la visite encore plus passionnante.<\/p>\n<p>L&rsquo;invitation du conseiller national Gerhard Andrey a \u00e9t\u00e9 un moment particuli\u00e8rement fort cette ann\u00e9e. En tant que p\u00e8re d&rsquo;\u00e9change et p\u00e8re d&rsquo;accueil chez AFS, il conna\u00eet de premi\u00e8re main l&rsquo;importance des rencontres interculturelles. Les \u00e9l\u00e8ves ont eu l&rsquo;occasion rare de visiter une salle de r\u00e9union \u00e9quip\u00e9e d&rsquo;un interphone sp\u00e9cial et d&rsquo;apprendre de premi\u00e8re main comment se d\u00e9roulent les discussions et les d\u00e9cisions politiques.<\/p>\n<p><figure class=\"wp-image-wrap\"><img loading=\"lazy\" decoding=\"async\" class=\"alignnone size-medium wp-image-59677\" src=\"https:\/\/d22dvihj4pfop3.cloudfront.net\/wp-content\/uploads\/sites\/71\/2025\/03\/31131800\/20241112_153156-650x488.jpg\" alt=\"\" width=\"650\" height=\"488\" \/><\/figure> <figure class=\"wp-image-wrap\"><img loading=\"lazy\" decoding=\"async\" class=\"alignnone size-medium wp-image-59676\" src=\"https:\/\/d22dvihj4pfop3.cloudfront.net\/wp-content\/uploads\/sites\/71\/2025\/03\/31131741\/20241112_142814-650x488.jpg\" alt=\"\" width=\"650\" height=\"488\" \/><\/figure> <figure class=\"wp-image-wrap\"><img loading=\"lazy\" decoding=\"async\" class=\"alignnone size-medium wp-image-59680\" src=\"https:\/\/d22dvihj4pfop3.cloudfront.net\/wp-content\/uploads\/sites\/71\/2025\/03\/31131948\/20241112_IMG_630_1-488x650.jpg\" alt=\"\" width=\"488\" height=\"650\" \/><\/figure> <figure class=\"wp-image-wrap\"><img loading=\"lazy\" decoding=\"async\" class=\"alignnone size-medium wp-image-59681\" src=\"https:\/\/d22dvihj4pfop3.cloudfront.net\/wp-content\/uploads\/sites\/71\/2025\/03\/31131953\/20241112_IMG_630_6-488x650.jpg\" alt=\"\" width=\"488\" height=\"650\" \/><\/figure> <figure class=\"wp-image-wrap\"><img loading=\"lazy\" decoding=\"async\" class=\"alignnone size-medium wp-image-59682\" src=\"https:\/\/d22dvihj4pfop3.cloudfront.net\/wp-content\/uploads\/sites\/71\/2025\/03\/31131959\/20241112_IMG_630_7-488x650.jpg\" alt=\"\" width=\"488\" height=\"650\" \/><\/figure> <figure class=\"wp-image-wrap\"><img loading=\"lazy\" decoding=\"async\" class=\"alignnone size-medium wp-image-59683\" src=\"https:\/\/d22dvihj4pfop3.cloudfront.net\/wp-content\/uploads\/sites\/71\/2025\/03\/31132005\/20241112_IMG_630_13-650x488.jpg\" alt=\"\" width=\"650\" height=\"488\" \/><\/figure> <figure class=\"wp-image-wrap\"><img loading=\"lazy\" decoding=\"async\" class=\"alignnone size-medium wp-image-59684\" src=\"https:\/\/d22dvihj4pfop3.cloudfront.net\/wp-content\/uploads\/sites\/71\/2025\/03\/31132012\/20241112_IMG_630_15-650x488.jpg\" alt=\"\" width=\"650\" height=\"488\" \/><\/figure><\/p>\n","protected":false},"excerpt":{"rendered":"<p>Pour les \u00e9tudiants d&rsquo;\u00e9change qui viennent en Suisse avec AFS Intercultural Programs, la visite du Palais f\u00e9d\u00e9ral \u00e0 Berne fait&hellip;<\/p>\n","protected":false},"author":938,"featured_media":0,"comment_status":"closed","ping_status":"closed","sticky":false,"template":"","format":"standard","meta":{"footnotes":""},"categories":[900,899],"tags":[],"class_list":["post-59157","post","type-post","status-publish","format-standard","hentry","category-900","category-across"],"yoast_head":"<!-- This site is optimized with the Yoast SEO plugin v26.6 - https:\/\/yoast.com\/wordpress\/plugins\/seo\/ -->\n<title>Les \u00e9tudiants de l&#039;AFS visitent le Palais f\u00e9d\u00e9ral suisse - Intercultural Programs<\/title>\n<meta name=\"robots\" content=\"index, follow, max-snippet:-1, max-image-preview:large, max-video-preview:-1\" \/>\n<link rel=\"canonical\" href=\"https:\/\/www.afs.ch\/fr\/across\/besuch-im-bundeshaus\/\" \/>\n<meta property=\"og:locale\" content=\"fr_FR\" \/>\n<meta property=\"og:type\" content=\"article\" \/>\n<meta property=\"og:title\" content=\"Les \u00e9tudiants de l&#039;AFS visitent le Palais f\u00e9d\u00e9ral suisse - Intercultural Programs\" \/>\n<meta property=\"og:description\" content=\"Pour les \u00e9tudiants d&rsquo;\u00e9change qui viennent en Suisse avec AFS Intercultural Programs, la visite du Palais f\u00e9d\u00e9ral \u00e0 Berne fait&hellip;\" \/>\n<meta property=\"og:url\" content=\"https:\/\/www.afs.ch\/fr\/across\/besuch-im-bundeshaus\/\" \/>\n<meta property=\"og:site_name\" content=\"Intercultural Programs\" \/>\n<meta property=\"article:publisher\" content=\"https:\/\/www.facebook.com\/afsswitzerland\/\" \/>\n<meta property=\"article:published_time\" content=\"2025-03-24T20:14:11+00:00\" \/>\n<meta property=\"article:modified_time\" content=\"2025-03-31T12:23:12+00:00\" \/>\n<meta property=\"og:image\" content=\"https:\/\/switzerland.afssite.afs.org\/wp-content\/uploads\/sites\/71\/2025\/03\/20241112_153156-650x488.jpg\" \/>\n<meta name=\"author\" content=\"florianbachofner\" \/>\n<meta name=\"twitter:card\" content=\"summary_large_image\" \/>\n<meta name=\"twitter:creator\" content=\"@afs_ch\" \/>\n<meta name=\"twitter:site\" content=\"@afs_ch\" \/>\n<meta name=\"twitter:label1\" content=\"Written by\" \/>\n\t<meta name=\"twitter:data1\" content=\"florianbachofner\" \/>\n\t<meta name=\"twitter:label2\" content=\"Est. reading time\" \/>\n\t<meta name=\"twitter:data2\" content=\"3 minutes\" \/>\n<script type=\"application\/ld+json\" class=\"yoast-schema-graph\">{\"@context\":\"https:\/\/schema.org\",\"@graph\":[{\"@type\":\"WebPage\",\"@id\":\"https:\/\/www.afs.ch\/fr\/across\/besuch-im-bundeshaus\/\",\"url\":\"https:\/\/www.afs.ch\/fr\/across\/besuch-im-bundeshaus\/\",\"name\":\"Les \u00e9tudiants de l'AFS visitent le Palais f\u00e9d\u00e9ral suisse - Intercultural Programs\",\"isPartOf\":{\"@id\":\"https:\/\/www.afs.ch\/fr\/#website\"},\"primaryImageOfPage\":{\"@id\":\"https:\/\/www.afs.ch\/fr\/across\/besuch-im-bundeshaus\/#primaryimage\"},\"image\":{\"@id\":\"https:\/\/www.afs.ch\/fr\/across\/besuch-im-bundeshaus\/#primaryimage\"},\"thumbnailUrl\":\"https:\/\/switzerland.afssite.afs.org\/wp-content\/uploads\/sites\/71\/2025\/03\/20241112_153156-650x488.jpg\",\"datePublished\":\"2025-03-24T20:14:11+00:00\",\"dateModified\":\"2025-03-31T12:23:12+00:00\",\"author\":{\"@id\":\"https:\/\/www.afs.ch\/fr\/#\/schema\/person\/04523bd6eb022f944ab7203f151939e3\"},\"breadcrumb\":{\"@id\":\"https:\/\/www.afs.ch\/fr\/across\/besuch-im-bundeshaus\/#breadcrumb\"},\"inLanguage\":\"fr-FR\",\"potentialAction\":[{\"@type\":\"ReadAction\",\"target\":[\"https:\/\/www.afs.ch\/fr\/across\/besuch-im-bundeshaus\/\"]}]},{\"@type\":\"ImageObject\",\"inLanguage\":\"fr-FR\",\"@id\":\"https:\/\/www.afs.ch\/fr\/across\/besuch-im-bundeshaus\/#primaryimage\",\"url\":\"https:\/\/switzerland.afssite.afs.org\/wp-content\/uploads\/sites\/71\/2025\/03\/20241112_153156-650x488.jpg\",\"contentUrl\":\"https:\/\/switzerland.afssite.afs.org\/wp-content\/uploads\/sites\/71\/2025\/03\/20241112_153156-650x488.jpg\"},{\"@type\":\"BreadcrumbList\",\"@id\":\"https:\/\/www.afs.ch\/fr\/across\/besuch-im-bundeshaus\/#breadcrumb\",\"itemListElement\":[{\"@type\":\"ListItem\",\"position\":1,\"name\":\"Home\",\"item\":\"https:\/\/switzerland.afssite.afs.org\/fr\/\"},{\"@type\":\"ListItem\",\"position\":2,\"name\":\"Les \u00e9tudiants de l&#8217;AFS visitent le Palais f\u00e9d\u00e9ral suisse\"}]},{\"@type\":\"WebSite\",\"@id\":\"https:\/\/www.afs.ch\/fr\/#website\",\"url\":\"https:\/\/www.afs.ch\/fr\/\",\"name\":\"Interkulturelle Programme\",\"description\":\"Switzerland\",\"potentialAction\":[{\"@type\":\"SearchAction\",\"target\":{\"@type\":\"EntryPoint\",\"urlTemplate\":\"https:\/\/www.afs.ch\/fr\/?s={search_term_string}\"},\"query-input\":{\"@type\":\"PropertyValueSpecification\",\"valueRequired\":true,\"valueName\":\"search_term_string\"}}],\"inLanguage\":\"fr-FR\"},{\"@type\":\"Person\",\"@id\":\"https:\/\/www.afs.ch\/fr\/#\/schema\/person\/04523bd6eb022f944ab7203f151939e3\",\"name\":\"florianbachofner\",\"image\":{\"@type\":\"ImageObject\",\"inLanguage\":\"fr-FR\",\"@id\":\"https:\/\/www.afs.ch\/fr\/#\/schema\/person\/image\/\",\"url\":\"https:\/\/secure.gravatar.com\/avatar\/e9e2c85c1aaa31b2e9533875191ba5459162538ff3d200d2f6d54d3122be72ae?s=96&d=mm&r=g\",\"contentUrl\":\"https:\/\/secure.gravatar.com\/avatar\/e9e2c85c1aaa31b2e9533875191ba5459162538ff3d200d2f6d54d3122be72ae?s=96&d=mm&r=g\",\"caption\":\"florianbachofner\"},\"url\":\"https:\/\/www.afs.ch\/fr\/author\/florianbachofner\/\"}]}<\/script>\n<!-- \/ Yoast SEO plugin. -->","yoast_head_json":{"title":"Les \u00e9tudiants de l'AFS visitent le Palais f\u00e9d\u00e9ral suisse - Intercultural Programs","robots":{"index":"index","follow":"follow","max-snippet":"max-snippet:-1","max-image-preview":"max-image-preview:large","max-video-preview":"max-video-preview:-1"},"canonical":"https:\/\/www.afs.ch\/fr\/across\/besuch-im-bundeshaus\/","og_locale":"fr_FR","og_type":"article","og_title":"Les \u00e9tudiants de l'AFS visitent le Palais f\u00e9d\u00e9ral suisse - Intercultural Programs","og_description":"Pour les \u00e9tudiants d&rsquo;\u00e9change qui viennent en Suisse avec AFS Intercultural Programs, la visite du Palais f\u00e9d\u00e9ral \u00e0 Berne fait&hellip;","og_url":"https:\/\/www.afs.ch\/fr\/across\/besuch-im-bundeshaus\/","og_site_name":"Intercultural Programs","article_publisher":"https:\/\/www.facebook.com\/afsswitzerland\/","article_published_time":"2025-03-24T20:14:11+00:00","article_modified_time":"2025-03-31T12:23:12+00:00","og_image":[{"url":"https:\/\/switzerland.afssite.afs.org\/wp-content\/uploads\/sites\/71\/2025\/03\/20241112_153156-650x488.jpg","type":"","width":"","height":""}],"author":"florianbachofner","twitter_card":"summary_large_image","twitter_creator":"@afs_ch","twitter_site":"@afs_ch","twitter_misc":{"Written by":"florianbachofner","Est. reading time":"3 minutes"},"schema":{"@context":"https:\/\/schema.org","@graph":[{"@type":"WebPage","@id":"https:\/\/www.afs.ch\/fr\/across\/besuch-im-bundeshaus\/","url":"https:\/\/www.afs.ch\/fr\/across\/besuch-im-bundeshaus\/","name":"Les \u00e9tudiants de l'AFS visitent le Palais f\u00e9d\u00e9ral suisse - Intercultural Programs","isPartOf":{"@id":"https:\/\/www.afs.ch\/fr\/#website"},"primaryImageOfPage":{"@id":"https:\/\/www.afs.ch\/fr\/across\/besuch-im-bundeshaus\/#primaryimage"},"image":{"@id":"https:\/\/www.afs.ch\/fr\/across\/besuch-im-bundeshaus\/#primaryimage"},"thumbnailUrl":"https:\/\/switzerland.afssite.afs.org\/wp-content\/uploads\/sites\/71\/2025\/03\/20241112_153156-650x488.jpg","datePublished":"2025-03-24T20:14:11+00:00","dateModified":"2025-03-31T12:23:12+00:00","author":{"@id":"https:\/\/www.afs.ch\/fr\/#\/schema\/person\/04523bd6eb022f944ab7203f151939e3"},"breadcrumb":{"@id":"https:\/\/www.afs.ch\/fr\/across\/besuch-im-bundeshaus\/#breadcrumb"},"inLanguage":"fr-FR","potentialAction":[{"@type":"ReadAction","target":["https:\/\/www.afs.ch\/fr\/across\/besuch-im-bundeshaus\/"]}]},{"@type":"ImageObject","inLanguage":"fr-FR","@id":"https:\/\/www.afs.ch\/fr\/across\/besuch-im-bundeshaus\/#primaryimage","url":"https:\/\/switzerland.afssite.afs.org\/wp-content\/uploads\/sites\/71\/2025\/03\/20241112_153156-650x488.jpg","contentUrl":"https:\/\/switzerland.afssite.afs.org\/wp-content\/uploads\/sites\/71\/2025\/03\/20241112_153156-650x488.jpg"},{"@type":"BreadcrumbList","@id":"https:\/\/www.afs.ch\/fr\/across\/besuch-im-bundeshaus\/#breadcrumb","itemListElement":[{"@type":"ListItem","position":1,"name":"Home","item":"https:\/\/switzerland.afssite.afs.org\/fr\/"},{"@type":"ListItem","position":2,"name":"Les \u00e9tudiants de l&#8217;AFS visitent le Palais f\u00e9d\u00e9ral suisse"}]},{"@type":"WebSite","@id":"https:\/\/www.afs.ch\/fr\/#website","url":"https:\/\/www.afs.ch\/fr\/","name":"Interkulturelle Programme","description":"Switzerland","potentialAction":[{"@type":"SearchAction","target":{"@type":"EntryPoint","urlTemplate":"https:\/\/www.afs.ch\/fr\/?s={search_term_string}"},"query-input":{"@type":"PropertyValueSpecification","valueRequired":true,"valueName":"search_term_string"}}],"inLanguage":"fr-FR"},{"@type":"Person","@id":"https:\/\/www.afs.ch\/fr\/#\/schema\/person\/04523bd6eb022f944ab7203f151939e3","name":"florianbachofner","image":{"@type":"ImageObject","inLanguage":"fr-FR","@id":"https:\/\/www.afs.ch\/fr\/#\/schema\/person\/image\/","url":"https:\/\/secure.gravatar.com\/avatar\/e9e2c85c1aaa31b2e9533875191ba5459162538ff3d200d2f6d54d3122be72ae?s=96&d=mm&r=g","contentUrl":"https:\/\/secure.gravatar.com\/avatar\/e9e2c85c1aaa31b2e9533875191ba5459162538ff3d200d2f6d54d3122be72ae?s=96&d=mm&r=g","caption":"florianbachofner"},"url":"https:\/\/www.afs.ch\/fr\/author\/florianbachofner\/"}]}},"_links":{"self":[{"href":"https:\/\/www.afs.ch\/fr\/wp-json\/wp\/v2\/posts\/59157","targetHints":{"allow":["GET"]}}],"collection":[{"href":"https:\/\/www.afs.ch\/fr\/wp-json\/wp\/v2\/posts"}],"about":[{"href":"https:\/\/www.afs.ch\/fr\/wp-json\/wp\/v2\/types\/post"}],"author":[{"embeddable":true,"href":"https:\/\/www.afs.ch\/fr\/wp-json\/wp\/v2\/users\/938"}],"replies":[{"embeddable":true,"href":"https:\/\/www.afs.ch\/fr\/wp-json\/wp\/v2\/comments?post=59157"}],"version-history":[{"count":8,"href":"https:\/\/www.afs.ch\/fr\/wp-json\/wp\/v2\/posts\/59157\/revisions"}],"predecessor-version":[{"id":59697,"href":"https:\/\/www.afs.ch\/fr\/wp-json\/wp\/v2\/posts\/59157\/revisions\/59697"}],"wp:attachment":[{"href":"https:\/\/www.afs.ch\/fr\/wp-json\/wp\/v2\/media?parent=59157"}],"wp:term":[{"taxonomy":"category","embeddable":true,"href":"https:\/\/www.afs.ch\/fr\/wp-json\/wp\/v2\/categories?post=59157"},{"taxonomy":"post_tag","embeddable":true,"href":"https:\/\/www.afs.ch\/fr\/wp-json\/wp\/v2\/tags?post=59157"}],"curies":[{"name":"wp","href":"https:\/\/api.w.org\/{rel}","templated":true}]}}