{"id":59167,"date":"2025-03-23T21:07:22","date_gmt":"2025-03-23T20:07:22","guid":{"rendered":"https:\/\/switzerland.afssite.afs.org\/?p=59167"},"modified":"2025-03-24T21:19:07","modified_gmt":"2025-03-24T20:19:07","slug":"franz-fischlin","status":"publish","type":"post","link":"https:\/\/www.afs.ch\/fr\/across\/franz-fischlin\/","title":{"rendered":"Franz Fischlin &#8211; Interview zu You Media und Medienkompetenz"},"content":{"rendered":"<style>.post-meta {display:none;}<\/style>\n<p style=\"font-weight: 400;\"><strong><figure class=\"wp-image-wrap\"><img loading=\"lazy\" decoding=\"async\" class=\"alignnone size-medium wp-image-59572\" src=\"https:\/\/d22dvihj4pfop3.cloudfront.net\/wp-content\/uploads\/sites\/71\/2025\/02\/23210442\/3_Fischlin-650x366.png\" alt=\"\" width=\"650\" height=\"366\" \/><\/figure>Franz, du hast mit \u201eYouMedia\u201c eine Initiative gestartet, die Jugendlichen Medienkompetenz n\u00e4herbringt. Was hat dich dazu inspiriert, dieses Projekt ins Leben zu rufen?<\/strong><\/p>\n<p style=\"font-weight: 400;\">Das Thema Jugend und Medien besch\u00e4ftigt mich schon lange. Insbesondere die Frage: wie und wo informieren sich junge Menschen? Bereits 2017 initiierte ich, zusammen mit 2 anderen Journalisten, die Jugendmedienwoche \u201eYouNews\u201c. Damit erm\u00f6glichen wir Jugendlichen jeweils einmal im Jahr den Einblick hinter die Kulissen von ganz unterschiedlichen Medienh\u00e4usern. Radio,- TV-, Online- und Zeitungsredaktionen. Damit sie erleben, wie Fakten recherchiert werden und Beitr\u00e4ge entstehen.\u00a0 Die 13- bis 20-J\u00e4hrigen k\u00f6nnen aber nicht nur zuschauen, sondern selber kreativ und aktiv sein. Als ich mich vor rund zweieinhalb Jahren selbstst\u00e4ndig machte, habe ich das kleine Nonprofit-Startup YouMedia aufgebaut. YouMedia bietet neben der erw\u00e4hnten Jugendmedienwoche YouNews auch sogenannte Newscamps f\u00fcr Schulen an. Und: In diesem Jahr vergeben wir erstmals einen eigenen Jugendmedienpreis, was es in dieser Form in der Schweiz noch nicht gab. Der Preis soll zeigen, wie kreativ, innovativ und spannend die junge Generation ist, \u00fcber die ja oft, wie ich finde, zu oft und zu unrecht eher negativ gesprochen wird.<\/p>\n<p style=\"font-weight: 400;\"><strong>Fake News sind ein grosses Problem. Wie k\u00f6nnen wir junge Menschen darauf vorbereiten, zwischen echten und falschen Informationen zu unterscheiden?<\/strong><\/p>\n<p style=\"font-weight: 400;\">Dies ist tats\u00e4chlich eine riesige Herausforderung. Fake News gab es zwar auch schon fr\u00fcher. Aber die Technologien wie etwa KI entwickeln sich in atemberaubendem Tempo weiter und erm\u00f6glichen so verbl\u00fcffend echt aussehende Manipulationen. Es gibt Fotos und Videos, bei denen es schlicht nicht mehr m\u00f6glich ist, zu erkennen, ob sie echt oder gef\u00e4lscht sind. Erschwerend hinzu kommt das Tempo der Verbreitung von Fakenews im Internet. K\u00fcrzlich ist das Resultat der Pr\u00e4sidentenwahl in Rum\u00e4nien f\u00fcr ung\u00fcltig erkl\u00e4rt worden, weil es nachweislich aufgrund einer Desinformationskapagne auf Tiktok zustande kam. Ich denke, die besten Mittel gegen Fakenews sind Sensibilisierung, Aufkl\u00e4rung und ganz grunds\u00e4tzlich kritisches Denken.<\/p>\n<p style=\"font-weight: 400;\"><strong>Welche Herausforderungen siehst du in der heutigen digitalen Medienlandschaft f\u00fcr Jugendliche?<\/strong><\/p>\n<p style=\"font-weight: 400;\">Fast 100% der Jugendlichen ab 12 Jahren besitzen heute ein Handy. Sie sind praktisch jede freie Minute online und konsumieren stundenlang Social Media-Inhalte. Sie orientieren sich stark an anderen und holen Informationen prim\u00e4r im Netz. Das sage ich nicht wertend, sondern stelle es nur fest. Und ich m\u00f6chte betonen, dass die digitale Welt inzwischen eine dominierende Stellung einnimmt, nicht nur im Leben von Jungen, sondern generationen\u00fcbergreifend. Die Herausforderung f\u00fcr uns alle ist es deshalb angesichts der hohen Quantit\u00e4t Qualit\u00e4t zu erkennen, Zusammenh\u00e4nge zu verstehen und in einer gesunden Balance zu bleiben, was die Zeit betrifft, in der wir uns in der virtuellen und der realen Welt bewegen.<\/p>\n<p style=\"font-weight: 400;\"><strong>Glaubst du, dass Schulen genug tun, um Medienbildung in den Unterricht zu integrieren? Was k\u00f6nnten sie besser machen? M\u00fcsste das zentral gesteuert werden? Was brauchen Jugendliche neben der Schule?<\/strong><\/p>\n<p style=\"font-weight: 400;\">Schulen tun ihr Bestes. Aber auch sie kommen an ihre Grenzen. Ich konnte vor ein paar Wochen YouMedia an einer Stufenkonferenz des Lehrer-Verbandes vorstellen. Und da waren die R\u00fcckmeldungen eindeutig. Die Lehrpersonen sind sich der Wichtigkeit des Themas bewusst, aber neben Medienkompetenz, m\u00fcssen sie noch Stoff in ganzen vielen anderen F\u00e4chern vermitteln. F\u00fcr das spezifische Fach Medien und Informatik ist nur eine Stunde pro Woche vorgesehen. Mit den Angeboten von YouMedia m\u00f6chte ich den Schulen Hilfe leisten. M\u00f6glichst handfest und auch niederschwellig. Ich verfolge einen Peer to Peer Ansatz. Das heisst junge Menschen sind auf Augenh\u00f6he mit anderen jungen Menschen. So kommen im Rahmen des Newscamps junge Mitarbeitende von YouMedia zum Einsatz, die mit ganzen Klassen arbeiten und \u00fcber Medien diskutieren k\u00f6nnen. Das ist jugendgerecht, attraktiv und entlastet erst noch die Lehrpersonen.<\/p>\n<p style=\"font-weight: 400;\"><strong>Sch\u00fcleraustausch und interkulturelle Bildung<\/strong><\/p>\n<p style=\"font-weight: 400;\"><strong>Du bist bekannt daf\u00fcr, \u00fcber gesellschaftliche Themen zu sprechen. Wie bewertest <u>d<\/u><u>u<\/u> die Rolle von Sch\u00fcleraustauschprogrammen in der Pers\u00f6nlichkeitsentwicklung junger Menschen?<\/strong><\/p>\n<p style=\"font-weight: 400;\">Die Rolle ist wichtiger denn je. Gerade in Zeiten, in denen mit Hilfe der sozialen Medien die Welt vermeintlich klein wird, zusammenr\u00fcckt und viele meinen, man kenne sich, sind tats\u00e4chliche Begegnungen mit anderen Menschen, das Leben in einem anderen Land, einer anderen Kultur absolut zentral. Junge Menschen machen Erfahrungen, von denen sie ein Leben lang profitieren.<\/p>\n<p style=\"font-weight: 400;\"><strong>Welche Verbindung siehst du zwischen interkultureller Kompetenz und der F\u00e4higkeit, Medien kritisch zu hinterfragen?<\/strong><\/p>\n<p style=\"font-weight: 400;\">Insofern, als dass man lernt die reale Welt von der medial abgebildeten zu unterscheiden. Dieser Realit\u00e4tscheck hilft, den Blick zu sch\u00e4rfen. Und je nach Land und jeweiliger Medienlandschaft ist es auch aufschlussreich zu sehen, welche Rolle Medien und der Journalismus haben. Gibt es dort unabh\u00e4ngige Zeitungen, Radio- und TV-Stationen? Wie steht es um die Meinungsvielfalt? In der Schweiz sind wir in dieser Hinsicht ja verw\u00f6hnt. Bei uns funktioniert immer noch vieles. So tut es gut, auch mal andere Verh\u00e4ltnisse zu erleben.<\/p>\n<p style=\"font-weight: 400;\"><strong>Deine eigenen Kinder sind AFS-Austauschsch\u00fcler*innen. Was w\u00fcrdest du Eltern raten, die unsicher sind, ob ein Austauschjahr das Richtige f\u00fcr ihr Kind ist?<\/strong><\/p>\n<p style=\"font-weight: 400;\">An erster Stelle kommt das Kind. Wenn es diesen Schritt wagen will, darauf brennt, so eine Erfahrung zu machen, dann ist schon mal eine ganz wichtige Voraussetzung erf\u00fcllt. Hilfreich sind auch die Interviews, die ihr von AFS aus mit den potentiellen Austauschsch\u00fclerinnen und Sch\u00fclern macht. Wir als Eltern k\u00f6nnen diese zum Anlass nehmen, um gemeinsam mit den Kindern vorhandene \u00c4ngste und Unsicherheiten zu besprechen. Und als Vater von 2 Kindern, die mit AFS im Ausland waren, kann ich nur sagen: Loslassen lohnt sich (lacht).<\/p>\n<p style=\"font-weight: 400;\"><strong>Welche Erfahrungen aus deinem eigenen Leben haben deinen Blick auf die Welt gepr\u00e4gt? Glaubst du, dass interkulturelle Erlebnisse eine \u00e4hnliche Wirkung haben?<\/strong><\/p>\n<p style=\"font-weight: 400;\">Als Journalist durfte ich verschiedene L\u00e4nder bereisen. Erfahrungen, aus denen ich einen neuen und anderen Blick gewann, nicht nur auf die Menschen dort, sondern auch auf die Schweiz und auf mein Leben hier. Sei es der Wohlstand, das funktionierende Gesundheitswesen, die politische Stabilit\u00e4t, die Sicherheit, die unabh\u00e4ngige Justiz, die Medienvielfalt \u2013 all das erscheint Dir, wenn Du es mit anderen L\u00e4ndern vergleichen kannst, pl\u00f6tzlich nicht mehr als selbstverst\u00e4ndlich. Wenn ich meinen Kindern zuh\u00f6re, was sie zu erz\u00e4hlen haben und auch meine Frau, die als 16-J\u00e4hrige ebenfalls im Austauschjahr war, dann sehe ich klare Parallelen.<\/p>\n<p style=\"font-weight: 400;\"><strong>Schnittstellen von Medienkompetenz und interkulturellen Erfahrungen<\/strong><\/p>\n<p style=\"font-weight: 400;\"><strong>Junge Menschen, die ein Jahr im Ausland verbringen, entwickeln oft ein differenziertes Weltbild, werden zu <em>global Citizens<\/em>, wie wir bei AFS sagen. Wie kann diese Erfahrung ihre Sicht auf globale Themen und Nachrichten ver\u00e4ndern?<\/strong><\/p>\n<p style=\"font-weight: 400;\">Ich glaube auch, dass es die Sicht ver\u00e4ndern kann. Vor allem f\u00f6rdert es ein gr\u00f6sseres Bewusstsein und auch gr\u00f6ssere Empathie. Ob es aber nachhaltig wirkt auch punkto Newskonsum, h\u00e4ngt noch von vielen anderen Faktoren ab.<\/p>\n<p style=\"font-weight: 400;\"><strong>Du sprichst oft \u00fcber die Verantwortung der Medien. Glaubst du, dass Sch\u00fcleraustauschprogramme dazu beitragen k\u00f6nnen, eine neue Generation von reflektiertem, kritischeren Medienkonsumenten hervorzubringen?<\/strong><\/p>\n<p style=\"font-weight: 400;\">Das w\u00e4re w\u00fcnschenswert. Sch\u00fcleraustauschprogramme alleine reichen aber sicher nicht. Leider (lacht).<\/p>\n<p style=\"font-weight: 400;\"><strong>Abschlussfrage:<\/strong><\/p>\n<p style=\"font-weight: 400;\"><strong>Franz, was w\u00fcnscht du dir sich f\u00fcr die kommende Generation? Wie k\u00f6nnen Medienbildung und internationale Erfahrungen dazu beitragen, eine verantwortungsvolle und kritische Jugend zu f\u00f6rdern?<\/strong><\/p>\n<p style=\"font-weight: 400;\">Ich bin zuversichtlich und habe nicht viele W\u00fcnsche. Mein Vertrauen in die Generation ist gross. Die jungen Menschen gehen ihren Weg. Wie wir ihn fr\u00fcher ebenso gegangen sind. Sie werden ihre eigenen, pers\u00f6nlichen Erfahrungen machen und selbstst\u00e4ndig lernen, Widerst\u00e4nde zu \u00fcberwinden. Unsere Rolle, jene der Aelteren, sehe ich darin, sie zu ermutigen, ihre St\u00e4rken zu sehen und diese zu f\u00f6rdern und, wenn sie es m\u00f6chten, gewisse Ratschl\u00e4ge zu geben und Angebote zur Verf\u00fcgung zu stellen.<\/p>\n<p style=\"font-weight: 400;\">Franz Fischlin, Simone F\u00e4ustlin<\/p>\n<p><a class=\"button arrow-right large\" href=\"https:\/\/youmedia.ch\">Mehr zu YouMedia<\/a><\/p>\n","protected":false},"excerpt":{"rendered":"<p>Franz, du hast mit \u201eYouMedia\u201c eine Initiative gestartet, die Jugendlichen Medienkompetenz n\u00e4herbringt. Was hat dich dazu inspiriert, dieses Projekt ins&hellip;<\/p>\n","protected":false},"author":938,"featured_media":0,"comment_status":"closed","ping_status":"closed","sticky":false,"template":"","format":"standard","meta":{"footnotes":""},"categories":[900,899],"tags":[],"class_list":["post-59167","post","type-post","status-publish","format-standard","hentry","category-900","category-across"],"yoast_head":"<!-- This site is optimized with the Yoast SEO plugin v26.6 - https:\/\/yoast.com\/wordpress\/plugins\/seo\/ -->\n<title>Franz Fischlin - Interview zu You Media und Medienkompetenz - Intercultural Programs<\/title>\n<meta name=\"robots\" content=\"index, follow, max-snippet:-1, max-image-preview:large, max-video-preview:-1\" \/>\n<link rel=\"canonical\" href=\"https:\/\/www.afs.ch\/fr\/across\/franz-fischlin\/\" \/>\n<meta property=\"og:locale\" content=\"fr_FR\" \/>\n<meta property=\"og:type\" content=\"article\" \/>\n<meta property=\"og:title\" content=\"Franz Fischlin - Interview zu You Media und Medienkompetenz - Intercultural Programs\" \/>\n<meta property=\"og:description\" content=\"Franz, du hast mit \u201eYouMedia\u201c eine Initiative gestartet, die Jugendlichen Medienkompetenz n\u00e4herbringt. Was hat dich dazu inspiriert, dieses Projekt ins&hellip;\" \/>\n<meta property=\"og:url\" content=\"https:\/\/www.afs.ch\/fr\/across\/franz-fischlin\/\" \/>\n<meta property=\"og:site_name\" content=\"Intercultural Programs\" \/>\n<meta property=\"article:publisher\" content=\"https:\/\/www.facebook.com\/afsswitzerland\/\" \/>\n<meta property=\"article:published_time\" content=\"2025-03-23T20:07:22+00:00\" \/>\n<meta property=\"article:modified_time\" content=\"2025-03-24T20:19:07+00:00\" \/>\n<meta property=\"og:image\" content=\"https:\/\/switzerland.afssite.afs.org\/wp-content\/uploads\/sites\/71\/2025\/02\/3_Fischlin-650x366.png\" \/>\n<meta name=\"author\" content=\"florianbachofner\" \/>\n<meta name=\"twitter:card\" content=\"summary_large_image\" \/>\n<meta name=\"twitter:creator\" content=\"@afs_ch\" \/>\n<meta name=\"twitter:site\" content=\"@afs_ch\" \/>\n<meta name=\"twitter:label1\" content=\"Written by\" \/>\n\t<meta name=\"twitter:data1\" content=\"florianbachofner\" \/>\n\t<meta name=\"twitter:label2\" content=\"Est. reading time\" \/>\n\t<meta name=\"twitter:data2\" content=\"7 minutes\" \/>\n<script type=\"application\/ld+json\" class=\"yoast-schema-graph\">{\"@context\":\"https:\/\/schema.org\",\"@graph\":[{\"@type\":\"WebPage\",\"@id\":\"https:\/\/www.afs.ch\/fr\/across\/franz-fischlin\/\",\"url\":\"https:\/\/www.afs.ch\/fr\/across\/franz-fischlin\/\",\"name\":\"Franz Fischlin - Interview zu You Media und Medienkompetenz - Intercultural Programs\",\"isPartOf\":{\"@id\":\"https:\/\/www.afs.ch\/fr\/#website\"},\"primaryImageOfPage\":{\"@id\":\"https:\/\/www.afs.ch\/fr\/across\/franz-fischlin\/#primaryimage\"},\"image\":{\"@id\":\"https:\/\/www.afs.ch\/fr\/across\/franz-fischlin\/#primaryimage\"},\"thumbnailUrl\":\"https:\/\/switzerland.afssite.afs.org\/wp-content\/uploads\/sites\/71\/2025\/02\/3_Fischlin-650x366.png\",\"datePublished\":\"2025-03-23T20:07:22+00:00\",\"dateModified\":\"2025-03-24T20:19:07+00:00\",\"author\":{\"@id\":\"https:\/\/www.afs.ch\/fr\/#\/schema\/person\/04523bd6eb022f944ab7203f151939e3\"},\"breadcrumb\":{\"@id\":\"https:\/\/www.afs.ch\/fr\/across\/franz-fischlin\/#breadcrumb\"},\"inLanguage\":\"fr-FR\",\"potentialAction\":[{\"@type\":\"ReadAction\",\"target\":[\"https:\/\/www.afs.ch\/fr\/across\/franz-fischlin\/\"]}]},{\"@type\":\"ImageObject\",\"inLanguage\":\"fr-FR\",\"@id\":\"https:\/\/www.afs.ch\/fr\/across\/franz-fischlin\/#primaryimage\",\"url\":\"https:\/\/switzerland.afssite.afs.org\/wp-content\/uploads\/sites\/71\/2025\/02\/3_Fischlin-650x366.png\",\"contentUrl\":\"https:\/\/switzerland.afssite.afs.org\/wp-content\/uploads\/sites\/71\/2025\/02\/3_Fischlin-650x366.png\"},{\"@type\":\"BreadcrumbList\",\"@id\":\"https:\/\/www.afs.ch\/fr\/across\/franz-fischlin\/#breadcrumb\",\"itemListElement\":[{\"@type\":\"ListItem\",\"position\":1,\"name\":\"Home\",\"item\":\"https:\/\/switzerland.afssite.afs.org\/fr\/\"},{\"@type\":\"ListItem\",\"position\":2,\"name\":\"Franz Fischlin &#8211; Interview zu You Media und Medienkompetenz\"}]},{\"@type\":\"WebSite\",\"@id\":\"https:\/\/www.afs.ch\/fr\/#website\",\"url\":\"https:\/\/www.afs.ch\/fr\/\",\"name\":\"Interkulturelle Programme\",\"description\":\"Switzerland\",\"potentialAction\":[{\"@type\":\"SearchAction\",\"target\":{\"@type\":\"EntryPoint\",\"urlTemplate\":\"https:\/\/www.afs.ch\/fr\/?s={search_term_string}\"},\"query-input\":{\"@type\":\"PropertyValueSpecification\",\"valueRequired\":true,\"valueName\":\"search_term_string\"}}],\"inLanguage\":\"fr-FR\"},{\"@type\":\"Person\",\"@id\":\"https:\/\/www.afs.ch\/fr\/#\/schema\/person\/04523bd6eb022f944ab7203f151939e3\",\"name\":\"florianbachofner\",\"image\":{\"@type\":\"ImageObject\",\"inLanguage\":\"fr-FR\",\"@id\":\"https:\/\/www.afs.ch\/fr\/#\/schema\/person\/image\/\",\"url\":\"https:\/\/secure.gravatar.com\/avatar\/e9e2c85c1aaa31b2e9533875191ba5459162538ff3d200d2f6d54d3122be72ae?s=96&d=mm&r=g\",\"contentUrl\":\"https:\/\/secure.gravatar.com\/avatar\/e9e2c85c1aaa31b2e9533875191ba5459162538ff3d200d2f6d54d3122be72ae?s=96&d=mm&r=g\",\"caption\":\"florianbachofner\"},\"url\":\"https:\/\/www.afs.ch\/fr\/author\/florianbachofner\/\"}]}<\/script>\n<!-- \/ Yoast SEO plugin. -->","yoast_head_json":{"title":"Franz Fischlin - Interview zu You Media und Medienkompetenz - Intercultural Programs","robots":{"index":"index","follow":"follow","max-snippet":"max-snippet:-1","max-image-preview":"max-image-preview:large","max-video-preview":"max-video-preview:-1"},"canonical":"https:\/\/www.afs.ch\/fr\/across\/franz-fischlin\/","og_locale":"fr_FR","og_type":"article","og_title":"Franz Fischlin - Interview zu You Media und Medienkompetenz - Intercultural Programs","og_description":"Franz, du hast mit \u201eYouMedia\u201c eine Initiative gestartet, die Jugendlichen Medienkompetenz n\u00e4herbringt. Was hat dich dazu inspiriert, dieses Projekt ins&hellip;","og_url":"https:\/\/www.afs.ch\/fr\/across\/franz-fischlin\/","og_site_name":"Intercultural Programs","article_publisher":"https:\/\/www.facebook.com\/afsswitzerland\/","article_published_time":"2025-03-23T20:07:22+00:00","article_modified_time":"2025-03-24T20:19:07+00:00","og_image":[{"url":"https:\/\/switzerland.afssite.afs.org\/wp-content\/uploads\/sites\/71\/2025\/02\/3_Fischlin-650x366.png","type":"","width":"","height":""}],"author":"florianbachofner","twitter_card":"summary_large_image","twitter_creator":"@afs_ch","twitter_site":"@afs_ch","twitter_misc":{"Written by":"florianbachofner","Est. reading time":"7 minutes"},"schema":{"@context":"https:\/\/schema.org","@graph":[{"@type":"WebPage","@id":"https:\/\/www.afs.ch\/fr\/across\/franz-fischlin\/","url":"https:\/\/www.afs.ch\/fr\/across\/franz-fischlin\/","name":"Franz Fischlin - Interview zu You Media und Medienkompetenz - Intercultural Programs","isPartOf":{"@id":"https:\/\/www.afs.ch\/fr\/#website"},"primaryImageOfPage":{"@id":"https:\/\/www.afs.ch\/fr\/across\/franz-fischlin\/#primaryimage"},"image":{"@id":"https:\/\/www.afs.ch\/fr\/across\/franz-fischlin\/#primaryimage"},"thumbnailUrl":"https:\/\/switzerland.afssite.afs.org\/wp-content\/uploads\/sites\/71\/2025\/02\/3_Fischlin-650x366.png","datePublished":"2025-03-23T20:07:22+00:00","dateModified":"2025-03-24T20:19:07+00:00","author":{"@id":"https:\/\/www.afs.ch\/fr\/#\/schema\/person\/04523bd6eb022f944ab7203f151939e3"},"breadcrumb":{"@id":"https:\/\/www.afs.ch\/fr\/across\/franz-fischlin\/#breadcrumb"},"inLanguage":"fr-FR","potentialAction":[{"@type":"ReadAction","target":["https:\/\/www.afs.ch\/fr\/across\/franz-fischlin\/"]}]},{"@type":"ImageObject","inLanguage":"fr-FR","@id":"https:\/\/www.afs.ch\/fr\/across\/franz-fischlin\/#primaryimage","url":"https:\/\/switzerland.afssite.afs.org\/wp-content\/uploads\/sites\/71\/2025\/02\/3_Fischlin-650x366.png","contentUrl":"https:\/\/switzerland.afssite.afs.org\/wp-content\/uploads\/sites\/71\/2025\/02\/3_Fischlin-650x366.png"},{"@type":"BreadcrumbList","@id":"https:\/\/www.afs.ch\/fr\/across\/franz-fischlin\/#breadcrumb","itemListElement":[{"@type":"ListItem","position":1,"name":"Home","item":"https:\/\/switzerland.afssite.afs.org\/fr\/"},{"@type":"ListItem","position":2,"name":"Franz Fischlin &#8211; Interview zu You Media und Medienkompetenz"}]},{"@type":"WebSite","@id":"https:\/\/www.afs.ch\/fr\/#website","url":"https:\/\/www.afs.ch\/fr\/","name":"Interkulturelle Programme","description":"Switzerland","potentialAction":[{"@type":"SearchAction","target":{"@type":"EntryPoint","urlTemplate":"https:\/\/www.afs.ch\/fr\/?s={search_term_string}"},"query-input":{"@type":"PropertyValueSpecification","valueRequired":true,"valueName":"search_term_string"}}],"inLanguage":"fr-FR"},{"@type":"Person","@id":"https:\/\/www.afs.ch\/fr\/#\/schema\/person\/04523bd6eb022f944ab7203f151939e3","name":"florianbachofner","image":{"@type":"ImageObject","inLanguage":"fr-FR","@id":"https:\/\/www.afs.ch\/fr\/#\/schema\/person\/image\/","url":"https:\/\/secure.gravatar.com\/avatar\/e9e2c85c1aaa31b2e9533875191ba5459162538ff3d200d2f6d54d3122be72ae?s=96&d=mm&r=g","contentUrl":"https:\/\/secure.gravatar.com\/avatar\/e9e2c85c1aaa31b2e9533875191ba5459162538ff3d200d2f6d54d3122be72ae?s=96&d=mm&r=g","caption":"florianbachofner"},"url":"https:\/\/www.afs.ch\/fr\/author\/florianbachofner\/"}]}},"_links":{"self":[{"href":"https:\/\/www.afs.ch\/fr\/wp-json\/wp\/v2\/posts\/59167","targetHints":{"allow":["GET"]}}],"collection":[{"href":"https:\/\/www.afs.ch\/fr\/wp-json\/wp\/v2\/posts"}],"about":[{"href":"https:\/\/www.afs.ch\/fr\/wp-json\/wp\/v2\/types\/post"}],"author":[{"embeddable":true,"href":"https:\/\/www.afs.ch\/fr\/wp-json\/wp\/v2\/users\/938"}],"replies":[{"embeddable":true,"href":"https:\/\/www.afs.ch\/fr\/wp-json\/wp\/v2\/comments?post=59167"}],"version-history":[{"count":5,"href":"https:\/\/www.afs.ch\/fr\/wp-json\/wp\/v2\/posts\/59167\/revisions"}],"predecessor-version":[{"id":59616,"href":"https:\/\/www.afs.ch\/fr\/wp-json\/wp\/v2\/posts\/59167\/revisions\/59616"}],"wp:attachment":[{"href":"https:\/\/www.afs.ch\/fr\/wp-json\/wp\/v2\/media?parent=59167"}],"wp:term":[{"taxonomy":"category","embeddable":true,"href":"https:\/\/www.afs.ch\/fr\/wp-json\/wp\/v2\/categories?post=59167"},{"taxonomy":"post_tag","embeddable":true,"href":"https:\/\/www.afs.ch\/fr\/wp-json\/wp\/v2\/tags?post=59167"}],"curies":[{"name":"wp","href":"https:\/\/api.w.org\/{rel}","templated":true}]}}