{"id":59173,"date":"2025-03-24T17:44:09","date_gmt":"2025-03-24T16:44:09","guid":{"rendered":"https:\/\/switzerland.afssite.afs.org\/?p=59173"},"modified":"2025-03-24T21:19:13","modified_gmt":"2025-03-24T20:19:13","slug":"maximilien-marxer","status":"publish","type":"post","link":"https:\/\/www.afs.ch\/fr\/across\/maximilien-marxer\/","title":{"rendered":"Maximilien Marxer &#8211; Rebuliding Peace &#8211; comme l\u2019esprit AFS change le monde"},"content":{"rendered":"<style>.post-meta {display:none;}<\/style>\n<p style=\"font-weight: 400;\"><strong>Cercle des amis AFS \u2013 08.12.2024<br \/>\n<\/strong><strong>Saint Nicolas 2024 \u2013 Aix en Provence<\/strong><\/p>\n<p style=\"font-weight: 400;\"><em>Discours de Maximilien Marxer lors de la rencontre St Nicolas du Cercle des Amis d&rsquo;AFS en d\u00e9cembre 2024.<\/em><\/p>\n<p style=\"font-weight: 400;\">Chers membres du Cercle des amis AFS,<\/p>\n<p style=\"font-weight: 400;\">Chers amis,<\/p>\n<p style=\"font-weight: 400;\">C\u2019est un grand plaisir et honneur de vous adresser ces mots aujourd\u2019hui.<\/p>\n<p style=\"font-weight: 400;\">Ensemble, nous incarnons cet esprit AFS qui transcende les fronti\u00e8res, les cultures, et les g\u00e9n\u00e9rations. Et aujourd\u2019hui, je voudrais c\u00e9l\u00e9brer ce que nous avons accompli collectivement, mais aussi ce que nous devons continuer \u00e0 construire.<\/p>\n<p style=\"font-weight: 400;\">L\u2019initiative\u00a0<em>Rebuilding Peace<\/em>\u00a0est un parfait exemple de ce que l\u2019esprit AFS peut accomplir. Yahli et Aizen, ces deux jeunes aujourd\u2019hui ici pr\u00e9sente, en sont la preuve vivante.<\/p>\n<p style=\"font-weight: 400;\">Avant leurs d\u00e9parts de Gaza et du Caire pour Aizen et de Tel Aviv pour Yahli; et depuis leur arriv\u00e9e \u00e0 Vaduz au Liechtenstein, ils ont d\u00e9j\u00e0 parcouru un chemin extraordinaire : des d\u00e9couvertes culturelles, des \u00e9changes intenses, et des exp\u00e9riences qui, j\u2019en suis certain, laisseront une empreinte ind\u00e9l\u00e9bile sur eux et sur toutes les personnes qu\u2019ils ont crois\u00e9es et qu\u2019ils croiseront.<\/p>\n<p style=\"font-weight: 400;\">Mais cette initiative n\u2019aurait pas \u00e9t\u00e9 possible sans une mobilisation collective.<\/p>\n<p style=\"font-weight: 400;\">Je tiens \u00e0 remercier le Cercle des amis AFS pour sa contribution \u00e0 leurs bourses, mais \u00e9galement \u00e0 saluer le soutien pr\u00e9cieux d\u2019autres acteurs.<\/p>\n<p style=\"font-weight: 400;\"><em>Rebuilding Peace<\/em>\u00a0est le fruit d\u2019une collaboration entre AFS Suisse, AFS \u00c9gypte, le Intercultural Communication Center, la princesse Sophie de Liechtenstein qui est la marraine du programme, Christine Lagarde\u2026 et bien s\u00fbr, l\u2019\u00e9cole qui les accueille, les formidables familles d\u2019accueil et les nombreux donateurs qui ont cru en cette initiative.<\/p>\n<p style=\"font-weight: 400;\">Ce programme va bien au-del\u00e0 des jeunes qu\u2019il accueille. Son plus grand impact est surement l\u2019effet qu\u2019il a sur toutes les personnes qui y sont associ\u00e9es. Que vous soyez impliqu\u00e9s de pr\u00e8s ou de loin, en soutien ou parfois m\u00eame dans la critique,\u00a0<em>Rebuilding Peace<\/em>\u00a0nous pousse tous \u00e0 r\u00e9fl\u00e9chir, \u00e0 discuter, et \u00e0 remettre en question nos certitudes. C\u2019est ainsi que nous avan\u00e7ons, que nous b\u00e2tissons un monde plus ouvert, plus juste, et plus apais\u00e9. Et cet impact ne doit pas s\u2019arr\u00eater ici.<\/p>\n<p style=\"font-weight: 400;\">Le Cercle des amis AFS a un r\u00f4le crucial \u00e0 jouer : non seulement en permettant \u00e0 d\u2019autres jeunes de vivre ces exp\u00e9riences transformatrices, mais aussi en cr\u00e9ant des espaces de dialogue et de r\u00e9flexion et des tremplins pour ces jeunes !<\/p>\n<p style=\"font-weight: 400;\">Permettez-moi de partager avec vous une part de mon propre parcours. Ce r\u00e9seau, cet esprit AFS, m\u2019a permis de r\u00e9aliser des r\u00eaves qui semblaient inatteignables.<\/p>\n<p style=\"font-weight: 400;\">Pendant mes \u00e9tudes, gr\u00e2ce \u00e0 l\u2019accompagnement et au soutien d\u2019autres anciens, j\u2019ai pu acc\u00e9der \u00e0 des stages, \u00e0 des exp\u00e9riences qui ont fa\u00e7onn\u00e9 qui je suis aujourd\u2019hui. Ces opportunit\u00e9s, je ne les ai pas seulement saisies ; je les ai aussi provoqu\u00e9es. Et en tant qu\u2019ancien AFS, je crois que notre r\u00f4le ne s\u2019arr\u00eate pas \u00e0 nous r\u00e9unir pour c\u00e9l\u00e9brer ce que nous avons v\u00e9cu. Je crois que nous avons une responsabilit\u00e9 envers ces jeunes. Engageons-nous pour eux, Offrons-leur les moyens de vivre des exp\u00e9riences aussi riches que les n\u00f4tres. Notre exp\u00e9rience, nos ressources, et notre r\u00e9seau peuvent \u00eatre les cl\u00e9s de leur avenir. Ensemble, mettons notre \u00e9nergie au service de ceux qui, demain, porteront \u00e0 leur tour cet esprit AFS.<\/p>\n<p style=\"font-weight: 400;\">Et puis, je voudrais m\u2019adresser particuli\u00e8rement \u00e0 vous, les jeunes pr\u00e9sents aujourd\u2019hui. Ce r\u00e9seau est le v\u00f4tre. Appropriez-le-vous, utilisez-le pour vous d\u00e9velopper, pour trouver vos opportunit\u00e9. Si nous voulons que cet esprit AFS continue d\u2019exister, il a besoin de votre \u00e9nergie et de vos id\u00e9es.<\/p>\n<p style=\"font-weight: 400;\">Gr\u00e2ce \u00e0 vous, ce petit cercle est devenu grand : c\u2019est un lieu d\u2019inspiration et de solidarit\u00e9. Alors, longue vie au Cercle des amis AFS !<\/p>\n<p style=\"font-weight: 400;\">Et surtout, longue vie \u00e0 l\u2019esprit AFS, cet \u00e9lan collectif qui nous pousse \u00e0 r\u00eaver plus grand, \u00e0 agir plus fort, et \u00e0 construire un monde o\u00f9 la paix est plus qu\u2019un id\u00e9al, mais une r\u00e9alit\u00e9 tangible.<\/p>\n<p style=\"font-weight: 400;\">Maximilien Marxer<\/p>\n","protected":false},"excerpt":{"rendered":"<p>Cercle des amis AFS \u2013 08.12.2024 Saint Nicolas 2024 \u2013 Aix en Provence Discours de Maximilien Marxer lors de la&hellip;<\/p>\n","protected":false},"author":938,"featured_media":0,"comment_status":"closed","ping_status":"closed","sticky":false,"template":"","format":"standard","meta":{"footnotes":""},"categories":[900,899],"tags":[],"class_list":["post-59173","post","type-post","status-publish","format-standard","hentry","category-900","category-across"],"yoast_head":"<!-- This site is optimized with the Yoast SEO plugin v26.6 - https:\/\/yoast.com\/wordpress\/plugins\/seo\/ -->\n<title>Maximilien Marxer - Rebuliding Peace - comme l\u2019esprit AFS change le monde - Intercultural Programs<\/title>\n<meta name=\"robots\" content=\"index, follow, max-snippet:-1, max-image-preview:large, max-video-preview:-1\" \/>\n<link rel=\"canonical\" href=\"https:\/\/www.afs.ch\/fr\/across\/maximilien-marxer\/\" \/>\n<meta property=\"og:locale\" content=\"fr_FR\" \/>\n<meta property=\"og:type\" content=\"article\" \/>\n<meta property=\"og:title\" content=\"Maximilien Marxer - Rebuliding Peace - comme l\u2019esprit AFS change le monde - Intercultural Programs\" \/>\n<meta property=\"og:description\" content=\"Cercle des amis AFS \u2013 08.12.2024 Saint Nicolas 2024 \u2013 Aix en Provence Discours de Maximilien Marxer lors de la&hellip;\" \/>\n<meta property=\"og:url\" content=\"https:\/\/www.afs.ch\/fr\/across\/maximilien-marxer\/\" \/>\n<meta property=\"og:site_name\" content=\"Intercultural Programs\" \/>\n<meta property=\"article:publisher\" content=\"https:\/\/www.facebook.com\/afsswitzerland\/\" \/>\n<meta property=\"article:published_time\" content=\"2025-03-24T16:44:09+00:00\" \/>\n<meta property=\"article:modified_time\" content=\"2025-03-24T20:19:13+00:00\" \/>\n<meta name=\"author\" content=\"florianbachofner\" \/>\n<meta name=\"twitter:card\" content=\"summary_large_image\" \/>\n<meta name=\"twitter:creator\" content=\"@afs_ch\" \/>\n<meta name=\"twitter:site\" content=\"@afs_ch\" \/>\n<meta name=\"twitter:label1\" content=\"Written by\" \/>\n\t<meta name=\"twitter:data1\" content=\"florianbachofner\" \/>\n\t<meta name=\"twitter:label2\" content=\"Est. reading time\" \/>\n\t<meta name=\"twitter:data2\" content=\"4 minutes\" \/>\n<script type=\"application\/ld+json\" class=\"yoast-schema-graph\">{\"@context\":\"https:\/\/schema.org\",\"@graph\":[{\"@type\":\"WebPage\",\"@id\":\"https:\/\/www.afs.ch\/fr\/across\/maximilien-marxer\/\",\"url\":\"https:\/\/www.afs.ch\/fr\/across\/maximilien-marxer\/\",\"name\":\"Maximilien Marxer - Rebuliding Peace - comme l\u2019esprit AFS change le monde - Intercultural Programs\",\"isPartOf\":{\"@id\":\"https:\/\/www.afs.ch\/fr\/#website\"},\"datePublished\":\"2025-03-24T16:44:09+00:00\",\"dateModified\":\"2025-03-24T20:19:13+00:00\",\"author\":{\"@id\":\"https:\/\/www.afs.ch\/fr\/#\/schema\/person\/04523bd6eb022f944ab7203f151939e3\"},\"breadcrumb\":{\"@id\":\"https:\/\/www.afs.ch\/fr\/across\/maximilien-marxer\/#breadcrumb\"},\"inLanguage\":\"fr-FR\",\"potentialAction\":[{\"@type\":\"ReadAction\",\"target\":[\"https:\/\/www.afs.ch\/fr\/across\/maximilien-marxer\/\"]}]},{\"@type\":\"BreadcrumbList\",\"@id\":\"https:\/\/www.afs.ch\/fr\/across\/maximilien-marxer\/#breadcrumb\",\"itemListElement\":[{\"@type\":\"ListItem\",\"position\":1,\"name\":\"Home\",\"item\":\"https:\/\/switzerland.afssite.afs.org\/fr\/\"},{\"@type\":\"ListItem\",\"position\":2,\"name\":\"Maximilien Marxer &#8211; Rebuliding Peace &#8211; comme l\u2019esprit AFS change le monde\"}]},{\"@type\":\"WebSite\",\"@id\":\"https:\/\/www.afs.ch\/fr\/#website\",\"url\":\"https:\/\/www.afs.ch\/fr\/\",\"name\":\"Interkulturelle Programme\",\"description\":\"Switzerland\",\"potentialAction\":[{\"@type\":\"SearchAction\",\"target\":{\"@type\":\"EntryPoint\",\"urlTemplate\":\"https:\/\/www.afs.ch\/fr\/?s={search_term_string}\"},\"query-input\":{\"@type\":\"PropertyValueSpecification\",\"valueRequired\":true,\"valueName\":\"search_term_string\"}}],\"inLanguage\":\"fr-FR\"},{\"@type\":\"Person\",\"@id\":\"https:\/\/www.afs.ch\/fr\/#\/schema\/person\/04523bd6eb022f944ab7203f151939e3\",\"name\":\"florianbachofner\",\"image\":{\"@type\":\"ImageObject\",\"inLanguage\":\"fr-FR\",\"@id\":\"https:\/\/www.afs.ch\/fr\/#\/schema\/person\/image\/\",\"url\":\"https:\/\/secure.gravatar.com\/avatar\/e9e2c85c1aaa31b2e9533875191ba5459162538ff3d200d2f6d54d3122be72ae?s=96&d=mm&r=g\",\"contentUrl\":\"https:\/\/secure.gravatar.com\/avatar\/e9e2c85c1aaa31b2e9533875191ba5459162538ff3d200d2f6d54d3122be72ae?s=96&d=mm&r=g\",\"caption\":\"florianbachofner\"},\"url\":\"https:\/\/www.afs.ch\/fr\/author\/florianbachofner\/\"}]}<\/script>\n<!-- \/ Yoast SEO plugin. -->","yoast_head_json":{"title":"Maximilien Marxer - Rebuliding Peace - comme l\u2019esprit AFS change le monde - Intercultural Programs","robots":{"index":"index","follow":"follow","max-snippet":"max-snippet:-1","max-image-preview":"max-image-preview:large","max-video-preview":"max-video-preview:-1"},"canonical":"https:\/\/www.afs.ch\/fr\/across\/maximilien-marxer\/","og_locale":"fr_FR","og_type":"article","og_title":"Maximilien Marxer - Rebuliding Peace - comme l\u2019esprit AFS change le monde - Intercultural Programs","og_description":"Cercle des amis AFS \u2013 08.12.2024 Saint Nicolas 2024 \u2013 Aix en Provence Discours de Maximilien Marxer lors de la&hellip;","og_url":"https:\/\/www.afs.ch\/fr\/across\/maximilien-marxer\/","og_site_name":"Intercultural Programs","article_publisher":"https:\/\/www.facebook.com\/afsswitzerland\/","article_published_time":"2025-03-24T16:44:09+00:00","article_modified_time":"2025-03-24T20:19:13+00:00","author":"florianbachofner","twitter_card":"summary_large_image","twitter_creator":"@afs_ch","twitter_site":"@afs_ch","twitter_misc":{"Written by":"florianbachofner","Est. reading time":"4 minutes"},"schema":{"@context":"https:\/\/schema.org","@graph":[{"@type":"WebPage","@id":"https:\/\/www.afs.ch\/fr\/across\/maximilien-marxer\/","url":"https:\/\/www.afs.ch\/fr\/across\/maximilien-marxer\/","name":"Maximilien Marxer - Rebuliding Peace - comme l\u2019esprit AFS change le monde - Intercultural Programs","isPartOf":{"@id":"https:\/\/www.afs.ch\/fr\/#website"},"datePublished":"2025-03-24T16:44:09+00:00","dateModified":"2025-03-24T20:19:13+00:00","author":{"@id":"https:\/\/www.afs.ch\/fr\/#\/schema\/person\/04523bd6eb022f944ab7203f151939e3"},"breadcrumb":{"@id":"https:\/\/www.afs.ch\/fr\/across\/maximilien-marxer\/#breadcrumb"},"inLanguage":"fr-FR","potentialAction":[{"@type":"ReadAction","target":["https:\/\/www.afs.ch\/fr\/across\/maximilien-marxer\/"]}]},{"@type":"BreadcrumbList","@id":"https:\/\/www.afs.ch\/fr\/across\/maximilien-marxer\/#breadcrumb","itemListElement":[{"@type":"ListItem","position":1,"name":"Home","item":"https:\/\/switzerland.afssite.afs.org\/fr\/"},{"@type":"ListItem","position":2,"name":"Maximilien Marxer &#8211; Rebuliding Peace &#8211; comme l\u2019esprit AFS change le monde"}]},{"@type":"WebSite","@id":"https:\/\/www.afs.ch\/fr\/#website","url":"https:\/\/www.afs.ch\/fr\/","name":"Interkulturelle Programme","description":"Switzerland","potentialAction":[{"@type":"SearchAction","target":{"@type":"EntryPoint","urlTemplate":"https:\/\/www.afs.ch\/fr\/?s={search_term_string}"},"query-input":{"@type":"PropertyValueSpecification","valueRequired":true,"valueName":"search_term_string"}}],"inLanguage":"fr-FR"},{"@type":"Person","@id":"https:\/\/www.afs.ch\/fr\/#\/schema\/person\/04523bd6eb022f944ab7203f151939e3","name":"florianbachofner","image":{"@type":"ImageObject","inLanguage":"fr-FR","@id":"https:\/\/www.afs.ch\/fr\/#\/schema\/person\/image\/","url":"https:\/\/secure.gravatar.com\/avatar\/e9e2c85c1aaa31b2e9533875191ba5459162538ff3d200d2f6d54d3122be72ae?s=96&d=mm&r=g","contentUrl":"https:\/\/secure.gravatar.com\/avatar\/e9e2c85c1aaa31b2e9533875191ba5459162538ff3d200d2f6d54d3122be72ae?s=96&d=mm&r=g","caption":"florianbachofner"},"url":"https:\/\/www.afs.ch\/fr\/author\/florianbachofner\/"}]}},"_links":{"self":[{"href":"https:\/\/www.afs.ch\/fr\/wp-json\/wp\/v2\/posts\/59173","targetHints":{"allow":["GET"]}}],"collection":[{"href":"https:\/\/www.afs.ch\/fr\/wp-json\/wp\/v2\/posts"}],"about":[{"href":"https:\/\/www.afs.ch\/fr\/wp-json\/wp\/v2\/types\/post"}],"author":[{"embeddable":true,"href":"https:\/\/www.afs.ch\/fr\/wp-json\/wp\/v2\/users\/938"}],"replies":[{"embeddable":true,"href":"https:\/\/www.afs.ch\/fr\/wp-json\/wp\/v2\/comments?post=59173"}],"version-history":[{"count":5,"href":"https:\/\/www.afs.ch\/fr\/wp-json\/wp\/v2\/posts\/59173\/revisions"}],"predecessor-version":[{"id":59617,"href":"https:\/\/www.afs.ch\/fr\/wp-json\/wp\/v2\/posts\/59173\/revisions\/59617"}],"wp:attachment":[{"href":"https:\/\/www.afs.ch\/fr\/wp-json\/wp\/v2\/media?parent=59173"}],"wp:term":[{"taxonomy":"category","embeddable":true,"href":"https:\/\/www.afs.ch\/fr\/wp-json\/wp\/v2\/categories?post=59173"},{"taxonomy":"post_tag","embeddable":true,"href":"https:\/\/www.afs.ch\/fr\/wp-json\/wp\/v2\/tags?post=59173"}],"curies":[{"name":"wp","href":"https:\/\/api.w.org\/{rel}","templated":true}]}}