{"id":59393,"date":"2025-03-06T15:02:01","date_gmt":"2025-03-06T14:02:01","guid":{"rendered":"https:\/\/switzerland.afssite.afs.org\/?p=59393"},"modified":"2025-03-06T15:09:15","modified_gmt":"2025-03-06T14:09:15","slug":"terre-des-hommes","status":"publish","type":"post","link":"https:\/\/www.afs.ch\/fr\/afs-blog-fr\/terre-des-hommes\/","title":{"rendered":"AFS soutient Terre des Hommes lors de la 63e \u00e9dition de la l\u00e9gendaire vente d&rsquo;oranges"},"content":{"rendered":"<h5 style=\"font-weight: 400;\"><strong>Zurich\/Lausanne, le 28 f\u00e9vrier 2025<\/strong><\/h5>\n<p style=\"font-weight: 400;\">AFS Suisse est heureuse de soutenir activement cette ann\u00e9e la traditionnelle campagne de solidarit\u00e9 de <strong>Terre des Hommes<\/strong>. La l\u00e9gendaire vente d&rsquo;oranges, qui en est d\u00e9j\u00e0 \u00e0 sa 63e \u00e9dition, est l&rsquo;une des plus grandes actions b\u00e9n\u00e9voles de Suisse. Avec les b\u00e9n\u00e9fices, <strong>Terre des Hommes<\/strong> s&rsquo;engage dans le monde entier pour les droits de l&rsquo;enfant et de meilleures perspectives d&rsquo;avenir pour les enfants.<\/p>\n<p style=\"font-weight: 400;\">Les 1., 7 et 8 mars ainsi que les 14 et 15 mars, plus d&rsquo;un millier de b\u00e9n\u00e9voles vendront des oranges dans des villes de toute la Suisse. Pour la premi\u00e8re fois, <strong>AFS Programmes Interculturels Suisse<\/strong> sera \u00e9galement pr\u00e9sente avec des b\u00e9n\u00e9voles engag\u00e9s qui soutiendront activement l&rsquo;action dans les cantons de B\u00e2le et de Zurich. Les personnes int\u00e9ress\u00e9es ont non seulement la possibilit\u00e9 de faire une bonne action en achetant des oranges, mais elles peuvent \u00e9galement s&rsquo;informer sur les programmes d&rsquo;\u00e9change interculturel d&rsquo;AFS.<\/p>\n<p style=\"font-weight: 400;\">\u00abChez AFS, nous sommes fiers de participer \u00e0 cette initiative importante. L&rsquo;engagement en faveur des droits de l&rsquo;enfant dans le monde et la promotion de la compr\u00e9hension interculturelle se compl\u00e8tent de mani\u00e8re id\u00e9ale\u00bb, d\u00e9clare Lidia Pirola, responsable du b\u00e9n\u00e9volat chez AFS Suisse.<\/p>\n<p style=\"font-weight: 400;\"><strong>La puissance symbolique de l&rsquo;orange<\/strong><\/p>\n<p style=\"font-weight: 400;\">L&rsquo;histoire de la vente d&rsquo;oranges remonte \u00e0 1962, lorsqu&rsquo;une employ\u00e9e de <strong>Terre des Hommes<\/strong> a eu l&rsquo;id\u00e9e de collecter des dons pour les enfants dans le besoin en vendant des oranges. Aujourd&rsquo;hui encore, l&rsquo;orange symbolise la sant\u00e9, l&rsquo;espoir et le soutien aux enfants d\u00e9favoris\u00e9s dans le monde entier.<\/p>\n<p style=\"font-weight: 400;\">Outre la vente d&rsquo;oranges, l&rsquo;op\u00e9ration offre l&rsquo;occasion d&rsquo;en apprendre davantage sur les projets de Terre des Hommes et d&rsquo;AFS. M\u00eame si l&rsquo;histoire d&rsquo;AFS remonte \u00e0 plus de 70 ans, beaucoup de gens ne savent pas qu&rsquo;AFS permet \u00e0 des \u00e9l\u00e8ves issus de familles d\u00e9favoris\u00e9es de partir \u00e0 l&rsquo;\u00e9tranger pendant un an gr\u00e2ce \u00e0 ses bourses. Nous sommes \u00e9galement toujours \u00e0 la recherche de familles suisses qui accueillent chez elles un \u00e9l\u00e8ve \u00e9tranger.<\/p>\n<p style=\"font-weight: 400;\"><strong>Informations compl\u00e9mentaires:<\/strong><\/p>\n<ul style=\"font-weight: 400;\">\n<li>Vente d&rsquo;oranges : <a href=\"http:\/\/www.tdh.org\/de\/orangenverkauf\">www.tdh.org\/de\/orangenverkauf<\/a><\/li>\n<li>Vers les <a href=\"https:\/\/www.afs.ch\/stipendien\/\">bourses AFS<\/a> et les <a href=\"https:\/\/www.afs.ch\/gastfamilie-bei-afs\/\">programmes de familles d&rsquo;accueil AFS<\/a><\/li>\n<\/ul>\n<p style=\"font-weight: 400;\">Ensemble pour les droits de l&rsquo;enfant \u2013 nous nous r\u00e9jouissons de ton soutien!<\/p>\n<p style=\"font-weight: 400;\"><strong>Contact:<br \/>\n<\/strong>Simone F\u00e4ustlin<br \/>\nMarketing &amp; Communication AFS Suisse<br \/>\n+41 44 218 19 16<br \/>\n<a href=\"mailto:simone.faeustlin@afs.ch\">simone.faeustlin@afs.ch<\/a><\/p>\n<p><a class=\"button\" href=\"https:\/\/d22dvihj4pfop3.cloudfront.net\/wp-content\/uploads\/sites\/71\/2025\/03\/06150413\/AFS-terre-des-hommes-PR-FR.pdf\">PDF Download<\/a><\/p>\n<style>.post-meta {display:none;}<\/style>\n","protected":false},"excerpt":{"rendered":"<p>Zurich\/Lausanne, le 28 f\u00e9vrier 2025 AFS Suisse est heureuse de soutenir activement cette ann\u00e9e la traditionnelle campagne de solidarit\u00e9 de&hellip;<\/p>\n","protected":false},"author":938,"featured_media":0,"comment_status":"closed","ping_status":"closed","sticky":false,"template":"","format":"standard","meta":{"footnotes":""},"categories":[743,902],"tags":[],"class_list":["post-59393","post","type-post","status-publish","format-standard","hentry","category-afs-blog-fr","category-afs-communiques"],"yoast_head":"<!-- This site is optimized with the Yoast SEO plugin v26.6 - https:\/\/yoast.com\/wordpress\/plugins\/seo\/ -->\n<title>AFS soutient Terre des Hommes lors de la 63e \u00e9dition de la l\u00e9gendaire vente d&#039;oranges - Intercultural Programs<\/title>\n<meta name=\"robots\" content=\"index, follow, max-snippet:-1, max-image-preview:large, max-video-preview:-1\" \/>\n<link rel=\"canonical\" href=\"https:\/\/www.afs.ch\/fr\/afs-blog-fr\/terre-des-hommes\/\" \/>\n<meta property=\"og:locale\" content=\"fr_FR\" \/>\n<meta property=\"og:type\" content=\"article\" \/>\n<meta property=\"og:title\" content=\"AFS soutient Terre des Hommes lors de la 63e \u00e9dition de la l\u00e9gendaire vente d&#039;oranges - Intercultural Programs\" \/>\n<meta property=\"og:description\" content=\"Zurich\/Lausanne, le 28 f\u00e9vrier 2025 AFS Suisse est heureuse de soutenir activement cette ann\u00e9e la traditionnelle campagne de solidarit\u00e9 de&hellip;\" \/>\n<meta property=\"og:url\" content=\"https:\/\/www.afs.ch\/fr\/afs-blog-fr\/terre-des-hommes\/\" \/>\n<meta property=\"og:site_name\" content=\"Intercultural Programs\" \/>\n<meta property=\"article:publisher\" content=\"https:\/\/www.facebook.com\/afsswitzerland\/\" \/>\n<meta property=\"article:published_time\" content=\"2025-03-06T14:02:01+00:00\" \/>\n<meta property=\"article:modified_time\" content=\"2025-03-06T14:09:15+00:00\" \/>\n<meta name=\"author\" content=\"florianbachofner\" \/>\n<meta name=\"twitter:card\" content=\"summary_large_image\" \/>\n<meta name=\"twitter:creator\" content=\"@afs_ch\" \/>\n<meta name=\"twitter:site\" content=\"@afs_ch\" \/>\n<meta name=\"twitter:label1\" content=\"Written by\" \/>\n\t<meta name=\"twitter:data1\" content=\"florianbachofner\" \/>\n\t<meta name=\"twitter:label2\" content=\"Est. reading time\" \/>\n\t<meta name=\"twitter:data2\" content=\"3 minutes\" \/>\n<script type=\"application\/ld+json\" class=\"yoast-schema-graph\">{\"@context\":\"https:\/\/schema.org\",\"@graph\":[{\"@type\":\"WebPage\",\"@id\":\"https:\/\/www.afs.ch\/fr\/afs-blog-fr\/terre-des-hommes\/\",\"url\":\"https:\/\/www.afs.ch\/fr\/afs-blog-fr\/terre-des-hommes\/\",\"name\":\"AFS soutient Terre des Hommes lors de la 63e \u00e9dition de la l\u00e9gendaire vente d'oranges - Intercultural Programs\",\"isPartOf\":{\"@id\":\"https:\/\/www.afs.ch\/fr\/#website\"},\"datePublished\":\"2025-03-06T14:02:01+00:00\",\"dateModified\":\"2025-03-06T14:09:15+00:00\",\"author\":{\"@id\":\"https:\/\/www.afs.ch\/fr\/#\/schema\/person\/04523bd6eb022f944ab7203f151939e3\"},\"breadcrumb\":{\"@id\":\"https:\/\/www.afs.ch\/fr\/afs-blog-fr\/terre-des-hommes\/#breadcrumb\"},\"inLanguage\":\"fr-FR\",\"potentialAction\":[{\"@type\":\"ReadAction\",\"target\":[\"https:\/\/www.afs.ch\/fr\/afs-blog-fr\/terre-des-hommes\/\"]}]},{\"@type\":\"BreadcrumbList\",\"@id\":\"https:\/\/www.afs.ch\/fr\/afs-blog-fr\/terre-des-hommes\/#breadcrumb\",\"itemListElement\":[{\"@type\":\"ListItem\",\"position\":1,\"name\":\"Home\",\"item\":\"https:\/\/switzerland.afssite.afs.org\/fr\/\"},{\"@type\":\"ListItem\",\"position\":2,\"name\":\"AFS soutient Terre des Hommes lors de la 63e \u00e9dition de la l\u00e9gendaire vente d&#8217;oranges\"}]},{\"@type\":\"WebSite\",\"@id\":\"https:\/\/www.afs.ch\/fr\/#website\",\"url\":\"https:\/\/www.afs.ch\/fr\/\",\"name\":\"Interkulturelle Programme\",\"description\":\"Switzerland\",\"potentialAction\":[{\"@type\":\"SearchAction\",\"target\":{\"@type\":\"EntryPoint\",\"urlTemplate\":\"https:\/\/www.afs.ch\/fr\/?s={search_term_string}\"},\"query-input\":{\"@type\":\"PropertyValueSpecification\",\"valueRequired\":true,\"valueName\":\"search_term_string\"}}],\"inLanguage\":\"fr-FR\"},{\"@type\":\"Person\",\"@id\":\"https:\/\/www.afs.ch\/fr\/#\/schema\/person\/04523bd6eb022f944ab7203f151939e3\",\"name\":\"florianbachofner\",\"image\":{\"@type\":\"ImageObject\",\"inLanguage\":\"fr-FR\",\"@id\":\"https:\/\/www.afs.ch\/fr\/#\/schema\/person\/image\/\",\"url\":\"https:\/\/secure.gravatar.com\/avatar\/e9e2c85c1aaa31b2e9533875191ba5459162538ff3d200d2f6d54d3122be72ae?s=96&d=mm&r=g\",\"contentUrl\":\"https:\/\/secure.gravatar.com\/avatar\/e9e2c85c1aaa31b2e9533875191ba5459162538ff3d200d2f6d54d3122be72ae?s=96&d=mm&r=g\",\"caption\":\"florianbachofner\"},\"url\":\"https:\/\/www.afs.ch\/fr\/author\/florianbachofner\/\"}]}<\/script>\n<!-- \/ Yoast SEO plugin. -->","yoast_head_json":{"title":"AFS soutient Terre des Hommes lors de la 63e \u00e9dition de la l\u00e9gendaire vente d'oranges - Intercultural Programs","robots":{"index":"index","follow":"follow","max-snippet":"max-snippet:-1","max-image-preview":"max-image-preview:large","max-video-preview":"max-video-preview:-1"},"canonical":"https:\/\/www.afs.ch\/fr\/afs-blog-fr\/terre-des-hommes\/","og_locale":"fr_FR","og_type":"article","og_title":"AFS soutient Terre des Hommes lors de la 63e \u00e9dition de la l\u00e9gendaire vente d'oranges - Intercultural Programs","og_description":"Zurich\/Lausanne, le 28 f\u00e9vrier 2025 AFS Suisse est heureuse de soutenir activement cette ann\u00e9e la traditionnelle campagne de solidarit\u00e9 de&hellip;","og_url":"https:\/\/www.afs.ch\/fr\/afs-blog-fr\/terre-des-hommes\/","og_site_name":"Intercultural Programs","article_publisher":"https:\/\/www.facebook.com\/afsswitzerland\/","article_published_time":"2025-03-06T14:02:01+00:00","article_modified_time":"2025-03-06T14:09:15+00:00","author":"florianbachofner","twitter_card":"summary_large_image","twitter_creator":"@afs_ch","twitter_site":"@afs_ch","twitter_misc":{"Written by":"florianbachofner","Est. reading time":"3 minutes"},"schema":{"@context":"https:\/\/schema.org","@graph":[{"@type":"WebPage","@id":"https:\/\/www.afs.ch\/fr\/afs-blog-fr\/terre-des-hommes\/","url":"https:\/\/www.afs.ch\/fr\/afs-blog-fr\/terre-des-hommes\/","name":"AFS soutient Terre des Hommes lors de la 63e \u00e9dition de la l\u00e9gendaire vente d'oranges - Intercultural Programs","isPartOf":{"@id":"https:\/\/www.afs.ch\/fr\/#website"},"datePublished":"2025-03-06T14:02:01+00:00","dateModified":"2025-03-06T14:09:15+00:00","author":{"@id":"https:\/\/www.afs.ch\/fr\/#\/schema\/person\/04523bd6eb022f944ab7203f151939e3"},"breadcrumb":{"@id":"https:\/\/www.afs.ch\/fr\/afs-blog-fr\/terre-des-hommes\/#breadcrumb"},"inLanguage":"fr-FR","potentialAction":[{"@type":"ReadAction","target":["https:\/\/www.afs.ch\/fr\/afs-blog-fr\/terre-des-hommes\/"]}]},{"@type":"BreadcrumbList","@id":"https:\/\/www.afs.ch\/fr\/afs-blog-fr\/terre-des-hommes\/#breadcrumb","itemListElement":[{"@type":"ListItem","position":1,"name":"Home","item":"https:\/\/switzerland.afssite.afs.org\/fr\/"},{"@type":"ListItem","position":2,"name":"AFS soutient Terre des Hommes lors de la 63e \u00e9dition de la l\u00e9gendaire vente d&#8217;oranges"}]},{"@type":"WebSite","@id":"https:\/\/www.afs.ch\/fr\/#website","url":"https:\/\/www.afs.ch\/fr\/","name":"Interkulturelle Programme","description":"Switzerland","potentialAction":[{"@type":"SearchAction","target":{"@type":"EntryPoint","urlTemplate":"https:\/\/www.afs.ch\/fr\/?s={search_term_string}"},"query-input":{"@type":"PropertyValueSpecification","valueRequired":true,"valueName":"search_term_string"}}],"inLanguage":"fr-FR"},{"@type":"Person","@id":"https:\/\/www.afs.ch\/fr\/#\/schema\/person\/04523bd6eb022f944ab7203f151939e3","name":"florianbachofner","image":{"@type":"ImageObject","inLanguage":"fr-FR","@id":"https:\/\/www.afs.ch\/fr\/#\/schema\/person\/image\/","url":"https:\/\/secure.gravatar.com\/avatar\/e9e2c85c1aaa31b2e9533875191ba5459162538ff3d200d2f6d54d3122be72ae?s=96&d=mm&r=g","contentUrl":"https:\/\/secure.gravatar.com\/avatar\/e9e2c85c1aaa31b2e9533875191ba5459162538ff3d200d2f6d54d3122be72ae?s=96&d=mm&r=g","caption":"florianbachofner"},"url":"https:\/\/www.afs.ch\/fr\/author\/florianbachofner\/"}]}},"_links":{"self":[{"href":"https:\/\/www.afs.ch\/fr\/wp-json\/wp\/v2\/posts\/59393","targetHints":{"allow":["GET"]}}],"collection":[{"href":"https:\/\/www.afs.ch\/fr\/wp-json\/wp\/v2\/posts"}],"about":[{"href":"https:\/\/www.afs.ch\/fr\/wp-json\/wp\/v2\/types\/post"}],"author":[{"embeddable":true,"href":"https:\/\/www.afs.ch\/fr\/wp-json\/wp\/v2\/users\/938"}],"replies":[{"embeddable":true,"href":"https:\/\/www.afs.ch\/fr\/wp-json\/wp\/v2\/comments?post=59393"}],"version-history":[{"count":5,"href":"https:\/\/www.afs.ch\/fr\/wp-json\/wp\/v2\/posts\/59393\/revisions"}],"predecessor-version":[{"id":59404,"href":"https:\/\/www.afs.ch\/fr\/wp-json\/wp\/v2\/posts\/59393\/revisions\/59404"}],"wp:attachment":[{"href":"https:\/\/www.afs.ch\/fr\/wp-json\/wp\/v2\/media?parent=59393"}],"wp:term":[{"taxonomy":"category","embeddable":true,"href":"https:\/\/www.afs.ch\/fr\/wp-json\/wp\/v2\/categories?post=59393"},{"taxonomy":"post_tag","embeddable":true,"href":"https:\/\/www.afs.ch\/fr\/wp-json\/wp\/v2\/tags?post=59393"}],"curies":[{"name":"wp","href":"https:\/\/api.w.org\/{rel}","templated":true}]}}