{"id":59639,"date":"2025-03-25T18:14:21","date_gmt":"2025-03-25T17:14:21","guid":{"rendered":"https:\/\/switzerland.afssite.afs.org\/?p=59639"},"modified":"2025-03-25T18:14:54","modified_gmt":"2025-03-25T17:14:54","slug":"mia-de-belgique-2","status":"publish","type":"post","link":"https:\/\/www.afs.ch\/fr\/etudiantes-daccueil\/ete-2024\/mia-de-belgique-2\/","title":{"rendered":"Mia de Belgique"},"content":{"rendered":"<p>Mia est une personne tr\u00e8s gentille, ambitieuse et cr\u00e9ative. Elle est tr\u00e8s excit\u00e9e \u00e0 l&rsquo;id\u00e9e de rencontrer sa famille d&rsquo;accueil et est pr\u00eate \u00e0 s&rsquo;int\u00e9grer pleinement dans le foyer. Elle est ind\u00e9pendante, respectueuse des autres et cr\u00e9ative. C&rsquo;est aussi une personne athl\u00e9tique, ses loisirs sont le patinage artistique, le ski et la natation. Elle aime faire de l&rsquo;art pendant son temps libre. Elle \u00e9tudie l&rsquo;architecture parce qu&rsquo;elle est passionn\u00e9e par la conception ext\u00e9rieure et int\u00e9rieure des maisons. Elle adore aussi passer du temps avec sa famille et sortir avec ses amis. Elle pr\u00e9f\u00e8re regarder des films plut\u00f4t que de lire des livres. Elle aime explorer la nature, car cela lui apporte la paix, et elle aime aussi jouer avec ses six poules. Elle habite maintenant \u00e0 Gen\u00e8ve et va au Coll\u00e8ge de Saussure. Le trajet scolaire ne doit pas d\u00e9passer une heure.<\/p>\n<p><figure class=\"wp-image-wrap\"><img loading=\"lazy\" decoding=\"async\" class=\"alignnone size-full wp-image-59644\" src=\"https:\/\/d22dvihj4pfop3.cloudfront.net\/wp-content\/uploads\/sites\/71\/2025\/03\/25181355\/Mia-Rajkovic-1.jpg\" alt=\"\" width=\"432\" height=\"565\" \/><\/figure><\/p>\n<p>&nbsp;<\/p>\n<p style=\"text-align: center;\"><a class=\"button outline\" href=\"https:\/\/www.afs.ch\/fr\/gastfamilie-bei-afs\/anmeldung\/\" target=\"_self\" rel=\"noopener\">Devenez famille d&rsquo;accueil AFS<\/a><\/p>\n","protected":false},"excerpt":{"rendered":"<p>Mia est une personne tr\u00e8s gentille, ambitieuse et cr\u00e9ative. Elle est tr\u00e8s excit\u00e9e \u00e0 l&rsquo;id\u00e9e de rencontrer sa famille d&rsquo;accueil&hellip;<\/p>\n","protected":false},"author":2019,"featured_media":59642,"comment_status":"closed","ping_status":"closed","sticky":false,"template":"","format":"standard","meta":{"footnotes":""},"categories":[882],"tags":[],"class_list":["post-59639","post","type-post","status-publish","format-standard","has-post-thumbnail","hentry","category-ete-2024"],"yoast_head":"<!-- This site is optimized with the Yoast SEO plugin v26.6 - https:\/\/yoast.com\/wordpress\/plugins\/seo\/ -->\n<title>Mia de Belgique - Intercultural Programs<\/title>\n<meta name=\"robots\" content=\"index, follow, max-snippet:-1, max-image-preview:large, max-video-preview:-1\" \/>\n<link rel=\"canonical\" href=\"https:\/\/www.afs.ch\/fr\/etudiantes-daccueil\/ete-2024\/mia-de-belgique-2\/\" \/>\n<meta property=\"og:locale\" content=\"fr_FR\" \/>\n<meta property=\"og:type\" content=\"article\" \/>\n<meta property=\"og:title\" content=\"Mia de Belgique - Intercultural Programs\" \/>\n<meta property=\"og:description\" content=\"Mia est une personne tr\u00e8s gentille, ambitieuse et cr\u00e9ative. Elle est tr\u00e8s excit\u00e9e \u00e0 l&rsquo;id\u00e9e de rencontrer sa famille d&rsquo;accueil&hellip;\" \/>\n<meta property=\"og:url\" content=\"https:\/\/www.afs.ch\/fr\/etudiantes-daccueil\/ete-2024\/mia-de-belgique-2\/\" \/>\n<meta property=\"og:site_name\" content=\"Intercultural Programs\" \/>\n<meta property=\"article:publisher\" content=\"https:\/\/www.facebook.com\/afsswitzerland\/\" \/>\n<meta property=\"article:published_time\" content=\"2025-03-25T17:14:21+00:00\" \/>\n<meta property=\"article:modified_time\" content=\"2025-03-25T17:14:54+00:00\" \/>\n<meta property=\"og:image\" content=\"https:\/\/d22dvihj4pfop3.cloudfront.net\/wp-content\/uploads\/sites\/71\/2025\/03\/25181043\/Mia.jpg\" \/>\n\t<meta property=\"og:image:width\" content=\"300\" \/>\n\t<meta property=\"og:image:height\" content=\"300\" \/>\n\t<meta property=\"og:image:type\" content=\"image\/jpeg\" \/>\n<meta name=\"author\" content=\"seraphinewunderli\" \/>\n<meta name=\"twitter:card\" content=\"summary_large_image\" \/>\n<meta name=\"twitter:creator\" content=\"@afs_ch\" \/>\n<meta name=\"twitter:site\" content=\"@afs_ch\" \/>\n<meta name=\"twitter:label1\" content=\"Written by\" \/>\n\t<meta name=\"twitter:data1\" content=\"seraphinewunderli\" \/>\n\t<meta name=\"twitter:label2\" content=\"Est. reading time\" \/>\n\t<meta name=\"twitter:data2\" content=\"2 minutes\" \/>\n<script type=\"application\/ld+json\" class=\"yoast-schema-graph\">{\"@context\":\"https:\/\/schema.org\",\"@graph\":[{\"@type\":\"WebPage\",\"@id\":\"https:\/\/www.afs.ch\/fr\/etudiantes-daccueil\/ete-2024\/mia-de-belgique-2\/\",\"url\":\"https:\/\/www.afs.ch\/fr\/etudiantes-daccueil\/ete-2024\/mia-de-belgique-2\/\",\"name\":\"Mia de Belgique - Intercultural Programs\",\"isPartOf\":{\"@id\":\"https:\/\/www.afs.ch\/fr\/#website\"},\"primaryImageOfPage\":{\"@id\":\"https:\/\/www.afs.ch\/fr\/etudiantes-daccueil\/ete-2024\/mia-de-belgique-2\/#primaryimage\"},\"image\":{\"@id\":\"https:\/\/www.afs.ch\/fr\/etudiantes-daccueil\/ete-2024\/mia-de-belgique-2\/#primaryimage\"},\"thumbnailUrl\":\"https:\/\/d22dvihj4pfop3.cloudfront.net\/wp-content\/uploads\/sites\/71\/2025\/03\/25181043\/Mia.jpg\",\"datePublished\":\"2025-03-25T17:14:21+00:00\",\"dateModified\":\"2025-03-25T17:14:54+00:00\",\"author\":{\"@id\":\"https:\/\/www.afs.ch\/fr\/#\/schema\/person\/6d9b8102315c4c8e509a3e7800ef968a\"},\"breadcrumb\":{\"@id\":\"https:\/\/www.afs.ch\/fr\/etudiantes-daccueil\/ete-2024\/mia-de-belgique-2\/#breadcrumb\"},\"inLanguage\":\"fr-FR\",\"potentialAction\":[{\"@type\":\"ReadAction\",\"target\":[\"https:\/\/www.afs.ch\/fr\/etudiantes-daccueil\/ete-2024\/mia-de-belgique-2\/\"]}]},{\"@type\":\"ImageObject\",\"inLanguage\":\"fr-FR\",\"@id\":\"https:\/\/www.afs.ch\/fr\/etudiantes-daccueil\/ete-2024\/mia-de-belgique-2\/#primaryimage\",\"url\":\"https:\/\/d22dvihj4pfop3.cloudfront.net\/wp-content\/uploads\/sites\/71\/2025\/03\/25181043\/Mia.jpg\",\"contentUrl\":\"https:\/\/d22dvihj4pfop3.cloudfront.net\/wp-content\/uploads\/sites\/71\/2025\/03\/25181043\/Mia.jpg\",\"width\":300,\"height\":300},{\"@type\":\"BreadcrumbList\",\"@id\":\"https:\/\/www.afs.ch\/fr\/etudiantes-daccueil\/ete-2024\/mia-de-belgique-2\/#breadcrumb\",\"itemListElement\":[{\"@type\":\"ListItem\",\"position\":1,\"name\":\"Home\",\"item\":\"https:\/\/switzerland.afssite.afs.org\/fr\/\"},{\"@type\":\"ListItem\",\"position\":2,\"name\":\"Mia de Belgique\"}]},{\"@type\":\"WebSite\",\"@id\":\"https:\/\/www.afs.ch\/fr\/#website\",\"url\":\"https:\/\/www.afs.ch\/fr\/\",\"name\":\"Interkulturelle Programme\",\"description\":\"Switzerland\",\"potentialAction\":[{\"@type\":\"SearchAction\",\"target\":{\"@type\":\"EntryPoint\",\"urlTemplate\":\"https:\/\/www.afs.ch\/fr\/?s={search_term_string}\"},\"query-input\":{\"@type\":\"PropertyValueSpecification\",\"valueRequired\":true,\"valueName\":\"search_term_string\"}}],\"inLanguage\":\"fr-FR\"},{\"@type\":\"Person\",\"@id\":\"https:\/\/www.afs.ch\/fr\/#\/schema\/person\/6d9b8102315c4c8e509a3e7800ef968a\",\"name\":\"seraphinewunderli\",\"image\":{\"@type\":\"ImageObject\",\"inLanguage\":\"fr-FR\",\"@id\":\"https:\/\/www.afs.ch\/fr\/#\/schema\/person\/image\/\",\"url\":\"https:\/\/secure.gravatar.com\/avatar\/62283581713e938d833c2d23b462deeffc5de1c98988995735d8c64dcf17f95e?s=96&d=mm&r=g\",\"contentUrl\":\"https:\/\/secure.gravatar.com\/avatar\/62283581713e938d833c2d23b462deeffc5de1c98988995735d8c64dcf17f95e?s=96&d=mm&r=g\",\"caption\":\"seraphinewunderli\"},\"url\":\"https:\/\/www.afs.ch\/fr\/author\/seraphinewunderli\/\"}]}<\/script>\n<!-- \/ Yoast SEO plugin. -->","yoast_head_json":{"title":"Mia de Belgique - Intercultural Programs","robots":{"index":"index","follow":"follow","max-snippet":"max-snippet:-1","max-image-preview":"max-image-preview:large","max-video-preview":"max-video-preview:-1"},"canonical":"https:\/\/www.afs.ch\/fr\/etudiantes-daccueil\/ete-2024\/mia-de-belgique-2\/","og_locale":"fr_FR","og_type":"article","og_title":"Mia de Belgique - Intercultural Programs","og_description":"Mia est une personne tr\u00e8s gentille, ambitieuse et cr\u00e9ative. Elle est tr\u00e8s excit\u00e9e \u00e0 l&rsquo;id\u00e9e de rencontrer sa famille d&rsquo;accueil&hellip;","og_url":"https:\/\/www.afs.ch\/fr\/etudiantes-daccueil\/ete-2024\/mia-de-belgique-2\/","og_site_name":"Intercultural Programs","article_publisher":"https:\/\/www.facebook.com\/afsswitzerland\/","article_published_time":"2025-03-25T17:14:21+00:00","article_modified_time":"2025-03-25T17:14:54+00:00","og_image":[{"url":"https:\/\/d22dvihj4pfop3.cloudfront.net\/wp-content\/uploads\/sites\/71\/2025\/03\/25181043\/Mia.jpg","width":300,"height":300,"type":"image\/jpeg"}],"author":"seraphinewunderli","twitter_card":"summary_large_image","twitter_creator":"@afs_ch","twitter_site":"@afs_ch","twitter_misc":{"Written by":"seraphinewunderli","Est. reading time":"2 minutes"},"schema":{"@context":"https:\/\/schema.org","@graph":[{"@type":"WebPage","@id":"https:\/\/www.afs.ch\/fr\/etudiantes-daccueil\/ete-2024\/mia-de-belgique-2\/","url":"https:\/\/www.afs.ch\/fr\/etudiantes-daccueil\/ete-2024\/mia-de-belgique-2\/","name":"Mia de Belgique - Intercultural Programs","isPartOf":{"@id":"https:\/\/www.afs.ch\/fr\/#website"},"primaryImageOfPage":{"@id":"https:\/\/www.afs.ch\/fr\/etudiantes-daccueil\/ete-2024\/mia-de-belgique-2\/#primaryimage"},"image":{"@id":"https:\/\/www.afs.ch\/fr\/etudiantes-daccueil\/ete-2024\/mia-de-belgique-2\/#primaryimage"},"thumbnailUrl":"https:\/\/d22dvihj4pfop3.cloudfront.net\/wp-content\/uploads\/sites\/71\/2025\/03\/25181043\/Mia.jpg","datePublished":"2025-03-25T17:14:21+00:00","dateModified":"2025-03-25T17:14:54+00:00","author":{"@id":"https:\/\/www.afs.ch\/fr\/#\/schema\/person\/6d9b8102315c4c8e509a3e7800ef968a"},"breadcrumb":{"@id":"https:\/\/www.afs.ch\/fr\/etudiantes-daccueil\/ete-2024\/mia-de-belgique-2\/#breadcrumb"},"inLanguage":"fr-FR","potentialAction":[{"@type":"ReadAction","target":["https:\/\/www.afs.ch\/fr\/etudiantes-daccueil\/ete-2024\/mia-de-belgique-2\/"]}]},{"@type":"ImageObject","inLanguage":"fr-FR","@id":"https:\/\/www.afs.ch\/fr\/etudiantes-daccueil\/ete-2024\/mia-de-belgique-2\/#primaryimage","url":"https:\/\/d22dvihj4pfop3.cloudfront.net\/wp-content\/uploads\/sites\/71\/2025\/03\/25181043\/Mia.jpg","contentUrl":"https:\/\/d22dvihj4pfop3.cloudfront.net\/wp-content\/uploads\/sites\/71\/2025\/03\/25181043\/Mia.jpg","width":300,"height":300},{"@type":"BreadcrumbList","@id":"https:\/\/www.afs.ch\/fr\/etudiantes-daccueil\/ete-2024\/mia-de-belgique-2\/#breadcrumb","itemListElement":[{"@type":"ListItem","position":1,"name":"Home","item":"https:\/\/switzerland.afssite.afs.org\/fr\/"},{"@type":"ListItem","position":2,"name":"Mia de Belgique"}]},{"@type":"WebSite","@id":"https:\/\/www.afs.ch\/fr\/#website","url":"https:\/\/www.afs.ch\/fr\/","name":"Interkulturelle Programme","description":"Switzerland","potentialAction":[{"@type":"SearchAction","target":{"@type":"EntryPoint","urlTemplate":"https:\/\/www.afs.ch\/fr\/?s={search_term_string}"},"query-input":{"@type":"PropertyValueSpecification","valueRequired":true,"valueName":"search_term_string"}}],"inLanguage":"fr-FR"},{"@type":"Person","@id":"https:\/\/www.afs.ch\/fr\/#\/schema\/person\/6d9b8102315c4c8e509a3e7800ef968a","name":"seraphinewunderli","image":{"@type":"ImageObject","inLanguage":"fr-FR","@id":"https:\/\/www.afs.ch\/fr\/#\/schema\/person\/image\/","url":"https:\/\/secure.gravatar.com\/avatar\/62283581713e938d833c2d23b462deeffc5de1c98988995735d8c64dcf17f95e?s=96&d=mm&r=g","contentUrl":"https:\/\/secure.gravatar.com\/avatar\/62283581713e938d833c2d23b462deeffc5de1c98988995735d8c64dcf17f95e?s=96&d=mm&r=g","caption":"seraphinewunderli"},"url":"https:\/\/www.afs.ch\/fr\/author\/seraphinewunderli\/"}]}},"_links":{"self":[{"href":"https:\/\/www.afs.ch\/fr\/wp-json\/wp\/v2\/posts\/59639","targetHints":{"allow":["GET"]}}],"collection":[{"href":"https:\/\/www.afs.ch\/fr\/wp-json\/wp\/v2\/posts"}],"about":[{"href":"https:\/\/www.afs.ch\/fr\/wp-json\/wp\/v2\/types\/post"}],"author":[{"embeddable":true,"href":"https:\/\/www.afs.ch\/fr\/wp-json\/wp\/v2\/users\/2019"}],"replies":[{"embeddable":true,"href":"https:\/\/www.afs.ch\/fr\/wp-json\/wp\/v2\/comments?post=59639"}],"version-history":[{"count":5,"href":"https:\/\/www.afs.ch\/fr\/wp-json\/wp\/v2\/posts\/59639\/revisions"}],"predecessor-version":[{"id":59647,"href":"https:\/\/www.afs.ch\/fr\/wp-json\/wp\/v2\/posts\/59639\/revisions\/59647"}],"wp:featuredmedia":[{"embeddable":true,"href":"https:\/\/www.afs.ch\/fr\/wp-json\/wp\/v2\/media\/59642"}],"wp:attachment":[{"href":"https:\/\/www.afs.ch\/fr\/wp-json\/wp\/v2\/media?parent=59639"}],"wp:term":[{"taxonomy":"category","embeddable":true,"href":"https:\/\/www.afs.ch\/fr\/wp-json\/wp\/v2\/categories?post=59639"},{"taxonomy":"post_tag","embeddable":true,"href":"https:\/\/www.afs.ch\/fr\/wp-json\/wp\/v2\/tags?post=59639"}],"curies":[{"name":"wp","href":"https:\/\/api.w.org\/{rel}","templated":true}]}}