{"id":61814,"date":"2026-03-20T15:22:17","date_gmt":"2026-03-20T14:22:17","guid":{"rendered":"https:\/\/switzerland.afssite.afs.org\/?p=61814"},"modified":"2026-03-20T15:45:22","modified_gmt":"2026-03-20T14:45:22","slug":"margherita-de-italie","status":"publish","type":"post","link":"https:\/\/www.afs.ch\/fr\/etudiantes-daccueil\/ete-2026\/margherita-de-italie\/","title":{"rendered":"Margherita de Italie"},"content":{"rendered":"<p data-path-to-node=\"2\">Margherita est une personne sociable, solaire et positive. \u00c0 travers cette exp\u00e9rience d\u2019\u00e9change, elle esp\u00e8re acqu\u00e9rir une plus grande ind\u00e9pendance et une plus grande ouverture d&rsquo;esprit. Bien qu&rsquo;elle puisse \u00eatre r\u00e9serv\u00e9e au premier abord, elle devient \u00e0 l&rsquo;aise, est encourageante qui aime \u00e9couter les autres et rends service.<\/p>\n<p data-path-to-node=\"3\">Pendant la semaine, Margherita jongle entre ses \u00e9tudes, la natation synchronis\u00e9e, ses sorties entre amis, le cin\u00e9ma et la musique. Avec sa famille, elle se rends pendant les vacances dans leur chalet pour faire du ski alpin ou ils partent ensemble en voyage. S&rsquo;inspirant de son fr\u00e8re a\u00een\u00e9, qui a \u00e9galement \u00e9tudi\u00e9 \u00e0 l&rsquo;\u00e9tranger et vit actuellement au Royaume-Uni. Elle a d\u00e9j\u00e0 fait sa propre exp\u00e9rience d&rsquo;enfance \u00e0 Londres. Elle a h\u00e2te de vivre \u00e0 nouveau \u00e0 l&rsquo;\u00e9tranger.<\/p>\n<p data-path-to-node=\"4\">Ayant fait partie d&rsquo;une famille qui a d\u00e9j\u00e0 accueilli un \u00e9tudiant international, elle comprend bien la dynamique d&rsquo;une famille d&rsquo;accueil et est particuli\u00e8rement enthousiaste \u00e0 l&rsquo;id\u00e9e de s&rsquo;immerger dans une nouvelle culture tout en am\u00e9liorant ses comp\u00e9tences en fran\u00e7ais.<\/p>\n<p data-path-to-node=\"4\"><figure class=\"wp-image-wrap\"><img loading=\"lazy\" decoding=\"async\" class=\"aligncenter size-full wp-image-61815\" src=\"https:\/\/d22dvihj4pfop3.cloudfront.net\/wp-content\/uploads\/sites\/71\/2026\/03\/20152148\/Margherita_NH26.jpg\" alt=\"\" width=\"190\" height=\"250\" \/><\/figure><\/p>\n","protected":false},"excerpt":{"rendered":"<p>Margherita est une personne sociable, solaire et positive. \u00c0 travers cette exp\u00e9rience d\u2019\u00e9change, elle esp\u00e8re acqu\u00e9rir une plus grande ind\u00e9pendance&hellip;<\/p>\n","protected":false},"author":2424,"featured_media":61815,"comment_status":"closed","ping_status":"closed","sticky":false,"template":"","format":"standard","meta":{"footnotes":""},"categories":[911,881],"tags":[],"class_list":["post-61814","post","type-post","status-publish","format-standard","has-post-thumbnail","hentry","category-ete-2026","category-etudiantes-daccueil"],"yoast_head":"<!-- This site is optimized with the Yoast SEO plugin v26.6 - https:\/\/yoast.com\/wordpress\/plugins\/seo\/ -->\n<title>Margherita de Italie - Intercultural Programs<\/title>\n<meta name=\"robots\" content=\"index, follow, max-snippet:-1, max-image-preview:large, max-video-preview:-1\" \/>\n<link rel=\"canonical\" href=\"https:\/\/www.afs.ch\/fr\/etudiantes-daccueil\/ete-2026\/margherita-de-italie\/\" \/>\n<meta property=\"og:locale\" content=\"fr_FR\" \/>\n<meta property=\"og:type\" content=\"article\" \/>\n<meta property=\"og:title\" content=\"Margherita de Italie - Intercultural Programs\" \/>\n<meta property=\"og:description\" content=\"Margherita est une personne sociable, solaire et positive. \u00c0 travers cette exp\u00e9rience d\u2019\u00e9change, elle esp\u00e8re acqu\u00e9rir une plus grande ind\u00e9pendance&hellip;\" \/>\n<meta property=\"og:url\" content=\"https:\/\/www.afs.ch\/fr\/etudiantes-daccueil\/ete-2026\/margherita-de-italie\/\" \/>\n<meta property=\"og:site_name\" content=\"Intercultural Programs\" \/>\n<meta property=\"article:publisher\" content=\"https:\/\/www.facebook.com\/afsswitzerland\/\" \/>\n<meta property=\"article:published_time\" content=\"2026-03-20T14:22:17+00:00\" \/>\n<meta property=\"article:modified_time\" content=\"2026-03-20T14:45:22+00:00\" \/>\n<meta property=\"og:image\" content=\"https:\/\/d22dvihj4pfop3.cloudfront.net\/wp-content\/uploads\/sites\/71\/2026\/03\/20152148\/Margherita_NH26.jpg\" \/>\n\t<meta property=\"og:image:width\" content=\"190\" \/>\n\t<meta property=\"og:image:height\" content=\"250\" \/>\n\t<meta property=\"og:image:type\" content=\"image\/jpeg\" \/>\n<meta name=\"author\" content=\"leaazevedo\" \/>\n<meta name=\"twitter:card\" content=\"summary_large_image\" \/>\n<meta name=\"twitter:creator\" content=\"@afs_ch\" \/>\n<meta name=\"twitter:site\" content=\"@afs_ch\" \/>\n<meta name=\"twitter:label1\" content=\"Written by\" \/>\n\t<meta name=\"twitter:data1\" content=\"leaazevedo\" \/>\n\t<meta name=\"twitter:label2\" content=\"Est. reading time\" \/>\n\t<meta name=\"twitter:data2\" content=\"2 minutes\" \/>\n<script type=\"application\/ld+json\" class=\"yoast-schema-graph\">{\"@context\":\"https:\/\/schema.org\",\"@graph\":[{\"@type\":\"WebPage\",\"@id\":\"https:\/\/www.afs.ch\/fr\/etudiantes-daccueil\/ete-2026\/margherita-de-italie\/\",\"url\":\"https:\/\/www.afs.ch\/fr\/etudiantes-daccueil\/ete-2026\/margherita-de-italie\/\",\"name\":\"Margherita de Italie - Intercultural Programs\",\"isPartOf\":{\"@id\":\"https:\/\/www.afs.ch\/fr\/#website\"},\"primaryImageOfPage\":{\"@id\":\"https:\/\/www.afs.ch\/fr\/etudiantes-daccueil\/ete-2026\/margherita-de-italie\/#primaryimage\"},\"image\":{\"@id\":\"https:\/\/www.afs.ch\/fr\/etudiantes-daccueil\/ete-2026\/margherita-de-italie\/#primaryimage\"},\"thumbnailUrl\":\"https:\/\/d22dvihj4pfop3.cloudfront.net\/wp-content\/uploads\/sites\/71\/2026\/03\/20152148\/Margherita_NH26.jpg\",\"datePublished\":\"2026-03-20T14:22:17+00:00\",\"dateModified\":\"2026-03-20T14:45:22+00:00\",\"author\":{\"@id\":\"https:\/\/www.afs.ch\/fr\/#\/schema\/person\/4f60a7756a6f1a6a68399512de40aa74\"},\"breadcrumb\":{\"@id\":\"https:\/\/www.afs.ch\/fr\/etudiantes-daccueil\/ete-2026\/margherita-de-italie\/#breadcrumb\"},\"inLanguage\":\"fr-FR\",\"potentialAction\":[{\"@type\":\"ReadAction\",\"target\":[\"https:\/\/www.afs.ch\/fr\/etudiantes-daccueil\/ete-2026\/margherita-de-italie\/\"]}]},{\"@type\":\"ImageObject\",\"inLanguage\":\"fr-FR\",\"@id\":\"https:\/\/www.afs.ch\/fr\/etudiantes-daccueil\/ete-2026\/margherita-de-italie\/#primaryimage\",\"url\":\"https:\/\/d22dvihj4pfop3.cloudfront.net\/wp-content\/uploads\/sites\/71\/2026\/03\/20152148\/Margherita_NH26.jpg\",\"contentUrl\":\"https:\/\/d22dvihj4pfop3.cloudfront.net\/wp-content\/uploads\/sites\/71\/2026\/03\/20152148\/Margherita_NH26.jpg\",\"width\":190,\"height\":250},{\"@type\":\"BreadcrumbList\",\"@id\":\"https:\/\/www.afs.ch\/fr\/etudiantes-daccueil\/ete-2026\/margherita-de-italie\/#breadcrumb\",\"itemListElement\":[{\"@type\":\"ListItem\",\"position\":1,\"name\":\"Home\",\"item\":\"https:\/\/switzerland.afssite.afs.org\/fr\/\"},{\"@type\":\"ListItem\",\"position\":2,\"name\":\"Margherita de Italie\"}]},{\"@type\":\"WebSite\",\"@id\":\"https:\/\/www.afs.ch\/fr\/#website\",\"url\":\"https:\/\/www.afs.ch\/fr\/\",\"name\":\"Interkulturelle Programme\",\"description\":\"Switzerland\",\"potentialAction\":[{\"@type\":\"SearchAction\",\"target\":{\"@type\":\"EntryPoint\",\"urlTemplate\":\"https:\/\/www.afs.ch\/fr\/?s={search_term_string}\"},\"query-input\":{\"@type\":\"PropertyValueSpecification\",\"valueRequired\":true,\"valueName\":\"search_term_string\"}}],\"inLanguage\":\"fr-FR\"},{\"@type\":\"Person\",\"@id\":\"https:\/\/www.afs.ch\/fr\/#\/schema\/person\/4f60a7756a6f1a6a68399512de40aa74\",\"name\":\"leaazevedo\",\"image\":{\"@type\":\"ImageObject\",\"inLanguage\":\"fr-FR\",\"@id\":\"https:\/\/www.afs.ch\/fr\/#\/schema\/person\/image\/\",\"url\":\"https:\/\/secure.gravatar.com\/avatar\/1a93f114639da758131453feddc49643f353a6beff4fa685ea25f22feb90b0ae?s=96&d=mm&r=g\",\"contentUrl\":\"https:\/\/secure.gravatar.com\/avatar\/1a93f114639da758131453feddc49643f353a6beff4fa685ea25f22feb90b0ae?s=96&d=mm&r=g\",\"caption\":\"leaazevedo\"},\"url\":\"https:\/\/www.afs.ch\/fr\/author\/leaazevedo\/\"}]}<\/script>\n<!-- \/ Yoast SEO plugin. -->","yoast_head_json":{"title":"Margherita de Italie - Intercultural Programs","robots":{"index":"index","follow":"follow","max-snippet":"max-snippet:-1","max-image-preview":"max-image-preview:large","max-video-preview":"max-video-preview:-1"},"canonical":"https:\/\/www.afs.ch\/fr\/etudiantes-daccueil\/ete-2026\/margherita-de-italie\/","og_locale":"fr_FR","og_type":"article","og_title":"Margherita de Italie - Intercultural Programs","og_description":"Margherita est une personne sociable, solaire et positive. \u00c0 travers cette exp\u00e9rience d\u2019\u00e9change, elle esp\u00e8re acqu\u00e9rir une plus grande ind\u00e9pendance&hellip;","og_url":"https:\/\/www.afs.ch\/fr\/etudiantes-daccueil\/ete-2026\/margherita-de-italie\/","og_site_name":"Intercultural Programs","article_publisher":"https:\/\/www.facebook.com\/afsswitzerland\/","article_published_time":"2026-03-20T14:22:17+00:00","article_modified_time":"2026-03-20T14:45:22+00:00","og_image":[{"url":"https:\/\/d22dvihj4pfop3.cloudfront.net\/wp-content\/uploads\/sites\/71\/2026\/03\/20152148\/Margherita_NH26.jpg","width":190,"height":250,"type":"image\/jpeg"}],"author":"leaazevedo","twitter_card":"summary_large_image","twitter_creator":"@afs_ch","twitter_site":"@afs_ch","twitter_misc":{"Written by":"leaazevedo","Est. reading time":"2 minutes"},"schema":{"@context":"https:\/\/schema.org","@graph":[{"@type":"WebPage","@id":"https:\/\/www.afs.ch\/fr\/etudiantes-daccueil\/ete-2026\/margherita-de-italie\/","url":"https:\/\/www.afs.ch\/fr\/etudiantes-daccueil\/ete-2026\/margherita-de-italie\/","name":"Margherita de Italie - Intercultural Programs","isPartOf":{"@id":"https:\/\/www.afs.ch\/fr\/#website"},"primaryImageOfPage":{"@id":"https:\/\/www.afs.ch\/fr\/etudiantes-daccueil\/ete-2026\/margherita-de-italie\/#primaryimage"},"image":{"@id":"https:\/\/www.afs.ch\/fr\/etudiantes-daccueil\/ete-2026\/margherita-de-italie\/#primaryimage"},"thumbnailUrl":"https:\/\/d22dvihj4pfop3.cloudfront.net\/wp-content\/uploads\/sites\/71\/2026\/03\/20152148\/Margherita_NH26.jpg","datePublished":"2026-03-20T14:22:17+00:00","dateModified":"2026-03-20T14:45:22+00:00","author":{"@id":"https:\/\/www.afs.ch\/fr\/#\/schema\/person\/4f60a7756a6f1a6a68399512de40aa74"},"breadcrumb":{"@id":"https:\/\/www.afs.ch\/fr\/etudiantes-daccueil\/ete-2026\/margherita-de-italie\/#breadcrumb"},"inLanguage":"fr-FR","potentialAction":[{"@type":"ReadAction","target":["https:\/\/www.afs.ch\/fr\/etudiantes-daccueil\/ete-2026\/margherita-de-italie\/"]}]},{"@type":"ImageObject","inLanguage":"fr-FR","@id":"https:\/\/www.afs.ch\/fr\/etudiantes-daccueil\/ete-2026\/margherita-de-italie\/#primaryimage","url":"https:\/\/d22dvihj4pfop3.cloudfront.net\/wp-content\/uploads\/sites\/71\/2026\/03\/20152148\/Margherita_NH26.jpg","contentUrl":"https:\/\/d22dvihj4pfop3.cloudfront.net\/wp-content\/uploads\/sites\/71\/2026\/03\/20152148\/Margherita_NH26.jpg","width":190,"height":250},{"@type":"BreadcrumbList","@id":"https:\/\/www.afs.ch\/fr\/etudiantes-daccueil\/ete-2026\/margherita-de-italie\/#breadcrumb","itemListElement":[{"@type":"ListItem","position":1,"name":"Home","item":"https:\/\/switzerland.afssite.afs.org\/fr\/"},{"@type":"ListItem","position":2,"name":"Margherita de Italie"}]},{"@type":"WebSite","@id":"https:\/\/www.afs.ch\/fr\/#website","url":"https:\/\/www.afs.ch\/fr\/","name":"Interkulturelle Programme","description":"Switzerland","potentialAction":[{"@type":"SearchAction","target":{"@type":"EntryPoint","urlTemplate":"https:\/\/www.afs.ch\/fr\/?s={search_term_string}"},"query-input":{"@type":"PropertyValueSpecification","valueRequired":true,"valueName":"search_term_string"}}],"inLanguage":"fr-FR"},{"@type":"Person","@id":"https:\/\/www.afs.ch\/fr\/#\/schema\/person\/4f60a7756a6f1a6a68399512de40aa74","name":"leaazevedo","image":{"@type":"ImageObject","inLanguage":"fr-FR","@id":"https:\/\/www.afs.ch\/fr\/#\/schema\/person\/image\/","url":"https:\/\/secure.gravatar.com\/avatar\/1a93f114639da758131453feddc49643f353a6beff4fa685ea25f22feb90b0ae?s=96&d=mm&r=g","contentUrl":"https:\/\/secure.gravatar.com\/avatar\/1a93f114639da758131453feddc49643f353a6beff4fa685ea25f22feb90b0ae?s=96&d=mm&r=g","caption":"leaazevedo"},"url":"https:\/\/www.afs.ch\/fr\/author\/leaazevedo\/"}]}},"_links":{"self":[{"href":"https:\/\/www.afs.ch\/fr\/wp-json\/wp\/v2\/posts\/61814","targetHints":{"allow":["GET"]}}],"collection":[{"href":"https:\/\/www.afs.ch\/fr\/wp-json\/wp\/v2\/posts"}],"about":[{"href":"https:\/\/www.afs.ch\/fr\/wp-json\/wp\/v2\/types\/post"}],"author":[{"embeddable":true,"href":"https:\/\/www.afs.ch\/fr\/wp-json\/wp\/v2\/users\/2424"}],"replies":[{"embeddable":true,"href":"https:\/\/www.afs.ch\/fr\/wp-json\/wp\/v2\/comments?post=61814"}],"version-history":[{"count":3,"href":"https:\/\/www.afs.ch\/fr\/wp-json\/wp\/v2\/posts\/61814\/revisions"}],"predecessor-version":[{"id":61820,"href":"https:\/\/www.afs.ch\/fr\/wp-json\/wp\/v2\/posts\/61814\/revisions\/61820"}],"wp:featuredmedia":[{"embeddable":true,"href":"https:\/\/www.afs.ch\/fr\/wp-json\/wp\/v2\/media\/61815"}],"wp:attachment":[{"href":"https:\/\/www.afs.ch\/fr\/wp-json\/wp\/v2\/media?parent=61814"}],"wp:term":[{"taxonomy":"category","embeddable":true,"href":"https:\/\/www.afs.ch\/fr\/wp-json\/wp\/v2\/categories?post=61814"},{"taxonomy":"post_tag","embeddable":true,"href":"https:\/\/www.afs.ch\/fr\/wp-json\/wp\/v2\/tags?post=61814"}],"curies":[{"name":"wp","href":"https:\/\/api.w.org\/{rel}","templated":true}]}}