{"id":62059,"date":"2026-04-17T15:18:43","date_gmt":"2026-04-17T14:18:43","guid":{"rendered":"https:\/\/switzerland.afssite.afs.org\/?p=62059"},"modified":"2026-04-22T14:49:37","modified_gmt":"2026-04-22T13:49:37","slug":"ali-de-la-turquie","status":"publish","type":"post","link":"https:\/\/www.afs.ch\/fr\/etudiantes-daccueil\/ete-2026\/ali-de-la-turquie\/","title":{"rendered":"Ali de la Turquie"},"content":{"rendered":"<p data-path-to-node=\"2\">Ali est bavard, disciplin\u00e9, extroverti et \u00e9nergique. Le tennis est bien plus qu&rsquo;un simple sport pour lui ; il y joue de mani\u00e8re intensive depuis l&rsquo;\u00e2ge de quatre ans et demi sous la direction de son p\u00e8re, et c&rsquo;est devenu un \u00e9l\u00e9ment central de son identit\u00e9. En dehors du tennis, Ali est une personne cr\u00e9ative qui adore le dessin depuis son plus jeune \u00e2ge. Il pr\u00e9voit de poursuivre des \u00e9tudes de design \u00e0 l&rsquo;\u00e9tranger apr\u00e8s l&rsquo;obtention de son baccalaur\u00e9at.<\/p>\n<p data-path-to-node=\"3\">Il accorde une grande importance \u00e0 sa vie sociale et est tr\u00e8s proche de ses amis, avec qui il aime \u00e9tudier dans des caf\u00e9s, sortir au restaurant ou jouer de temps en temps \u00e0 des jeux vid\u00e9o. Ali a grandi dans un environnement familial bienveillant avec ses parents et une s\u0153ur a\u00een\u00e9e qui l&rsquo;a toujours soutenu. Celle-ci \u00e9tant partie \u00e9tudier en Italie, il vit d\u00e9sormais seul avec ses parents.<\/p>\n<p data-path-to-node=\"4\">Il aime aider \u00e0 la maison, respecter les r\u00e8gles et \u00eatre pr\u00e9venant envers les autres. Il est convaincu que les petits gestes, comme \u00eatre organis\u00e9 et poli, contribuent \u00e0 cr\u00e9er un climat familial agr\u00e9able. Il a un lien tr\u00e8s fort avec son bouledogue fran\u00e7ais, Stitch, ainsi qu&rsquo;avec son oiseau, et il est donc tr\u00e8s \u00e0 l&rsquo;aise avec les animaux. Cependant, il est important de noter qu&rsquo;il est allergique aux chats.<\/p>\n<p data-path-to-node=\"4\"><figure class=\"wp-image-wrap\"><img loading=\"lazy\" decoding=\"async\" class=\"alignnone size-full wp-image-62089\" src=\"https:\/\/d22dvihj4pfop3.cloudfront.net\/wp-content\/uploads\/sites\/71\/2026\/04\/22100154\/ali_turkey.jpg\" alt=\"\" width=\"300\" height=\"400\" \/><\/figure><\/p>\n","protected":false},"excerpt":{"rendered":"<p>Ali est bavard, disciplin\u00e9, extroverti et \u00e9nergique. Le tennis est bien plus qu&rsquo;un simple sport pour lui ; il y&hellip;<\/p>\n","protected":false},"author":2424,"featured_media":62089,"comment_status":"closed","ping_status":"closed","sticky":false,"template":"","format":"standard","meta":{"footnotes":""},"categories":[911],"tags":[],"class_list":["post-62059","post","type-post","status-publish","format-standard","has-post-thumbnail","hentry","category-ete-2026"],"yoast_head":"<!-- This site is optimized with the Yoast SEO plugin v26.6 - https:\/\/yoast.com\/wordpress\/plugins\/seo\/ -->\n<title>Ali de la Turquie - Intercultural Programs<\/title>\n<meta name=\"robots\" content=\"index, follow, max-snippet:-1, max-image-preview:large, max-video-preview:-1\" \/>\n<link rel=\"canonical\" href=\"https:\/\/www.afs.ch\/fr\/etudiantes-daccueil\/ete-2026\/ali-de-la-turquie\/\" \/>\n<meta property=\"og:locale\" content=\"fr_FR\" \/>\n<meta property=\"og:type\" content=\"article\" \/>\n<meta property=\"og:title\" content=\"Ali de la Turquie - Intercultural Programs\" \/>\n<meta property=\"og:description\" content=\"Ali est bavard, disciplin\u00e9, extroverti et \u00e9nergique. Le tennis est bien plus qu&rsquo;un simple sport pour lui ; il y&hellip;\" \/>\n<meta property=\"og:url\" content=\"https:\/\/www.afs.ch\/fr\/etudiantes-daccueil\/ete-2026\/ali-de-la-turquie\/\" \/>\n<meta property=\"og:site_name\" content=\"Intercultural Programs\" \/>\n<meta property=\"article:publisher\" content=\"https:\/\/www.facebook.com\/afsswitzerland\/\" \/>\n<meta property=\"article:published_time\" content=\"2026-04-17T14:18:43+00:00\" \/>\n<meta property=\"article:modified_time\" content=\"2026-04-22T13:49:37+00:00\" \/>\n<meta property=\"og:image\" content=\"https:\/\/d22dvihj4pfop3.cloudfront.net\/wp-content\/uploads\/sites\/71\/2026\/04\/22100154\/ali_turkey.jpg\" \/>\n\t<meta property=\"og:image:width\" content=\"300\" \/>\n\t<meta property=\"og:image:height\" content=\"400\" \/>\n\t<meta property=\"og:image:type\" content=\"image\/jpeg\" \/>\n<meta name=\"author\" content=\"leaazevedo\" \/>\n<meta name=\"twitter:card\" content=\"summary_large_image\" \/>\n<meta name=\"twitter:creator\" content=\"@afs_ch\" \/>\n<meta name=\"twitter:site\" content=\"@afs_ch\" \/>\n<meta name=\"twitter:label1\" content=\"Written by\" \/>\n\t<meta name=\"twitter:data1\" content=\"leaazevedo\" \/>\n\t<meta name=\"twitter:label2\" content=\"Est. reading time\" \/>\n\t<meta name=\"twitter:data2\" content=\"2 minutes\" \/>\n<script type=\"application\/ld+json\" class=\"yoast-schema-graph\">{\"@context\":\"https:\/\/schema.org\",\"@graph\":[{\"@type\":\"WebPage\",\"@id\":\"https:\/\/www.afs.ch\/fr\/etudiantes-daccueil\/ete-2026\/ali-de-la-turquie\/\",\"url\":\"https:\/\/www.afs.ch\/fr\/etudiantes-daccueil\/ete-2026\/ali-de-la-turquie\/\",\"name\":\"Ali de la Turquie - Intercultural Programs\",\"isPartOf\":{\"@id\":\"https:\/\/www.afs.ch\/fr\/#website\"},\"primaryImageOfPage\":{\"@id\":\"https:\/\/www.afs.ch\/fr\/etudiantes-daccueil\/ete-2026\/ali-de-la-turquie\/#primaryimage\"},\"image\":{\"@id\":\"https:\/\/www.afs.ch\/fr\/etudiantes-daccueil\/ete-2026\/ali-de-la-turquie\/#primaryimage\"},\"thumbnailUrl\":\"https:\/\/d22dvihj4pfop3.cloudfront.net\/wp-content\/uploads\/sites\/71\/2026\/04\/22100154\/ali_turkey.jpg\",\"datePublished\":\"2026-04-17T14:18:43+00:00\",\"dateModified\":\"2026-04-22T13:49:37+00:00\",\"author\":{\"@id\":\"https:\/\/www.afs.ch\/fr\/#\/schema\/person\/4f60a7756a6f1a6a68399512de40aa74\"},\"breadcrumb\":{\"@id\":\"https:\/\/www.afs.ch\/fr\/etudiantes-daccueil\/ete-2026\/ali-de-la-turquie\/#breadcrumb\"},\"inLanguage\":\"fr-FR\",\"potentialAction\":[{\"@type\":\"ReadAction\",\"target\":[\"https:\/\/www.afs.ch\/fr\/etudiantes-daccueil\/ete-2026\/ali-de-la-turquie\/\"]}]},{\"@type\":\"ImageObject\",\"inLanguage\":\"fr-FR\",\"@id\":\"https:\/\/www.afs.ch\/fr\/etudiantes-daccueil\/ete-2026\/ali-de-la-turquie\/#primaryimage\",\"url\":\"https:\/\/d22dvihj4pfop3.cloudfront.net\/wp-content\/uploads\/sites\/71\/2026\/04\/22100154\/ali_turkey.jpg\",\"contentUrl\":\"https:\/\/d22dvihj4pfop3.cloudfront.net\/wp-content\/uploads\/sites\/71\/2026\/04\/22100154\/ali_turkey.jpg\",\"width\":300,\"height\":400},{\"@type\":\"BreadcrumbList\",\"@id\":\"https:\/\/www.afs.ch\/fr\/etudiantes-daccueil\/ete-2026\/ali-de-la-turquie\/#breadcrumb\",\"itemListElement\":[{\"@type\":\"ListItem\",\"position\":1,\"name\":\"Home\",\"item\":\"https:\/\/switzerland.afssite.afs.org\/fr\/\"},{\"@type\":\"ListItem\",\"position\":2,\"name\":\"Ali de la Turquie\"}]},{\"@type\":\"WebSite\",\"@id\":\"https:\/\/www.afs.ch\/fr\/#website\",\"url\":\"https:\/\/www.afs.ch\/fr\/\",\"name\":\"Interkulturelle Programme\",\"description\":\"Switzerland\",\"potentialAction\":[{\"@type\":\"SearchAction\",\"target\":{\"@type\":\"EntryPoint\",\"urlTemplate\":\"https:\/\/www.afs.ch\/fr\/?s={search_term_string}\"},\"query-input\":{\"@type\":\"PropertyValueSpecification\",\"valueRequired\":true,\"valueName\":\"search_term_string\"}}],\"inLanguage\":\"fr-FR\"},{\"@type\":\"Person\",\"@id\":\"https:\/\/www.afs.ch\/fr\/#\/schema\/person\/4f60a7756a6f1a6a68399512de40aa74\",\"name\":\"leaazevedo\",\"image\":{\"@type\":\"ImageObject\",\"inLanguage\":\"fr-FR\",\"@id\":\"https:\/\/www.afs.ch\/fr\/#\/schema\/person\/image\/\",\"url\":\"https:\/\/secure.gravatar.com\/avatar\/1a93f114639da758131453feddc49643f353a6beff4fa685ea25f22feb90b0ae?s=96&d=mm&r=g\",\"contentUrl\":\"https:\/\/secure.gravatar.com\/avatar\/1a93f114639da758131453feddc49643f353a6beff4fa685ea25f22feb90b0ae?s=96&d=mm&r=g\",\"caption\":\"leaazevedo\"},\"url\":\"https:\/\/www.afs.ch\/fr\/author\/leaazevedo\/\"}]}<\/script>\n<!-- \/ Yoast SEO plugin. -->","yoast_head_json":{"title":"Ali de la Turquie - Intercultural Programs","robots":{"index":"index","follow":"follow","max-snippet":"max-snippet:-1","max-image-preview":"max-image-preview:large","max-video-preview":"max-video-preview:-1"},"canonical":"https:\/\/www.afs.ch\/fr\/etudiantes-daccueil\/ete-2026\/ali-de-la-turquie\/","og_locale":"fr_FR","og_type":"article","og_title":"Ali de la Turquie - Intercultural Programs","og_description":"Ali est bavard, disciplin\u00e9, extroverti et \u00e9nergique. Le tennis est bien plus qu&rsquo;un simple sport pour lui ; il y&hellip;","og_url":"https:\/\/www.afs.ch\/fr\/etudiantes-daccueil\/ete-2026\/ali-de-la-turquie\/","og_site_name":"Intercultural Programs","article_publisher":"https:\/\/www.facebook.com\/afsswitzerland\/","article_published_time":"2026-04-17T14:18:43+00:00","article_modified_time":"2026-04-22T13:49:37+00:00","og_image":[{"url":"https:\/\/d22dvihj4pfop3.cloudfront.net\/wp-content\/uploads\/sites\/71\/2026\/04\/22100154\/ali_turkey.jpg","width":300,"height":400,"type":"image\/jpeg"}],"author":"leaazevedo","twitter_card":"summary_large_image","twitter_creator":"@afs_ch","twitter_site":"@afs_ch","twitter_misc":{"Written by":"leaazevedo","Est. reading time":"2 minutes"},"schema":{"@context":"https:\/\/schema.org","@graph":[{"@type":"WebPage","@id":"https:\/\/www.afs.ch\/fr\/etudiantes-daccueil\/ete-2026\/ali-de-la-turquie\/","url":"https:\/\/www.afs.ch\/fr\/etudiantes-daccueil\/ete-2026\/ali-de-la-turquie\/","name":"Ali de la Turquie - Intercultural Programs","isPartOf":{"@id":"https:\/\/www.afs.ch\/fr\/#website"},"primaryImageOfPage":{"@id":"https:\/\/www.afs.ch\/fr\/etudiantes-daccueil\/ete-2026\/ali-de-la-turquie\/#primaryimage"},"image":{"@id":"https:\/\/www.afs.ch\/fr\/etudiantes-daccueil\/ete-2026\/ali-de-la-turquie\/#primaryimage"},"thumbnailUrl":"https:\/\/d22dvihj4pfop3.cloudfront.net\/wp-content\/uploads\/sites\/71\/2026\/04\/22100154\/ali_turkey.jpg","datePublished":"2026-04-17T14:18:43+00:00","dateModified":"2026-04-22T13:49:37+00:00","author":{"@id":"https:\/\/www.afs.ch\/fr\/#\/schema\/person\/4f60a7756a6f1a6a68399512de40aa74"},"breadcrumb":{"@id":"https:\/\/www.afs.ch\/fr\/etudiantes-daccueil\/ete-2026\/ali-de-la-turquie\/#breadcrumb"},"inLanguage":"fr-FR","potentialAction":[{"@type":"ReadAction","target":["https:\/\/www.afs.ch\/fr\/etudiantes-daccueil\/ete-2026\/ali-de-la-turquie\/"]}]},{"@type":"ImageObject","inLanguage":"fr-FR","@id":"https:\/\/www.afs.ch\/fr\/etudiantes-daccueil\/ete-2026\/ali-de-la-turquie\/#primaryimage","url":"https:\/\/d22dvihj4pfop3.cloudfront.net\/wp-content\/uploads\/sites\/71\/2026\/04\/22100154\/ali_turkey.jpg","contentUrl":"https:\/\/d22dvihj4pfop3.cloudfront.net\/wp-content\/uploads\/sites\/71\/2026\/04\/22100154\/ali_turkey.jpg","width":300,"height":400},{"@type":"BreadcrumbList","@id":"https:\/\/www.afs.ch\/fr\/etudiantes-daccueil\/ete-2026\/ali-de-la-turquie\/#breadcrumb","itemListElement":[{"@type":"ListItem","position":1,"name":"Home","item":"https:\/\/switzerland.afssite.afs.org\/fr\/"},{"@type":"ListItem","position":2,"name":"Ali de la Turquie"}]},{"@type":"WebSite","@id":"https:\/\/www.afs.ch\/fr\/#website","url":"https:\/\/www.afs.ch\/fr\/","name":"Interkulturelle Programme","description":"Switzerland","potentialAction":[{"@type":"SearchAction","target":{"@type":"EntryPoint","urlTemplate":"https:\/\/www.afs.ch\/fr\/?s={search_term_string}"},"query-input":{"@type":"PropertyValueSpecification","valueRequired":true,"valueName":"search_term_string"}}],"inLanguage":"fr-FR"},{"@type":"Person","@id":"https:\/\/www.afs.ch\/fr\/#\/schema\/person\/4f60a7756a6f1a6a68399512de40aa74","name":"leaazevedo","image":{"@type":"ImageObject","inLanguage":"fr-FR","@id":"https:\/\/www.afs.ch\/fr\/#\/schema\/person\/image\/","url":"https:\/\/secure.gravatar.com\/avatar\/1a93f114639da758131453feddc49643f353a6beff4fa685ea25f22feb90b0ae?s=96&d=mm&r=g","contentUrl":"https:\/\/secure.gravatar.com\/avatar\/1a93f114639da758131453feddc49643f353a6beff4fa685ea25f22feb90b0ae?s=96&d=mm&r=g","caption":"leaazevedo"},"url":"https:\/\/www.afs.ch\/fr\/author\/leaazevedo\/"}]}},"_links":{"self":[{"href":"https:\/\/www.afs.ch\/fr\/wp-json\/wp\/v2\/posts\/62059","targetHints":{"allow":["GET"]}}],"collection":[{"href":"https:\/\/www.afs.ch\/fr\/wp-json\/wp\/v2\/posts"}],"about":[{"href":"https:\/\/www.afs.ch\/fr\/wp-json\/wp\/v2\/types\/post"}],"author":[{"embeddable":true,"href":"https:\/\/www.afs.ch\/fr\/wp-json\/wp\/v2\/users\/2424"}],"replies":[{"embeddable":true,"href":"https:\/\/www.afs.ch\/fr\/wp-json\/wp\/v2\/comments?post=62059"}],"version-history":[{"count":3,"href":"https:\/\/www.afs.ch\/fr\/wp-json\/wp\/v2\/posts\/62059\/revisions"}],"predecessor-version":[{"id":62100,"href":"https:\/\/www.afs.ch\/fr\/wp-json\/wp\/v2\/posts\/62059\/revisions\/62100"}],"wp:featuredmedia":[{"embeddable":true,"href":"https:\/\/www.afs.ch\/fr\/wp-json\/wp\/v2\/media\/62089"}],"wp:attachment":[{"href":"https:\/\/www.afs.ch\/fr\/wp-json\/wp\/v2\/media?parent=62059"}],"wp:term":[{"taxonomy":"category","embeddable":true,"href":"https:\/\/www.afs.ch\/fr\/wp-json\/wp\/v2\/categories?post=62059"},{"taxonomy":"post_tag","embeddable":true,"href":"https:\/\/www.afs.ch\/fr\/wp-json\/wp\/v2\/tags?post=62059"}],"curies":[{"name":"wp","href":"https:\/\/api.w.org\/{rel}","templated":true}]}}