{"id":62102,"date":"2026-04-22T14:54:54","date_gmt":"2026-04-22T13:54:54","guid":{"rendered":"https:\/\/switzerland.afssite.afs.org\/?p=62102"},"modified":"2026-04-22T14:54:54","modified_gmt":"2026-04-22T13:54:54","slug":"amelie-de-allemagne","status":"publish","type":"post","link":"https:\/\/www.afs.ch\/fr\/etudiantes-daccueil\/ete-2026\/amelie-de-allemagne\/","title":{"rendered":"Amelie de Allemagne"},"content":{"rendered":"<p data-path-to-node=\"2\">Amelie est responsable, organis\u00e9e, empathique, positive, amicale et sociable. Elle se consacre pleinement \u00e0 ses deux passions : le ballet et l&rsquo;aviron. Elle danse depuis l&rsquo;\u00e2ge de 4 ans ; cette discipline lui apporte beaucoup de joie et elle adore le frisson de se produire sur sc\u00e8ne. Par ailleurs, elle pratique l&rsquo;aviron r\u00e9guli\u00e8rement. Qu&rsquo;elle s&rsquo;entra\u00eene avec son \u00e9quipe ou qu&rsquo;elle profite d&rsquo;un moment de calme seule sur l&rsquo;eau, elle trouve une paix profonde et une grande \u00e9nergie au grand air et dans la nature.<\/p>\n<p data-path-to-node=\"3\">Elle est flexible et s&rsquo;adapte facilement aux nouvelles situations. En effet, elle a d\u00e9j\u00e0 particip\u00e9 \u00e0 deux \u00e9changes de deux semaines organis\u00e9s par son \u00e9cole, l&rsquo;un en Chine et l&rsquo;autre en France. C&rsquo;est une personne sociable et facile \u00e0 vivre qui aime lire, passer du temps avec ses amis et participer aux traditions familiales. Elle vit avec ses parents, son fr\u00e8re cadet et leur chien. En famille, ils aiment jouer \u00e0 des jeux, voyager, faire des activit\u00e9s en plein air et discuter ensemble.<\/p>\n<p data-path-to-node=\"3\"><figure class=\"wp-image-wrap\"><img loading=\"lazy\" decoding=\"async\" class=\"alignnone size-medium wp-image-62103\" src=\"https:\/\/d22dvihj4pfop3.cloudfront.net\/wp-content\/uploads\/sites\/71\/2026\/04\/22145406\/Amelie_NH26-1-488x650.jpg\" alt=\"\" width=\"488\" height=\"650\" \/><\/figure><\/p>\n","protected":false},"excerpt":{"rendered":"<p>Amelie est responsable, organis\u00e9e, empathique, positive, amicale et sociable. Elle se consacre pleinement \u00e0 ses deux passions : le ballet&hellip;<\/p>\n","protected":false},"author":2424,"featured_media":62103,"comment_status":"closed","ping_status":"closed","sticky":false,"template":"","format":"standard","meta":{"footnotes":""},"categories":[911],"tags":[],"class_list":["post-62102","post","type-post","status-publish","format-standard","has-post-thumbnail","hentry","category-ete-2026"],"yoast_head":"<!-- This site is optimized with the Yoast SEO plugin v26.6 - https:\/\/yoast.com\/wordpress\/plugins\/seo\/ -->\n<title>Amelie de Allemagne - Intercultural Programs<\/title>\n<meta name=\"robots\" content=\"index, follow, max-snippet:-1, max-image-preview:large, max-video-preview:-1\" \/>\n<link rel=\"canonical\" href=\"https:\/\/www.afs.ch\/fr\/etudiantes-daccueil\/ete-2026\/amelie-de-allemagne\/\" \/>\n<meta property=\"og:locale\" content=\"fr_FR\" \/>\n<meta property=\"og:type\" content=\"article\" \/>\n<meta property=\"og:title\" content=\"Amelie de Allemagne - Intercultural Programs\" \/>\n<meta property=\"og:description\" content=\"Amelie est responsable, organis\u00e9e, empathique, positive, amicale et sociable. Elle se consacre pleinement \u00e0 ses deux passions : le ballet&hellip;\" \/>\n<meta property=\"og:url\" content=\"https:\/\/www.afs.ch\/fr\/etudiantes-daccueil\/ete-2026\/amelie-de-allemagne\/\" \/>\n<meta property=\"og:site_name\" content=\"Intercultural Programs\" \/>\n<meta property=\"article:publisher\" content=\"https:\/\/www.facebook.com\/afsswitzerland\/\" \/>\n<meta property=\"article:published_time\" content=\"2026-04-22T13:54:54+00:00\" \/>\n<meta property=\"og:image\" content=\"https:\/\/d22dvihj4pfop3.cloudfront.net\/wp-content\/uploads\/sites\/71\/2026\/04\/22145406\/Amelie_NH26-1-720x630.jpg\" \/>\n\t<meta property=\"og:image:width\" content=\"720\" \/>\n\t<meta property=\"og:image:height\" content=\"630\" \/>\n\t<meta property=\"og:image:type\" content=\"image\/jpeg\" \/>\n<meta name=\"author\" content=\"leaazevedo\" \/>\n<meta name=\"twitter:card\" content=\"summary_large_image\" \/>\n<meta name=\"twitter:creator\" content=\"@afs_ch\" \/>\n<meta name=\"twitter:site\" content=\"@afs_ch\" \/>\n<meta name=\"twitter:label1\" content=\"Written by\" \/>\n\t<meta name=\"twitter:data1\" content=\"leaazevedo\" \/>\n\t<meta name=\"twitter:label2\" content=\"Est. reading time\" \/>\n\t<meta name=\"twitter:data2\" content=\"2 minutes\" \/>\n<script type=\"application\/ld+json\" class=\"yoast-schema-graph\">{\"@context\":\"https:\/\/schema.org\",\"@graph\":[{\"@type\":\"WebPage\",\"@id\":\"https:\/\/www.afs.ch\/fr\/etudiantes-daccueil\/ete-2026\/amelie-de-allemagne\/\",\"url\":\"https:\/\/www.afs.ch\/fr\/etudiantes-daccueil\/ete-2026\/amelie-de-allemagne\/\",\"name\":\"Amelie de Allemagne - Intercultural Programs\",\"isPartOf\":{\"@id\":\"https:\/\/www.afs.ch\/fr\/#website\"},\"primaryImageOfPage\":{\"@id\":\"https:\/\/www.afs.ch\/fr\/etudiantes-daccueil\/ete-2026\/amelie-de-allemagne\/#primaryimage\"},\"image\":{\"@id\":\"https:\/\/www.afs.ch\/fr\/etudiantes-daccueil\/ete-2026\/amelie-de-allemagne\/#primaryimage\"},\"thumbnailUrl\":\"https:\/\/d22dvihj4pfop3.cloudfront.net\/wp-content\/uploads\/sites\/71\/2026\/04\/22145406\/Amelie_NH26-1.jpg\",\"datePublished\":\"2026-04-22T13:54:54+00:00\",\"author\":{\"@id\":\"https:\/\/www.afs.ch\/fr\/#\/schema\/person\/4f60a7756a6f1a6a68399512de40aa74\"},\"breadcrumb\":{\"@id\":\"https:\/\/www.afs.ch\/fr\/etudiantes-daccueil\/ete-2026\/amelie-de-allemagne\/#breadcrumb\"},\"inLanguage\":\"fr-FR\",\"potentialAction\":[{\"@type\":\"ReadAction\",\"target\":[\"https:\/\/www.afs.ch\/fr\/etudiantes-daccueil\/ete-2026\/amelie-de-allemagne\/\"]}]},{\"@type\":\"ImageObject\",\"inLanguage\":\"fr-FR\",\"@id\":\"https:\/\/www.afs.ch\/fr\/etudiantes-daccueil\/ete-2026\/amelie-de-allemagne\/#primaryimage\",\"url\":\"https:\/\/d22dvihj4pfop3.cloudfront.net\/wp-content\/uploads\/sites\/71\/2026\/04\/22145406\/Amelie_NH26-1.jpg\",\"contentUrl\":\"https:\/\/d22dvihj4pfop3.cloudfront.net\/wp-content\/uploads\/sites\/71\/2026\/04\/22145406\/Amelie_NH26-1.jpg\",\"width\":720,\"height\":960},{\"@type\":\"BreadcrumbList\",\"@id\":\"https:\/\/www.afs.ch\/fr\/etudiantes-daccueil\/ete-2026\/amelie-de-allemagne\/#breadcrumb\",\"itemListElement\":[{\"@type\":\"ListItem\",\"position\":1,\"name\":\"Home\",\"item\":\"https:\/\/switzerland.afssite.afs.org\/fr\/\"},{\"@type\":\"ListItem\",\"position\":2,\"name\":\"Amelie de Allemagne\"}]},{\"@type\":\"WebSite\",\"@id\":\"https:\/\/www.afs.ch\/fr\/#website\",\"url\":\"https:\/\/www.afs.ch\/fr\/\",\"name\":\"Interkulturelle Programme\",\"description\":\"Switzerland\",\"potentialAction\":[{\"@type\":\"SearchAction\",\"target\":{\"@type\":\"EntryPoint\",\"urlTemplate\":\"https:\/\/www.afs.ch\/fr\/?s={search_term_string}\"},\"query-input\":{\"@type\":\"PropertyValueSpecification\",\"valueRequired\":true,\"valueName\":\"search_term_string\"}}],\"inLanguage\":\"fr-FR\"},{\"@type\":\"Person\",\"@id\":\"https:\/\/www.afs.ch\/fr\/#\/schema\/person\/4f60a7756a6f1a6a68399512de40aa74\",\"name\":\"leaazevedo\",\"image\":{\"@type\":\"ImageObject\",\"inLanguage\":\"fr-FR\",\"@id\":\"https:\/\/www.afs.ch\/fr\/#\/schema\/person\/image\/\",\"url\":\"https:\/\/secure.gravatar.com\/avatar\/1a93f114639da758131453feddc49643f353a6beff4fa685ea25f22feb90b0ae?s=96&d=mm&r=g\",\"contentUrl\":\"https:\/\/secure.gravatar.com\/avatar\/1a93f114639da758131453feddc49643f353a6beff4fa685ea25f22feb90b0ae?s=96&d=mm&r=g\",\"caption\":\"leaazevedo\"},\"url\":\"https:\/\/www.afs.ch\/fr\/author\/leaazevedo\/\"}]}<\/script>\n<!-- \/ Yoast SEO plugin. -->","yoast_head_json":{"title":"Amelie de Allemagne - Intercultural Programs","robots":{"index":"index","follow":"follow","max-snippet":"max-snippet:-1","max-image-preview":"max-image-preview:large","max-video-preview":"max-video-preview:-1"},"canonical":"https:\/\/www.afs.ch\/fr\/etudiantes-daccueil\/ete-2026\/amelie-de-allemagne\/","og_locale":"fr_FR","og_type":"article","og_title":"Amelie de Allemagne - Intercultural Programs","og_description":"Amelie est responsable, organis\u00e9e, empathique, positive, amicale et sociable. Elle se consacre pleinement \u00e0 ses deux passions : le ballet&hellip;","og_url":"https:\/\/www.afs.ch\/fr\/etudiantes-daccueil\/ete-2026\/amelie-de-allemagne\/","og_site_name":"Intercultural Programs","article_publisher":"https:\/\/www.facebook.com\/afsswitzerland\/","article_published_time":"2026-04-22T13:54:54+00:00","og_image":[{"width":720,"height":630,"url":"https:\/\/d22dvihj4pfop3.cloudfront.net\/wp-content\/uploads\/sites\/71\/2026\/04\/22145406\/Amelie_NH26-1-720x630.jpg","type":"image\/jpeg"}],"author":"leaazevedo","twitter_card":"summary_large_image","twitter_creator":"@afs_ch","twitter_site":"@afs_ch","twitter_misc":{"Written by":"leaazevedo","Est. reading time":"2 minutes"},"schema":{"@context":"https:\/\/schema.org","@graph":[{"@type":"WebPage","@id":"https:\/\/www.afs.ch\/fr\/etudiantes-daccueil\/ete-2026\/amelie-de-allemagne\/","url":"https:\/\/www.afs.ch\/fr\/etudiantes-daccueil\/ete-2026\/amelie-de-allemagne\/","name":"Amelie de Allemagne - Intercultural Programs","isPartOf":{"@id":"https:\/\/www.afs.ch\/fr\/#website"},"primaryImageOfPage":{"@id":"https:\/\/www.afs.ch\/fr\/etudiantes-daccueil\/ete-2026\/amelie-de-allemagne\/#primaryimage"},"image":{"@id":"https:\/\/www.afs.ch\/fr\/etudiantes-daccueil\/ete-2026\/amelie-de-allemagne\/#primaryimage"},"thumbnailUrl":"https:\/\/d22dvihj4pfop3.cloudfront.net\/wp-content\/uploads\/sites\/71\/2026\/04\/22145406\/Amelie_NH26-1.jpg","datePublished":"2026-04-22T13:54:54+00:00","author":{"@id":"https:\/\/www.afs.ch\/fr\/#\/schema\/person\/4f60a7756a6f1a6a68399512de40aa74"},"breadcrumb":{"@id":"https:\/\/www.afs.ch\/fr\/etudiantes-daccueil\/ete-2026\/amelie-de-allemagne\/#breadcrumb"},"inLanguage":"fr-FR","potentialAction":[{"@type":"ReadAction","target":["https:\/\/www.afs.ch\/fr\/etudiantes-daccueil\/ete-2026\/amelie-de-allemagne\/"]}]},{"@type":"ImageObject","inLanguage":"fr-FR","@id":"https:\/\/www.afs.ch\/fr\/etudiantes-daccueil\/ete-2026\/amelie-de-allemagne\/#primaryimage","url":"https:\/\/d22dvihj4pfop3.cloudfront.net\/wp-content\/uploads\/sites\/71\/2026\/04\/22145406\/Amelie_NH26-1.jpg","contentUrl":"https:\/\/d22dvihj4pfop3.cloudfront.net\/wp-content\/uploads\/sites\/71\/2026\/04\/22145406\/Amelie_NH26-1.jpg","width":720,"height":960},{"@type":"BreadcrumbList","@id":"https:\/\/www.afs.ch\/fr\/etudiantes-daccueil\/ete-2026\/amelie-de-allemagne\/#breadcrumb","itemListElement":[{"@type":"ListItem","position":1,"name":"Home","item":"https:\/\/switzerland.afssite.afs.org\/fr\/"},{"@type":"ListItem","position":2,"name":"Amelie de Allemagne"}]},{"@type":"WebSite","@id":"https:\/\/www.afs.ch\/fr\/#website","url":"https:\/\/www.afs.ch\/fr\/","name":"Interkulturelle Programme","description":"Switzerland","potentialAction":[{"@type":"SearchAction","target":{"@type":"EntryPoint","urlTemplate":"https:\/\/www.afs.ch\/fr\/?s={search_term_string}"},"query-input":{"@type":"PropertyValueSpecification","valueRequired":true,"valueName":"search_term_string"}}],"inLanguage":"fr-FR"},{"@type":"Person","@id":"https:\/\/www.afs.ch\/fr\/#\/schema\/person\/4f60a7756a6f1a6a68399512de40aa74","name":"leaazevedo","image":{"@type":"ImageObject","inLanguage":"fr-FR","@id":"https:\/\/www.afs.ch\/fr\/#\/schema\/person\/image\/","url":"https:\/\/secure.gravatar.com\/avatar\/1a93f114639da758131453feddc49643f353a6beff4fa685ea25f22feb90b0ae?s=96&d=mm&r=g","contentUrl":"https:\/\/secure.gravatar.com\/avatar\/1a93f114639da758131453feddc49643f353a6beff4fa685ea25f22feb90b0ae?s=96&d=mm&r=g","caption":"leaazevedo"},"url":"https:\/\/www.afs.ch\/fr\/author\/leaazevedo\/"}]}},"_links":{"self":[{"href":"https:\/\/www.afs.ch\/fr\/wp-json\/wp\/v2\/posts\/62102","targetHints":{"allow":["GET"]}}],"collection":[{"href":"https:\/\/www.afs.ch\/fr\/wp-json\/wp\/v2\/posts"}],"about":[{"href":"https:\/\/www.afs.ch\/fr\/wp-json\/wp\/v2\/types\/post"}],"author":[{"embeddable":true,"href":"https:\/\/www.afs.ch\/fr\/wp-json\/wp\/v2\/users\/2424"}],"replies":[{"embeddable":true,"href":"https:\/\/www.afs.ch\/fr\/wp-json\/wp\/v2\/comments?post=62102"}],"version-history":[{"count":1,"href":"https:\/\/www.afs.ch\/fr\/wp-json\/wp\/v2\/posts\/62102\/revisions"}],"predecessor-version":[{"id":62104,"href":"https:\/\/www.afs.ch\/fr\/wp-json\/wp\/v2\/posts\/62102\/revisions\/62104"}],"wp:featuredmedia":[{"embeddable":true,"href":"https:\/\/www.afs.ch\/fr\/wp-json\/wp\/v2\/media\/62103"}],"wp:attachment":[{"href":"https:\/\/www.afs.ch\/fr\/wp-json\/wp\/v2\/media?parent=62102"}],"wp:term":[{"taxonomy":"category","embeddable":true,"href":"https:\/\/www.afs.ch\/fr\/wp-json\/wp\/v2\/categories?post=62102"},{"taxonomy":"post_tag","embeddable":true,"href":"https:\/\/www.afs.ch\/fr\/wp-json\/wp\/v2\/tags?post=62102"}],"curies":[{"name":"wp","href":"https:\/\/api.w.org\/{rel}","templated":true}]}}