{"id":62105,"date":"2026-04-22T14:58:41","date_gmt":"2026-04-22T13:58:41","guid":{"rendered":"https:\/\/switzerland.afssite.afs.org\/?p=62105"},"modified":"2026-04-22T14:58:41","modified_gmt":"2026-04-22T13:58:41","slug":"jara-de-belgique","status":"publish","type":"post","link":"https:\/\/www.afs.ch\/fr\/etudiantes-daccueil\/ete-2026\/jara-de-belgique\/","title":{"rendered":"Jara de Belgique"},"content":{"rendered":"<p data-path-to-node=\"2\">Jara est fiable, optimiste, serviable, empathique et honn\u00eate. Elle joue du basson depuis des ann\u00e9es et joue souvent en duo avec sa m\u00e8re. Jara reste active en faisant du sport et en pratiquant le saut \u00e0 la corde (rope skipping). Pendant son temps libre, elle aime cuisiner des p\u00e2tisseries tout en \u00e9coutant de la musique.<\/p>\n<p data-path-to-node=\"3\">Parfois, elle fait du shopping ou va au cin\u00e9ma avec ses amis, tandis qu&rsquo;avec sa famille, elle appr\u00e9cie jouer \u00e0 des jeux, regarder des films, voyager ou simplement partager des repas. Jara s&rsquo;entend tr\u00e8s bien avec ses parents ainsi qu&rsquo;avec ses s\u0153urs. Bien qu&rsquo;elle soit assez ind\u00e9pendante, elle consulte toujours ses parents \u00e0 l&rsquo;avance pour ses projets.<\/p>\n<p data-path-to-node=\"4\">Inspir\u00e9e par sa s\u0153ur qui a elle-m\u00eame fait un \u00e9change, elle a eu envie de tenter cette exp\u00e9rience \u00e0 son tour. La Suisse occupe une place particuli\u00e8re dans le c\u0153ur de Jara, car sa grand-m\u00e8re est Suisse. Ayant d\u00e9j\u00e0 visit\u00e9 le pays \u00e0 plusieurs reprises, elle est d\u00e9sormais impatiente de s&rsquo;immerger v\u00e9ritablement dans le \u00ab mode de vie suisse \u00bb et elle est tr\u00e8s motiv\u00e9e \u00e0 l&rsquo;id\u00e9e d&rsquo;am\u00e9liorer son fran\u00e7ais.<\/p>\n<p data-path-to-node=\"4\"><figure class=\"wp-image-wrap\"><img loading=\"lazy\" decoding=\"async\" class=\"alignnone size-full wp-image-62106\" src=\"https:\/\/d22dvihj4pfop3.cloudfront.net\/wp-content\/uploads\/sites\/71\/2026\/04\/22145737\/Jara_NH26-1.jpg\" alt=\"\" width=\"226\" height=\"300\" \/><\/figure><\/p>\n","protected":false},"excerpt":{"rendered":"<p>Jara est fiable, optimiste, serviable, empathique et honn\u00eate. Elle joue du basson depuis des ann\u00e9es et joue souvent en duo&hellip;<\/p>\n","protected":false},"author":2424,"featured_media":62106,"comment_status":"closed","ping_status":"closed","sticky":false,"template":"","format":"standard","meta":{"footnotes":""},"categories":[911],"tags":[],"class_list":["post-62105","post","type-post","status-publish","format-standard","has-post-thumbnail","hentry","category-ete-2026"],"yoast_head":"<!-- This site is optimized with the Yoast SEO plugin v26.6 - https:\/\/yoast.com\/wordpress\/plugins\/seo\/ -->\n<title>Jara de Belgique - Intercultural Programs<\/title>\n<meta name=\"robots\" content=\"index, follow, max-snippet:-1, max-image-preview:large, max-video-preview:-1\" \/>\n<link rel=\"canonical\" href=\"https:\/\/www.afs.ch\/fr\/etudiantes-daccueil\/ete-2026\/jara-de-belgique\/\" \/>\n<meta property=\"og:locale\" content=\"fr_FR\" \/>\n<meta property=\"og:type\" content=\"article\" \/>\n<meta property=\"og:title\" content=\"Jara de Belgique - Intercultural Programs\" \/>\n<meta property=\"og:description\" content=\"Jara est fiable, optimiste, serviable, empathique et honn\u00eate. Elle joue du basson depuis des ann\u00e9es et joue souvent en duo&hellip;\" \/>\n<meta property=\"og:url\" content=\"https:\/\/www.afs.ch\/fr\/etudiantes-daccueil\/ete-2026\/jara-de-belgique\/\" \/>\n<meta property=\"og:site_name\" content=\"Intercultural Programs\" \/>\n<meta property=\"article:publisher\" content=\"https:\/\/www.facebook.com\/afsswitzerland\/\" \/>\n<meta property=\"article:published_time\" content=\"2026-04-22T13:58:41+00:00\" \/>\n<meta property=\"og:image\" content=\"https:\/\/d22dvihj4pfop3.cloudfront.net\/wp-content\/uploads\/sites\/71\/2026\/04\/22145737\/Jara_NH26-1.jpg\" \/>\n\t<meta property=\"og:image:width\" content=\"226\" \/>\n\t<meta property=\"og:image:height\" content=\"300\" \/>\n\t<meta property=\"og:image:type\" content=\"image\/jpeg\" \/>\n<meta name=\"author\" content=\"leaazevedo\" \/>\n<meta name=\"twitter:card\" content=\"summary_large_image\" \/>\n<meta name=\"twitter:creator\" content=\"@afs_ch\" \/>\n<meta name=\"twitter:site\" content=\"@afs_ch\" \/>\n<meta name=\"twitter:label1\" content=\"Written by\" \/>\n\t<meta name=\"twitter:data1\" content=\"leaazevedo\" \/>\n\t<meta name=\"twitter:label2\" content=\"Est. reading time\" \/>\n\t<meta name=\"twitter:data2\" content=\"2 minutes\" \/>\n<script type=\"application\/ld+json\" class=\"yoast-schema-graph\">{\"@context\":\"https:\/\/schema.org\",\"@graph\":[{\"@type\":\"WebPage\",\"@id\":\"https:\/\/www.afs.ch\/fr\/etudiantes-daccueil\/ete-2026\/jara-de-belgique\/\",\"url\":\"https:\/\/www.afs.ch\/fr\/etudiantes-daccueil\/ete-2026\/jara-de-belgique\/\",\"name\":\"Jara de Belgique - Intercultural Programs\",\"isPartOf\":{\"@id\":\"https:\/\/www.afs.ch\/fr\/#website\"},\"primaryImageOfPage\":{\"@id\":\"https:\/\/www.afs.ch\/fr\/etudiantes-daccueil\/ete-2026\/jara-de-belgique\/#primaryimage\"},\"image\":{\"@id\":\"https:\/\/www.afs.ch\/fr\/etudiantes-daccueil\/ete-2026\/jara-de-belgique\/#primaryimage\"},\"thumbnailUrl\":\"https:\/\/d22dvihj4pfop3.cloudfront.net\/wp-content\/uploads\/sites\/71\/2026\/04\/22145737\/Jara_NH26-1.jpg\",\"datePublished\":\"2026-04-22T13:58:41+00:00\",\"author\":{\"@id\":\"https:\/\/www.afs.ch\/fr\/#\/schema\/person\/4f60a7756a6f1a6a68399512de40aa74\"},\"breadcrumb\":{\"@id\":\"https:\/\/www.afs.ch\/fr\/etudiantes-daccueil\/ete-2026\/jara-de-belgique\/#breadcrumb\"},\"inLanguage\":\"fr-FR\",\"potentialAction\":[{\"@type\":\"ReadAction\",\"target\":[\"https:\/\/www.afs.ch\/fr\/etudiantes-daccueil\/ete-2026\/jara-de-belgique\/\"]}]},{\"@type\":\"ImageObject\",\"inLanguage\":\"fr-FR\",\"@id\":\"https:\/\/www.afs.ch\/fr\/etudiantes-daccueil\/ete-2026\/jara-de-belgique\/#primaryimage\",\"url\":\"https:\/\/d22dvihj4pfop3.cloudfront.net\/wp-content\/uploads\/sites\/71\/2026\/04\/22145737\/Jara_NH26-1.jpg\",\"contentUrl\":\"https:\/\/d22dvihj4pfop3.cloudfront.net\/wp-content\/uploads\/sites\/71\/2026\/04\/22145737\/Jara_NH26-1.jpg\",\"width\":226,\"height\":300},{\"@type\":\"BreadcrumbList\",\"@id\":\"https:\/\/www.afs.ch\/fr\/etudiantes-daccueil\/ete-2026\/jara-de-belgique\/#breadcrumb\",\"itemListElement\":[{\"@type\":\"ListItem\",\"position\":1,\"name\":\"Home\",\"item\":\"https:\/\/switzerland.afssite.afs.org\/fr\/\"},{\"@type\":\"ListItem\",\"position\":2,\"name\":\"Jara de Belgique\"}]},{\"@type\":\"WebSite\",\"@id\":\"https:\/\/www.afs.ch\/fr\/#website\",\"url\":\"https:\/\/www.afs.ch\/fr\/\",\"name\":\"Interkulturelle Programme\",\"description\":\"Switzerland\",\"potentialAction\":[{\"@type\":\"SearchAction\",\"target\":{\"@type\":\"EntryPoint\",\"urlTemplate\":\"https:\/\/www.afs.ch\/fr\/?s={search_term_string}\"},\"query-input\":{\"@type\":\"PropertyValueSpecification\",\"valueRequired\":true,\"valueName\":\"search_term_string\"}}],\"inLanguage\":\"fr-FR\"},{\"@type\":\"Person\",\"@id\":\"https:\/\/www.afs.ch\/fr\/#\/schema\/person\/4f60a7756a6f1a6a68399512de40aa74\",\"name\":\"leaazevedo\",\"image\":{\"@type\":\"ImageObject\",\"inLanguage\":\"fr-FR\",\"@id\":\"https:\/\/www.afs.ch\/fr\/#\/schema\/person\/image\/\",\"url\":\"https:\/\/secure.gravatar.com\/avatar\/1a93f114639da758131453feddc49643f353a6beff4fa685ea25f22feb90b0ae?s=96&d=mm&r=g\",\"contentUrl\":\"https:\/\/secure.gravatar.com\/avatar\/1a93f114639da758131453feddc49643f353a6beff4fa685ea25f22feb90b0ae?s=96&d=mm&r=g\",\"caption\":\"leaazevedo\"},\"url\":\"https:\/\/www.afs.ch\/fr\/author\/leaazevedo\/\"}]}<\/script>\n<!-- \/ Yoast SEO plugin. -->","yoast_head_json":{"title":"Jara de Belgique - Intercultural Programs","robots":{"index":"index","follow":"follow","max-snippet":"max-snippet:-1","max-image-preview":"max-image-preview:large","max-video-preview":"max-video-preview:-1"},"canonical":"https:\/\/www.afs.ch\/fr\/etudiantes-daccueil\/ete-2026\/jara-de-belgique\/","og_locale":"fr_FR","og_type":"article","og_title":"Jara de Belgique - Intercultural Programs","og_description":"Jara est fiable, optimiste, serviable, empathique et honn\u00eate. Elle joue du basson depuis des ann\u00e9es et joue souvent en duo&hellip;","og_url":"https:\/\/www.afs.ch\/fr\/etudiantes-daccueil\/ete-2026\/jara-de-belgique\/","og_site_name":"Intercultural Programs","article_publisher":"https:\/\/www.facebook.com\/afsswitzerland\/","article_published_time":"2026-04-22T13:58:41+00:00","og_image":[{"url":"https:\/\/d22dvihj4pfop3.cloudfront.net\/wp-content\/uploads\/sites\/71\/2026\/04\/22145737\/Jara_NH26-1.jpg","width":226,"height":300,"type":"image\/jpeg"}],"author":"leaazevedo","twitter_card":"summary_large_image","twitter_creator":"@afs_ch","twitter_site":"@afs_ch","twitter_misc":{"Written by":"leaazevedo","Est. reading time":"2 minutes"},"schema":{"@context":"https:\/\/schema.org","@graph":[{"@type":"WebPage","@id":"https:\/\/www.afs.ch\/fr\/etudiantes-daccueil\/ete-2026\/jara-de-belgique\/","url":"https:\/\/www.afs.ch\/fr\/etudiantes-daccueil\/ete-2026\/jara-de-belgique\/","name":"Jara de Belgique - Intercultural Programs","isPartOf":{"@id":"https:\/\/www.afs.ch\/fr\/#website"},"primaryImageOfPage":{"@id":"https:\/\/www.afs.ch\/fr\/etudiantes-daccueil\/ete-2026\/jara-de-belgique\/#primaryimage"},"image":{"@id":"https:\/\/www.afs.ch\/fr\/etudiantes-daccueil\/ete-2026\/jara-de-belgique\/#primaryimage"},"thumbnailUrl":"https:\/\/d22dvihj4pfop3.cloudfront.net\/wp-content\/uploads\/sites\/71\/2026\/04\/22145737\/Jara_NH26-1.jpg","datePublished":"2026-04-22T13:58:41+00:00","author":{"@id":"https:\/\/www.afs.ch\/fr\/#\/schema\/person\/4f60a7756a6f1a6a68399512de40aa74"},"breadcrumb":{"@id":"https:\/\/www.afs.ch\/fr\/etudiantes-daccueil\/ete-2026\/jara-de-belgique\/#breadcrumb"},"inLanguage":"fr-FR","potentialAction":[{"@type":"ReadAction","target":["https:\/\/www.afs.ch\/fr\/etudiantes-daccueil\/ete-2026\/jara-de-belgique\/"]}]},{"@type":"ImageObject","inLanguage":"fr-FR","@id":"https:\/\/www.afs.ch\/fr\/etudiantes-daccueil\/ete-2026\/jara-de-belgique\/#primaryimage","url":"https:\/\/d22dvihj4pfop3.cloudfront.net\/wp-content\/uploads\/sites\/71\/2026\/04\/22145737\/Jara_NH26-1.jpg","contentUrl":"https:\/\/d22dvihj4pfop3.cloudfront.net\/wp-content\/uploads\/sites\/71\/2026\/04\/22145737\/Jara_NH26-1.jpg","width":226,"height":300},{"@type":"BreadcrumbList","@id":"https:\/\/www.afs.ch\/fr\/etudiantes-daccueil\/ete-2026\/jara-de-belgique\/#breadcrumb","itemListElement":[{"@type":"ListItem","position":1,"name":"Home","item":"https:\/\/switzerland.afssite.afs.org\/fr\/"},{"@type":"ListItem","position":2,"name":"Jara de Belgique"}]},{"@type":"WebSite","@id":"https:\/\/www.afs.ch\/fr\/#website","url":"https:\/\/www.afs.ch\/fr\/","name":"Interkulturelle Programme","description":"Switzerland","potentialAction":[{"@type":"SearchAction","target":{"@type":"EntryPoint","urlTemplate":"https:\/\/www.afs.ch\/fr\/?s={search_term_string}"},"query-input":{"@type":"PropertyValueSpecification","valueRequired":true,"valueName":"search_term_string"}}],"inLanguage":"fr-FR"},{"@type":"Person","@id":"https:\/\/www.afs.ch\/fr\/#\/schema\/person\/4f60a7756a6f1a6a68399512de40aa74","name":"leaazevedo","image":{"@type":"ImageObject","inLanguage":"fr-FR","@id":"https:\/\/www.afs.ch\/fr\/#\/schema\/person\/image\/","url":"https:\/\/secure.gravatar.com\/avatar\/1a93f114639da758131453feddc49643f353a6beff4fa685ea25f22feb90b0ae?s=96&d=mm&r=g","contentUrl":"https:\/\/secure.gravatar.com\/avatar\/1a93f114639da758131453feddc49643f353a6beff4fa685ea25f22feb90b0ae?s=96&d=mm&r=g","caption":"leaazevedo"},"url":"https:\/\/www.afs.ch\/fr\/author\/leaazevedo\/"}]}},"_links":{"self":[{"href":"https:\/\/www.afs.ch\/fr\/wp-json\/wp\/v2\/posts\/62105","targetHints":{"allow":["GET"]}}],"collection":[{"href":"https:\/\/www.afs.ch\/fr\/wp-json\/wp\/v2\/posts"}],"about":[{"href":"https:\/\/www.afs.ch\/fr\/wp-json\/wp\/v2\/types\/post"}],"author":[{"embeddable":true,"href":"https:\/\/www.afs.ch\/fr\/wp-json\/wp\/v2\/users\/2424"}],"replies":[{"embeddable":true,"href":"https:\/\/www.afs.ch\/fr\/wp-json\/wp\/v2\/comments?post=62105"}],"version-history":[{"count":1,"href":"https:\/\/www.afs.ch\/fr\/wp-json\/wp\/v2\/posts\/62105\/revisions"}],"predecessor-version":[{"id":62107,"href":"https:\/\/www.afs.ch\/fr\/wp-json\/wp\/v2\/posts\/62105\/revisions\/62107"}],"wp:featuredmedia":[{"embeddable":true,"href":"https:\/\/www.afs.ch\/fr\/wp-json\/wp\/v2\/media\/62106"}],"wp:attachment":[{"href":"https:\/\/www.afs.ch\/fr\/wp-json\/wp\/v2\/media?parent=62105"}],"wp:term":[{"taxonomy":"category","embeddable":true,"href":"https:\/\/www.afs.ch\/fr\/wp-json\/wp\/v2\/categories?post=62105"},{"taxonomy":"post_tag","embeddable":true,"href":"https:\/\/www.afs.ch\/fr\/wp-json\/wp\/v2\/tags?post=62105"}],"curies":[{"name":"wp","href":"https:\/\/api.w.org\/{rel}","templated":true}]}}