{"id":62108,"date":"2026-04-22T15:03:13","date_gmt":"2026-04-22T14:03:13","guid":{"rendered":"https:\/\/switzerland.afssite.afs.org\/?p=62108"},"modified":"2026-04-22T15:03:13","modified_gmt":"2026-04-22T14:03:13","slug":"lena-de-allemagne","status":"publish","type":"post","link":"https:\/\/www.afs.ch\/fr\/etudiantes-daccueil\/ete-2026\/lena-de-allemagne\/","title":{"rendered":"Lena de Allemagne"},"content":{"rendered":"<p>Lena est calme, ind\u00e9pendante, organis\u00e9e, bavarde, curieuse et sportive. Elle a l&rsquo;habitude de vivre dans une zone rurale en Allemagne, pr\u00e8s du Luxembourg, et pr\u00e9f\u00e8re passer du temps \u00e0 la maison avec sa famille plut\u00f4t que de sortir. Grande amie des animaux, elle poss\u00e8de deux chats. Avec sa famille, elle aime faire des jeux de soci\u00e9t\u00e9, voyager en voiture et faire du camping au bord de la mer. Elle adore la montagne et fait du ski d\u00e8s que possible.<\/p>\n<p data-path-to-node=\"3\">Pendant son temps libre, elle joue au handball et fait de l&rsquo;\u00e9quitation. Elle a d&rsquo;ailleurs commenc\u00e9 r\u00e9cemment \u00e0 travailler comme assistante de coaching \u00e9questre pour enfants et s&rsquo;\u00e9panouit pleinement dans ses loisirs. Elle consacre \u00e9galement son temps \u00e0 la p\u00e2tisserie, \u00e0 la lecture et aux sorties entre amis. Tr\u00e8s int\u00e9ress\u00e9e par la m\u00e9decine et la biologie, elle souhaiterait plus tard travailler dans l&rsquo;un de ces domaines.<\/p>\n<p data-path-to-node=\"4\">Lena est v\u00e9g\u00e9tarienne : elle mange du poisson, mais pas de fruits de mer. Elle est tr\u00e8s ouverte et flexible concernant la nourriture. Elle a clairement pr\u00e9cis\u00e9 que sa famille d&rsquo;accueil n&rsquo;avait pas besoin de lui pr\u00e9parer des repas sp\u00e9ciaux ; elle peut tr\u00e8s bien se contenter des accompagnements lors de plats de viande ou m\u00eame se cuisiner un petit quelque chose si n\u00e9cessaire. Elle prend des comprim\u00e9s de fer pour combler une carence. Enfin, elle a une l\u00e9g\u00e8re intol\u00e9rance au lactose et \u00e9vite donc le lait.<\/p>\n<p data-path-to-node=\"4\"><figure class=\"wp-image-wrap\"><img loading=\"lazy\" decoding=\"async\" class=\"alignnone size-full wp-image-62109\" src=\"https:\/\/d22dvihj4pfop3.cloudfront.net\/wp-content\/uploads\/sites\/71\/2026\/04\/22150210\/Lena_NH26-1.jpg\" alt=\"\" width=\"167\" height=\"300\" \/><\/figure><\/p>\n","protected":false},"excerpt":{"rendered":"<p>Lena est calme, ind\u00e9pendante, organis\u00e9e, bavarde, curieuse et sportive. Elle a l&rsquo;habitude de vivre dans une zone rurale en Allemagne,&hellip;<\/p>\n","protected":false},"author":2424,"featured_media":62109,"comment_status":"closed","ping_status":"closed","sticky":false,"template":"","format":"standard","meta":{"footnotes":""},"categories":[911],"tags":[],"class_list":["post-62108","post","type-post","status-publish","format-standard","has-post-thumbnail","hentry","category-ete-2026"],"yoast_head":"<!-- This site is optimized with the Yoast SEO plugin v26.6 - https:\/\/yoast.com\/wordpress\/plugins\/seo\/ -->\n<title>Lena de Allemagne - Intercultural Programs<\/title>\n<meta name=\"robots\" content=\"index, follow, max-snippet:-1, max-image-preview:large, max-video-preview:-1\" \/>\n<link rel=\"canonical\" href=\"https:\/\/www.afs.ch\/fr\/etudiantes-daccueil\/ete-2026\/lena-de-allemagne\/\" \/>\n<meta property=\"og:locale\" content=\"fr_FR\" \/>\n<meta property=\"og:type\" content=\"article\" \/>\n<meta property=\"og:title\" content=\"Lena de Allemagne - Intercultural Programs\" \/>\n<meta property=\"og:description\" content=\"Lena est calme, ind\u00e9pendante, organis\u00e9e, bavarde, curieuse et sportive. Elle a l&rsquo;habitude de vivre dans une zone rurale en Allemagne,&hellip;\" \/>\n<meta property=\"og:url\" content=\"https:\/\/www.afs.ch\/fr\/etudiantes-daccueil\/ete-2026\/lena-de-allemagne\/\" \/>\n<meta property=\"og:site_name\" content=\"Intercultural Programs\" \/>\n<meta property=\"article:publisher\" content=\"https:\/\/www.facebook.com\/afsswitzerland\/\" \/>\n<meta property=\"article:published_time\" content=\"2026-04-22T14:03:13+00:00\" \/>\n<meta property=\"og:image\" content=\"https:\/\/d22dvihj4pfop3.cloudfront.net\/wp-content\/uploads\/sites\/71\/2026\/04\/22150210\/Lena_NH26-1.jpg\" \/>\n\t<meta property=\"og:image:width\" content=\"167\" \/>\n\t<meta property=\"og:image:height\" content=\"300\" \/>\n\t<meta property=\"og:image:type\" content=\"image\/jpeg\" \/>\n<meta name=\"author\" content=\"leaazevedo\" \/>\n<meta name=\"twitter:card\" content=\"summary_large_image\" \/>\n<meta name=\"twitter:creator\" content=\"@afs_ch\" \/>\n<meta name=\"twitter:site\" content=\"@afs_ch\" \/>\n<meta name=\"twitter:label1\" content=\"Written by\" \/>\n\t<meta name=\"twitter:data1\" content=\"leaazevedo\" \/>\n\t<meta name=\"twitter:label2\" content=\"Est. reading time\" \/>\n\t<meta name=\"twitter:data2\" content=\"2 minutes\" \/>\n<script type=\"application\/ld+json\" class=\"yoast-schema-graph\">{\"@context\":\"https:\/\/schema.org\",\"@graph\":[{\"@type\":\"WebPage\",\"@id\":\"https:\/\/www.afs.ch\/fr\/etudiantes-daccueil\/ete-2026\/lena-de-allemagne\/\",\"url\":\"https:\/\/www.afs.ch\/fr\/etudiantes-daccueil\/ete-2026\/lena-de-allemagne\/\",\"name\":\"Lena de Allemagne - Intercultural Programs\",\"isPartOf\":{\"@id\":\"https:\/\/www.afs.ch\/fr\/#website\"},\"primaryImageOfPage\":{\"@id\":\"https:\/\/www.afs.ch\/fr\/etudiantes-daccueil\/ete-2026\/lena-de-allemagne\/#primaryimage\"},\"image\":{\"@id\":\"https:\/\/www.afs.ch\/fr\/etudiantes-daccueil\/ete-2026\/lena-de-allemagne\/#primaryimage\"},\"thumbnailUrl\":\"https:\/\/d22dvihj4pfop3.cloudfront.net\/wp-content\/uploads\/sites\/71\/2026\/04\/22150210\/Lena_NH26-1.jpg\",\"datePublished\":\"2026-04-22T14:03:13+00:00\",\"author\":{\"@id\":\"https:\/\/www.afs.ch\/fr\/#\/schema\/person\/4f60a7756a6f1a6a68399512de40aa74\"},\"breadcrumb\":{\"@id\":\"https:\/\/www.afs.ch\/fr\/etudiantes-daccueil\/ete-2026\/lena-de-allemagne\/#breadcrumb\"},\"inLanguage\":\"fr-FR\",\"potentialAction\":[{\"@type\":\"ReadAction\",\"target\":[\"https:\/\/www.afs.ch\/fr\/etudiantes-daccueil\/ete-2026\/lena-de-allemagne\/\"]}]},{\"@type\":\"ImageObject\",\"inLanguage\":\"fr-FR\",\"@id\":\"https:\/\/www.afs.ch\/fr\/etudiantes-daccueil\/ete-2026\/lena-de-allemagne\/#primaryimage\",\"url\":\"https:\/\/d22dvihj4pfop3.cloudfront.net\/wp-content\/uploads\/sites\/71\/2026\/04\/22150210\/Lena_NH26-1.jpg\",\"contentUrl\":\"https:\/\/d22dvihj4pfop3.cloudfront.net\/wp-content\/uploads\/sites\/71\/2026\/04\/22150210\/Lena_NH26-1.jpg\",\"width\":167,\"height\":300},{\"@type\":\"BreadcrumbList\",\"@id\":\"https:\/\/www.afs.ch\/fr\/etudiantes-daccueil\/ete-2026\/lena-de-allemagne\/#breadcrumb\",\"itemListElement\":[{\"@type\":\"ListItem\",\"position\":1,\"name\":\"Home\",\"item\":\"https:\/\/switzerland.afssite.afs.org\/fr\/\"},{\"@type\":\"ListItem\",\"position\":2,\"name\":\"Lena de Allemagne\"}]},{\"@type\":\"WebSite\",\"@id\":\"https:\/\/www.afs.ch\/fr\/#website\",\"url\":\"https:\/\/www.afs.ch\/fr\/\",\"name\":\"Interkulturelle Programme\",\"description\":\"Switzerland\",\"potentialAction\":[{\"@type\":\"SearchAction\",\"target\":{\"@type\":\"EntryPoint\",\"urlTemplate\":\"https:\/\/www.afs.ch\/fr\/?s={search_term_string}\"},\"query-input\":{\"@type\":\"PropertyValueSpecification\",\"valueRequired\":true,\"valueName\":\"search_term_string\"}}],\"inLanguage\":\"fr-FR\"},{\"@type\":\"Person\",\"@id\":\"https:\/\/www.afs.ch\/fr\/#\/schema\/person\/4f60a7756a6f1a6a68399512de40aa74\",\"name\":\"leaazevedo\",\"image\":{\"@type\":\"ImageObject\",\"inLanguage\":\"fr-FR\",\"@id\":\"https:\/\/www.afs.ch\/fr\/#\/schema\/person\/image\/\",\"url\":\"https:\/\/secure.gravatar.com\/avatar\/1a93f114639da758131453feddc49643f353a6beff4fa685ea25f22feb90b0ae?s=96&d=mm&r=g\",\"contentUrl\":\"https:\/\/secure.gravatar.com\/avatar\/1a93f114639da758131453feddc49643f353a6beff4fa685ea25f22feb90b0ae?s=96&d=mm&r=g\",\"caption\":\"leaazevedo\"},\"url\":\"https:\/\/www.afs.ch\/fr\/author\/leaazevedo\/\"}]}<\/script>\n<!-- \/ Yoast SEO plugin. -->","yoast_head_json":{"title":"Lena de Allemagne - Intercultural Programs","robots":{"index":"index","follow":"follow","max-snippet":"max-snippet:-1","max-image-preview":"max-image-preview:large","max-video-preview":"max-video-preview:-1"},"canonical":"https:\/\/www.afs.ch\/fr\/etudiantes-daccueil\/ete-2026\/lena-de-allemagne\/","og_locale":"fr_FR","og_type":"article","og_title":"Lena de Allemagne - Intercultural Programs","og_description":"Lena est calme, ind\u00e9pendante, organis\u00e9e, bavarde, curieuse et sportive. Elle a l&rsquo;habitude de vivre dans une zone rurale en Allemagne,&hellip;","og_url":"https:\/\/www.afs.ch\/fr\/etudiantes-daccueil\/ete-2026\/lena-de-allemagne\/","og_site_name":"Intercultural Programs","article_publisher":"https:\/\/www.facebook.com\/afsswitzerland\/","article_published_time":"2026-04-22T14:03:13+00:00","og_image":[{"url":"https:\/\/d22dvihj4pfop3.cloudfront.net\/wp-content\/uploads\/sites\/71\/2026\/04\/22150210\/Lena_NH26-1.jpg","width":167,"height":300,"type":"image\/jpeg"}],"author":"leaazevedo","twitter_card":"summary_large_image","twitter_creator":"@afs_ch","twitter_site":"@afs_ch","twitter_misc":{"Written by":"leaazevedo","Est. reading time":"2 minutes"},"schema":{"@context":"https:\/\/schema.org","@graph":[{"@type":"WebPage","@id":"https:\/\/www.afs.ch\/fr\/etudiantes-daccueil\/ete-2026\/lena-de-allemagne\/","url":"https:\/\/www.afs.ch\/fr\/etudiantes-daccueil\/ete-2026\/lena-de-allemagne\/","name":"Lena de Allemagne - Intercultural Programs","isPartOf":{"@id":"https:\/\/www.afs.ch\/fr\/#website"},"primaryImageOfPage":{"@id":"https:\/\/www.afs.ch\/fr\/etudiantes-daccueil\/ete-2026\/lena-de-allemagne\/#primaryimage"},"image":{"@id":"https:\/\/www.afs.ch\/fr\/etudiantes-daccueil\/ete-2026\/lena-de-allemagne\/#primaryimage"},"thumbnailUrl":"https:\/\/d22dvihj4pfop3.cloudfront.net\/wp-content\/uploads\/sites\/71\/2026\/04\/22150210\/Lena_NH26-1.jpg","datePublished":"2026-04-22T14:03:13+00:00","author":{"@id":"https:\/\/www.afs.ch\/fr\/#\/schema\/person\/4f60a7756a6f1a6a68399512de40aa74"},"breadcrumb":{"@id":"https:\/\/www.afs.ch\/fr\/etudiantes-daccueil\/ete-2026\/lena-de-allemagne\/#breadcrumb"},"inLanguage":"fr-FR","potentialAction":[{"@type":"ReadAction","target":["https:\/\/www.afs.ch\/fr\/etudiantes-daccueil\/ete-2026\/lena-de-allemagne\/"]}]},{"@type":"ImageObject","inLanguage":"fr-FR","@id":"https:\/\/www.afs.ch\/fr\/etudiantes-daccueil\/ete-2026\/lena-de-allemagne\/#primaryimage","url":"https:\/\/d22dvihj4pfop3.cloudfront.net\/wp-content\/uploads\/sites\/71\/2026\/04\/22150210\/Lena_NH26-1.jpg","contentUrl":"https:\/\/d22dvihj4pfop3.cloudfront.net\/wp-content\/uploads\/sites\/71\/2026\/04\/22150210\/Lena_NH26-1.jpg","width":167,"height":300},{"@type":"BreadcrumbList","@id":"https:\/\/www.afs.ch\/fr\/etudiantes-daccueil\/ete-2026\/lena-de-allemagne\/#breadcrumb","itemListElement":[{"@type":"ListItem","position":1,"name":"Home","item":"https:\/\/switzerland.afssite.afs.org\/fr\/"},{"@type":"ListItem","position":2,"name":"Lena de Allemagne"}]},{"@type":"WebSite","@id":"https:\/\/www.afs.ch\/fr\/#website","url":"https:\/\/www.afs.ch\/fr\/","name":"Interkulturelle Programme","description":"Switzerland","potentialAction":[{"@type":"SearchAction","target":{"@type":"EntryPoint","urlTemplate":"https:\/\/www.afs.ch\/fr\/?s={search_term_string}"},"query-input":{"@type":"PropertyValueSpecification","valueRequired":true,"valueName":"search_term_string"}}],"inLanguage":"fr-FR"},{"@type":"Person","@id":"https:\/\/www.afs.ch\/fr\/#\/schema\/person\/4f60a7756a6f1a6a68399512de40aa74","name":"leaazevedo","image":{"@type":"ImageObject","inLanguage":"fr-FR","@id":"https:\/\/www.afs.ch\/fr\/#\/schema\/person\/image\/","url":"https:\/\/secure.gravatar.com\/avatar\/1a93f114639da758131453feddc49643f353a6beff4fa685ea25f22feb90b0ae?s=96&d=mm&r=g","contentUrl":"https:\/\/secure.gravatar.com\/avatar\/1a93f114639da758131453feddc49643f353a6beff4fa685ea25f22feb90b0ae?s=96&d=mm&r=g","caption":"leaazevedo"},"url":"https:\/\/www.afs.ch\/fr\/author\/leaazevedo\/"}]}},"_links":{"self":[{"href":"https:\/\/www.afs.ch\/fr\/wp-json\/wp\/v2\/posts\/62108","targetHints":{"allow":["GET"]}}],"collection":[{"href":"https:\/\/www.afs.ch\/fr\/wp-json\/wp\/v2\/posts"}],"about":[{"href":"https:\/\/www.afs.ch\/fr\/wp-json\/wp\/v2\/types\/post"}],"author":[{"embeddable":true,"href":"https:\/\/www.afs.ch\/fr\/wp-json\/wp\/v2\/users\/2424"}],"replies":[{"embeddable":true,"href":"https:\/\/www.afs.ch\/fr\/wp-json\/wp\/v2\/comments?post=62108"}],"version-history":[{"count":1,"href":"https:\/\/www.afs.ch\/fr\/wp-json\/wp\/v2\/posts\/62108\/revisions"}],"predecessor-version":[{"id":62110,"href":"https:\/\/www.afs.ch\/fr\/wp-json\/wp\/v2\/posts\/62108\/revisions\/62110"}],"wp:featuredmedia":[{"embeddable":true,"href":"https:\/\/www.afs.ch\/fr\/wp-json\/wp\/v2\/media\/62109"}],"wp:attachment":[{"href":"https:\/\/www.afs.ch\/fr\/wp-json\/wp\/v2\/media?parent=62108"}],"wp:term":[{"taxonomy":"category","embeddable":true,"href":"https:\/\/www.afs.ch\/fr\/wp-json\/wp\/v2\/categories?post=62108"},{"taxonomy":"post_tag","embeddable":true,"href":"https:\/\/www.afs.ch\/fr\/wp-json\/wp\/v2\/tags?post=62108"}],"curies":[{"name":"wp","href":"https:\/\/api.w.org\/{rel}","templated":true}]}}