{"id":62111,"date":"2026-04-22T15:08:24","date_gmt":"2026-04-22T14:08:24","guid":{"rendered":"https:\/\/switzerland.afssite.afs.org\/?p=62111"},"modified":"2026-04-22T15:16:59","modified_gmt":"2026-04-22T14:16:59","slug":"sara-dirland","status":"publish","type":"post","link":"https:\/\/www.afs.ch\/fr\/etudiantes-daccueil\/ete-2026\/sara-dirland\/","title":{"rendered":"Sara d&rsquo;Irland"},"content":{"rendered":"<p data-path-to-node=\"2\">Sara se d\u00e9crit comme \u00e9tant tr\u00e8s timide au premier abord, mais elle devient rapidement tr\u00e8s bavarde et joyeuse d\u00e8s qu&rsquo;elle se sent \u00e0 l&rsquo;aise. Elle est \u00e9galement patiente, ind\u00e9pendante et organis\u00e9e. Elle vient d&rsquo;une petite ville rurale en Irlande. Elle s&rsquo;investit beaucoup pour obtenir de bons r\u00e9sultats scolaires ; pour l&rsquo;aider \u00e0 mieux g\u00e9rer son anxi\u00e9t\u00e9 li\u00e9e aux grands \u00e9v\u00e9nements sociaux et \u00e0 ses performances \u00e0 l&rsquo;\u00e9cole, elle prend un traitement quotidien. Elle appr\u00e9cie \u00e9galement d&rsquo;\u00eatre pr\u00e9venue \u00e0 l&rsquo;avance des sorties ou \u00e9v\u00e9nements \u00e0 venir, car cela l&rsquo;aide \u00e0 se pr\u00e9parer mentalement.<\/p>\n<p data-path-to-node=\"3\">Sara adore les animaux, en particulier son chien, et elle est tr\u00e8s soucieuse de l&rsquo;environnement. C\u2019est pourquoi elle est v\u00e9g\u00e9tarienne depuis cinq ans, mais elle s&rsquo;adapte facilement \u00e0 d&rsquo;autres r\u00e9gimes et peut cuisiner ses propres repas s\u00e9par\u00e9ment si besoin. Passionn\u00e9e par les sciences, son objectif \u00e0 long terme est d&rsquo;\u00e9tudier les soins infirmiers v\u00e9t\u00e9rinaires \u00e0 l&rsquo;universit\u00e9. Sa nature serviable et altruiste se manifeste aussi dans sa vie quotidienne, car elle s&rsquo;occupe souvent de ses jeunes cousins.<\/p>\n<p data-path-to-node=\"4\">Sara maintient un mode de vie sain en allant \u00e0 la salle de sport plusieurs fois par semaine et exprime sa cr\u00e9ativit\u00e9 en jouant de la guitare et en \u00e9coutant de la musique. Elle a d\u00e9cid\u00e9 de partir en \u00e9change apr\u00e8s que sa famille a accueilli des \u00e9tudiants AFS pendant huit ans. D\u00e9sireuse de sortir de sa zone de confort, Sara a h\u00e2te d&rsquo;am\u00e9liorer son fran\u00e7ais, de se faire de nouveaux amis et de s&rsquo;immerger dans une nouvelle culture.<figure class=\"wp-image-wrap\"><img loading=\"lazy\" decoding=\"async\" class=\"alignnone size-medium wp-image-62112\" src=\"https:\/\/d22dvihj4pfop3.cloudfront.net\/wp-content\/uploads\/sites\/71\/2026\/04\/22150753\/Sara_NH26-1-488x650.jpg\" alt=\"\" width=\"488\" height=\"650\" \/><\/figure><\/p>\n","protected":false},"excerpt":{"rendered":"<p>Sara se d\u00e9crit comme \u00e9tant tr\u00e8s timide au premier abord, mais elle devient rapidement tr\u00e8s bavarde et joyeuse d\u00e8s qu&rsquo;elle&hellip;<\/p>\n","protected":false},"author":2424,"featured_media":62112,"comment_status":"closed","ping_status":"closed","sticky":false,"template":"","format":"standard","meta":{"footnotes":""},"categories":[911],"tags":[],"class_list":["post-62111","post","type-post","status-publish","format-standard","has-post-thumbnail","hentry","category-ete-2026"],"yoast_head":"<!-- This site is optimized with the Yoast SEO plugin v26.6 - https:\/\/yoast.com\/wordpress\/plugins\/seo\/ -->\n<title>Sara d&#039;Irland - Intercultural Programs<\/title>\n<meta name=\"robots\" content=\"index, follow, max-snippet:-1, max-image-preview:large, max-video-preview:-1\" \/>\n<link rel=\"canonical\" href=\"https:\/\/www.afs.ch\/fr\/etudiantes-daccueil\/ete-2026\/sara-dirland\/\" \/>\n<meta property=\"og:locale\" content=\"fr_FR\" \/>\n<meta property=\"og:type\" content=\"article\" \/>\n<meta property=\"og:title\" content=\"Sara d&#039;Irland - Intercultural Programs\" \/>\n<meta property=\"og:description\" content=\"Sara se d\u00e9crit comme \u00e9tant tr\u00e8s timide au premier abord, mais elle devient rapidement tr\u00e8s bavarde et joyeuse d\u00e8s qu&rsquo;elle&hellip;\" \/>\n<meta property=\"og:url\" content=\"https:\/\/www.afs.ch\/fr\/etudiantes-daccueil\/ete-2026\/sara-dirland\/\" \/>\n<meta property=\"og:site_name\" content=\"Intercultural Programs\" \/>\n<meta property=\"article:publisher\" content=\"https:\/\/www.facebook.com\/afsswitzerland\/\" \/>\n<meta property=\"article:published_time\" content=\"2026-04-22T14:08:24+00:00\" \/>\n<meta property=\"article:modified_time\" content=\"2026-04-22T14:16:59+00:00\" \/>\n<meta property=\"og:image\" content=\"https:\/\/d22dvihj4pfop3.cloudfront.net\/wp-content\/uploads\/sites\/71\/2026\/04\/22150753\/Sara_NH26-1-720x630.jpg\" \/>\n\t<meta property=\"og:image:width\" content=\"720\" \/>\n\t<meta property=\"og:image:height\" content=\"630\" \/>\n\t<meta property=\"og:image:type\" content=\"image\/jpeg\" \/>\n<meta name=\"author\" content=\"leaazevedo\" \/>\n<meta name=\"twitter:card\" content=\"summary_large_image\" \/>\n<meta name=\"twitter:creator\" content=\"@afs_ch\" \/>\n<meta name=\"twitter:site\" content=\"@afs_ch\" \/>\n<meta name=\"twitter:label1\" content=\"Written by\" \/>\n\t<meta name=\"twitter:data1\" content=\"leaazevedo\" \/>\n\t<meta name=\"twitter:label2\" content=\"Est. reading time\" \/>\n\t<meta name=\"twitter:data2\" content=\"2 minutes\" \/>\n<script type=\"application\/ld+json\" class=\"yoast-schema-graph\">{\"@context\":\"https:\/\/schema.org\",\"@graph\":[{\"@type\":\"WebPage\",\"@id\":\"https:\/\/www.afs.ch\/fr\/etudiantes-daccueil\/ete-2026\/sara-dirland\/\",\"url\":\"https:\/\/www.afs.ch\/fr\/etudiantes-daccueil\/ete-2026\/sara-dirland\/\",\"name\":\"Sara d'Irland - Intercultural Programs\",\"isPartOf\":{\"@id\":\"https:\/\/www.afs.ch\/fr\/#website\"},\"primaryImageOfPage\":{\"@id\":\"https:\/\/www.afs.ch\/fr\/etudiantes-daccueil\/ete-2026\/sara-dirland\/#primaryimage\"},\"image\":{\"@id\":\"https:\/\/www.afs.ch\/fr\/etudiantes-daccueil\/ete-2026\/sara-dirland\/#primaryimage\"},\"thumbnailUrl\":\"https:\/\/d22dvihj4pfop3.cloudfront.net\/wp-content\/uploads\/sites\/71\/2026\/04\/22150753\/Sara_NH26-1.jpg\",\"datePublished\":\"2026-04-22T14:08:24+00:00\",\"dateModified\":\"2026-04-22T14:16:59+00:00\",\"author\":{\"@id\":\"https:\/\/www.afs.ch\/fr\/#\/schema\/person\/4f60a7756a6f1a6a68399512de40aa74\"},\"breadcrumb\":{\"@id\":\"https:\/\/www.afs.ch\/fr\/etudiantes-daccueil\/ete-2026\/sara-dirland\/#breadcrumb\"},\"inLanguage\":\"fr-FR\",\"potentialAction\":[{\"@type\":\"ReadAction\",\"target\":[\"https:\/\/www.afs.ch\/fr\/etudiantes-daccueil\/ete-2026\/sara-dirland\/\"]}]},{\"@type\":\"ImageObject\",\"inLanguage\":\"fr-FR\",\"@id\":\"https:\/\/www.afs.ch\/fr\/etudiantes-daccueil\/ete-2026\/sara-dirland\/#primaryimage\",\"url\":\"https:\/\/d22dvihj4pfop3.cloudfront.net\/wp-content\/uploads\/sites\/71\/2026\/04\/22150753\/Sara_NH26-1.jpg\",\"contentUrl\":\"https:\/\/d22dvihj4pfop3.cloudfront.net\/wp-content\/uploads\/sites\/71\/2026\/04\/22150753\/Sara_NH26-1.jpg\",\"width\":720,\"height\":960},{\"@type\":\"BreadcrumbList\",\"@id\":\"https:\/\/www.afs.ch\/fr\/etudiantes-daccueil\/ete-2026\/sara-dirland\/#breadcrumb\",\"itemListElement\":[{\"@type\":\"ListItem\",\"position\":1,\"name\":\"Home\",\"item\":\"https:\/\/switzerland.afssite.afs.org\/fr\/\"},{\"@type\":\"ListItem\",\"position\":2,\"name\":\"Sara d&#8217;Irland\"}]},{\"@type\":\"WebSite\",\"@id\":\"https:\/\/www.afs.ch\/fr\/#website\",\"url\":\"https:\/\/www.afs.ch\/fr\/\",\"name\":\"Interkulturelle Programme\",\"description\":\"Switzerland\",\"potentialAction\":[{\"@type\":\"SearchAction\",\"target\":{\"@type\":\"EntryPoint\",\"urlTemplate\":\"https:\/\/www.afs.ch\/fr\/?s={search_term_string}\"},\"query-input\":{\"@type\":\"PropertyValueSpecification\",\"valueRequired\":true,\"valueName\":\"search_term_string\"}}],\"inLanguage\":\"fr-FR\"},{\"@type\":\"Person\",\"@id\":\"https:\/\/www.afs.ch\/fr\/#\/schema\/person\/4f60a7756a6f1a6a68399512de40aa74\",\"name\":\"leaazevedo\",\"image\":{\"@type\":\"ImageObject\",\"inLanguage\":\"fr-FR\",\"@id\":\"https:\/\/www.afs.ch\/fr\/#\/schema\/person\/image\/\",\"url\":\"https:\/\/secure.gravatar.com\/avatar\/1a93f114639da758131453feddc49643f353a6beff4fa685ea25f22feb90b0ae?s=96&d=mm&r=g\",\"contentUrl\":\"https:\/\/secure.gravatar.com\/avatar\/1a93f114639da758131453feddc49643f353a6beff4fa685ea25f22feb90b0ae?s=96&d=mm&r=g\",\"caption\":\"leaazevedo\"},\"url\":\"https:\/\/www.afs.ch\/fr\/author\/leaazevedo\/\"}]}<\/script>\n<!-- \/ Yoast SEO plugin. -->","yoast_head_json":{"title":"Sara d'Irland - Intercultural Programs","robots":{"index":"index","follow":"follow","max-snippet":"max-snippet:-1","max-image-preview":"max-image-preview:large","max-video-preview":"max-video-preview:-1"},"canonical":"https:\/\/www.afs.ch\/fr\/etudiantes-daccueil\/ete-2026\/sara-dirland\/","og_locale":"fr_FR","og_type":"article","og_title":"Sara d'Irland - Intercultural Programs","og_description":"Sara se d\u00e9crit comme \u00e9tant tr\u00e8s timide au premier abord, mais elle devient rapidement tr\u00e8s bavarde et joyeuse d\u00e8s qu&rsquo;elle&hellip;","og_url":"https:\/\/www.afs.ch\/fr\/etudiantes-daccueil\/ete-2026\/sara-dirland\/","og_site_name":"Intercultural Programs","article_publisher":"https:\/\/www.facebook.com\/afsswitzerland\/","article_published_time":"2026-04-22T14:08:24+00:00","article_modified_time":"2026-04-22T14:16:59+00:00","og_image":[{"width":720,"height":630,"url":"https:\/\/d22dvihj4pfop3.cloudfront.net\/wp-content\/uploads\/sites\/71\/2026\/04\/22150753\/Sara_NH26-1-720x630.jpg","type":"image\/jpeg"}],"author":"leaazevedo","twitter_card":"summary_large_image","twitter_creator":"@afs_ch","twitter_site":"@afs_ch","twitter_misc":{"Written by":"leaazevedo","Est. reading time":"2 minutes"},"schema":{"@context":"https:\/\/schema.org","@graph":[{"@type":"WebPage","@id":"https:\/\/www.afs.ch\/fr\/etudiantes-daccueil\/ete-2026\/sara-dirland\/","url":"https:\/\/www.afs.ch\/fr\/etudiantes-daccueil\/ete-2026\/sara-dirland\/","name":"Sara d'Irland - Intercultural Programs","isPartOf":{"@id":"https:\/\/www.afs.ch\/fr\/#website"},"primaryImageOfPage":{"@id":"https:\/\/www.afs.ch\/fr\/etudiantes-daccueil\/ete-2026\/sara-dirland\/#primaryimage"},"image":{"@id":"https:\/\/www.afs.ch\/fr\/etudiantes-daccueil\/ete-2026\/sara-dirland\/#primaryimage"},"thumbnailUrl":"https:\/\/d22dvihj4pfop3.cloudfront.net\/wp-content\/uploads\/sites\/71\/2026\/04\/22150753\/Sara_NH26-1.jpg","datePublished":"2026-04-22T14:08:24+00:00","dateModified":"2026-04-22T14:16:59+00:00","author":{"@id":"https:\/\/www.afs.ch\/fr\/#\/schema\/person\/4f60a7756a6f1a6a68399512de40aa74"},"breadcrumb":{"@id":"https:\/\/www.afs.ch\/fr\/etudiantes-daccueil\/ete-2026\/sara-dirland\/#breadcrumb"},"inLanguage":"fr-FR","potentialAction":[{"@type":"ReadAction","target":["https:\/\/www.afs.ch\/fr\/etudiantes-daccueil\/ete-2026\/sara-dirland\/"]}]},{"@type":"ImageObject","inLanguage":"fr-FR","@id":"https:\/\/www.afs.ch\/fr\/etudiantes-daccueil\/ete-2026\/sara-dirland\/#primaryimage","url":"https:\/\/d22dvihj4pfop3.cloudfront.net\/wp-content\/uploads\/sites\/71\/2026\/04\/22150753\/Sara_NH26-1.jpg","contentUrl":"https:\/\/d22dvihj4pfop3.cloudfront.net\/wp-content\/uploads\/sites\/71\/2026\/04\/22150753\/Sara_NH26-1.jpg","width":720,"height":960},{"@type":"BreadcrumbList","@id":"https:\/\/www.afs.ch\/fr\/etudiantes-daccueil\/ete-2026\/sara-dirland\/#breadcrumb","itemListElement":[{"@type":"ListItem","position":1,"name":"Home","item":"https:\/\/switzerland.afssite.afs.org\/fr\/"},{"@type":"ListItem","position":2,"name":"Sara d&#8217;Irland"}]},{"@type":"WebSite","@id":"https:\/\/www.afs.ch\/fr\/#website","url":"https:\/\/www.afs.ch\/fr\/","name":"Interkulturelle Programme","description":"Switzerland","potentialAction":[{"@type":"SearchAction","target":{"@type":"EntryPoint","urlTemplate":"https:\/\/www.afs.ch\/fr\/?s={search_term_string}"},"query-input":{"@type":"PropertyValueSpecification","valueRequired":true,"valueName":"search_term_string"}}],"inLanguage":"fr-FR"},{"@type":"Person","@id":"https:\/\/www.afs.ch\/fr\/#\/schema\/person\/4f60a7756a6f1a6a68399512de40aa74","name":"leaazevedo","image":{"@type":"ImageObject","inLanguage":"fr-FR","@id":"https:\/\/www.afs.ch\/fr\/#\/schema\/person\/image\/","url":"https:\/\/secure.gravatar.com\/avatar\/1a93f114639da758131453feddc49643f353a6beff4fa685ea25f22feb90b0ae?s=96&d=mm&r=g","contentUrl":"https:\/\/secure.gravatar.com\/avatar\/1a93f114639da758131453feddc49643f353a6beff4fa685ea25f22feb90b0ae?s=96&d=mm&r=g","caption":"leaazevedo"},"url":"https:\/\/www.afs.ch\/fr\/author\/leaazevedo\/"}]}},"_links":{"self":[{"href":"https:\/\/www.afs.ch\/fr\/wp-json\/wp\/v2\/posts\/62111","targetHints":{"allow":["GET"]}}],"collection":[{"href":"https:\/\/www.afs.ch\/fr\/wp-json\/wp\/v2\/posts"}],"about":[{"href":"https:\/\/www.afs.ch\/fr\/wp-json\/wp\/v2\/types\/post"}],"author":[{"embeddable":true,"href":"https:\/\/www.afs.ch\/fr\/wp-json\/wp\/v2\/users\/2424"}],"replies":[{"embeddable":true,"href":"https:\/\/www.afs.ch\/fr\/wp-json\/wp\/v2\/comments?post=62111"}],"version-history":[{"count":2,"href":"https:\/\/www.afs.ch\/fr\/wp-json\/wp\/v2\/posts\/62111\/revisions"}],"predecessor-version":[{"id":62121,"href":"https:\/\/www.afs.ch\/fr\/wp-json\/wp\/v2\/posts\/62111\/revisions\/62121"}],"wp:featuredmedia":[{"embeddable":true,"href":"https:\/\/www.afs.ch\/fr\/wp-json\/wp\/v2\/media\/62112"}],"wp:attachment":[{"href":"https:\/\/www.afs.ch\/fr\/wp-json\/wp\/v2\/media?parent=62111"}],"wp:term":[{"taxonomy":"category","embeddable":true,"href":"https:\/\/www.afs.ch\/fr\/wp-json\/wp\/v2\/categories?post=62111"},{"taxonomy":"post_tag","embeddable":true,"href":"https:\/\/www.afs.ch\/fr\/wp-json\/wp\/v2\/tags?post=62111"}],"curies":[{"name":"wp","href":"https:\/\/api.w.org\/{rel}","templated":true}]}}